{"id":110520,"date":"2018-11-05T12:23:28","date_gmt":"2018-11-05T11:23:28","guid":{"rendered":"http:\/\/gazdasagportal.hu\/?p=110520"},"modified":"2018-11-05T12:23:28","modified_gmt":"2018-11-05T11:23:28","slug":"csokkennek-a-nemet-gepipar-kulfoldi-megrendelesei","status":"publish","type":"post","link":"https:\/\/gazdasagportal.hu\/index.php\/csokkennek-a-nemet-gepipar-kulfoldi-megrendelesei\/","title":{"rendered":"Cs\u00f6kkennek a n\u00e9met g\u00e9pipar k\u00fclf\u00f6ldi megrendel\u00e9sei"},"content":{"rendered":"<p><strong>A nemzetk\u00f6zi kereskedelmi ellent\u00e9tek elm\u00e9ly\u00fcl\u00e9se f\u00e9kezi a n\u00e9met g\u00e9pipar megrendel\u00e9seinek a n\u00f6veked\u00e9s\u00e9t.<\/strong><!--more--><\/p>\n<div class=\"ads-in-post1\"><div id=\"gazdasagportal.hu_fullbanner_wideboard\"><\/div>\r\n<\/div>\n<p>A n\u00e9met g\u00e9pipari v\u00e1llalatok szakmai k\u00e9pviseleti szervezete, a VDMA (Verband Deutscher Maschinen- und Anlagenbau e.V.) kimutat\u00e1sa szerint az \u00e1gazat megrendel\u00e9sei szeptemberben az egy \u00e9vvel kor\u00e1bbi szinten stagn\u00e1ltak.<br \/>\nA k\u00fclf\u00f6ldi megrendel\u00e9sek \u00e1rkiigaz\u00edt\u00e1ssal (re\u00e1l\u00e9rt\u00e9ken) k\u00e9t sz\u00e1zal\u00e9kkal cs\u00f6kkentek, ezen bel\u00fcl az eur\u00f3\u00f6vezetb\u0151l \u00e9rkez\u0151 megrendel\u00e9sek egy sz\u00e1zal\u00e9kkal, a t\u00f6bbi t\u00e9rs\u00e9gb\u0151l pedig k\u00e9t sz\u00e1zal\u00e9kkal. A belf\u00f6ldi megrendel\u00e9sek \u00e9rt\u00e9ke viszont hat sz\u00e1zal\u00e9kkal n\u0151tt szeptemberben az egy \u00e9vvel kor\u00e1bbihoz k\u00e9pest.<br \/>\nA megrendel\u00e9sek be\u00e9rkez\u00e9s\u00e9nek az \u00fcteme egy\u00e9rtelm\u0171 lassul\u00e1st mutat, hiszen a j\u00falius-szeptemberi h\u00e1rom h\u00f3napban 3 sz\u00e1zal\u00e9kkal n\u0151tt \u00e9ves b\u00e1zison, janu\u00e1rt\u00f3l szeptemberig pedig m\u00e9g hat sz\u00e1zal\u00e9kkal.<br \/>\n<div class=\"ads-in-post2\"><script async src=\"https:\/\/pagead2.googlesyndication.com\/pagead\/js\/adsbygoogle.js\"><\/script>\r\n<ins class=\"adsbygoogle\"\r\n     style=\"display:block\"\r\n     data-ad-format=\"fluid\"\r\n     data-ad-layout-key=\"-6t+ed+2i-1n-4w\"\r\n     data-ad-client=\"ca-pub-1959107119989764\"\r\n     data-ad-slot=\"4008251320\"><\/ins>\r\n<script>\r\n     (adsbygoogle = window.adsbygoogle || []).push({});\r\n<\/script><\/div>\n&#8222;A n\u00e9met g\u00e9pipari v\u00e1llalatok meg\u00e9rezt\u00e9k a geopolitikai konfliktusok, kereskedelmi vit\u00e1k, kereskedelmi szankci\u00f3k \u00e9s protekcionista int\u00e9zked\u00e9sek \u00fcgyfeleikre gyakorolt elbizonytalan\u00edt\u00f3 hat\u00e1s\u00e1t&#8221; &#8211; foglalta \u00f6ssze a felm\u00e9r\u00e9s meg\u00e1llap\u00edt\u00e1sait Ralph Wiechers, a VDMA vezet\u0151 k\u00f6zgazd\u00e1sza.<br \/>\n<a title=\"Hely megnyit\u00e1sa\" href=\"https:\/\/www.vdma.org\/v2viewer\/-\/v2article\/render\/27025794\" target=\"_blank\" rel=\"noopener noreferrer\">https:\/\/www.vdma.org\/v2viewer\/-\/v2article\/render\/27025794<\/a><\/p>\n<p>&nbsp;<br \/>\n(MTI)<\/p><div id=\"gazda-3563821851\" class=\"gazda-tartalomban gazda-entity-placement\"><script async src=\"https:\/\/pagead2.googlesyndication.com\/pagead\/js\/adsbygoogle.js\"><\/script>\r\n<ins class=\"adsbygoogle\"\r\n     style=\"display:block\"\r\n     data-ad-format=\"fluid\"\r\n     data-ad-layout-key=\"-6t+ed+2i-1n-4w\"\r\n     data-ad-client=\"ca-pub-1959107119989764\"\r\n     data-ad-slot=\"4008251320\"><\/ins>\r\n<script>\r\n     (adsbygoogle = window.adsbygoogle || []).push({});\r\n<\/script><\/div>\n","protected":false},"excerpt":{"rendered":"<p>A nemzetk\u00f6zi kereskedelmi ellent\u00e9tek elm\u00e9ly\u00fcl\u00e9se f\u00e9kezi a n\u00e9met g\u00e9pipar megrendel\u00e9seinek a n\u00f6veked\u00e9s\u00e9t.<\/p>\n","protected":false},"author":1,"featured_media":0,"comment_status":"closed","ping_status":"open","sticky":false,"template":"","format":"standard","meta":[],"categories":[246],"tags":[],"_links":{"self":[{"href":"https:\/\/gazdasagportal.hu\/index.php\/wp-json\/wp\/v2\/posts\/110520"}],"collection":[{"href":"https:\/\/gazdasagportal.hu\/index.php\/wp-json\/wp\/v2\/posts"}],"about":[{"href":"https:\/\/gazdasagportal.hu\/index.php\/wp-json\/wp\/v2\/types\/post"}],"author":[{"embeddable":true,"href":"https:\/\/gazdasagportal.hu\/index.php\/wp-json\/wp\/v2\/users\/1"}],"replies":[{"embeddable":true,"href":"https:\/\/gazdasagportal.hu\/index.php\/wp-json\/wp\/v2\/comments?post=110520"}],"version-history":[{"count":1,"href":"https:\/\/gazdasagportal.hu\/index.php\/wp-json\/wp\/v2\/posts\/110520\/revisions"}],"predecessor-version":[{"id":110521,"href":"https:\/\/gazdasagportal.hu\/index.php\/wp-json\/wp\/v2\/posts\/110520\/revisions\/110521"}],"wp:attachment":[{"href":"https:\/\/gazdasagportal.hu\/index.php\/wp-json\/wp\/v2\/media?parent=110520"}],"wp:term":[{"taxonomy":"category","embeddable":true,"href":"https:\/\/gazdasagportal.hu\/index.php\/wp-json\/wp\/v2\/categories?post=110520"},{"taxonomy":"post_tag","embeddable":true,"href":"https:\/\/gazdasagportal.hu\/index.php\/wp-json\/wp\/v2\/tags?post=110520"}],"curies":[{"name":"wp","href":"https:\/\/api.w.org\/{rel}","templated":true}]}}