{"id":110501,"date":"2018-11-04T16:38:01","date_gmt":"2018-11-04T15:38:01","guid":{"rendered":"http:\/\/gazdasagportal.hu\/?p=110501"},"modified":"2018-11-04T12:09:01","modified_gmt":"2018-11-04T11:09:01","slug":"heti-makronaptar-inflacios-es-allamhaztartasi-adatok-jonnek","status":"publish","type":"post","link":"https:\/\/gazdasagportal.hu\/index.php\/heti-makronaptar-inflacios-es-allamhaztartasi-adatok-jonnek\/","title":{"rendered":"Heti makronapt\u00e1r &#8211; Infl\u00e1ci\u00f3s \u00e9s \u00e1llamh\u00e1ztart\u00e1si adatok j\u00f6nnek"},"content":{"rendered":"<p><strong>A j\u00f6v\u0151 h\u00e9t makronapt\u00e1r\u00e1nak legfontosabb esem\u00e9nye az okt\u00f3beri infl\u00e1ci\u00f3s adat \u00e9s az \u00e1llamh\u00e1ztart\u00e1s okt\u00f3ber v\u00e9gi helyzet\u00e9nek ismertet\u00e9se lesz, emellett k\u00fclkereskedelmi, lak\u00e1s\u00e9p\u00edt\u00e9si, kiskereskedelmi, ipari \u00e9s a kereskedelmi sz\u00e1ll\u00e1shelyek forgalm\u00e1ra vonatkoz\u00f3 statisztik\u00e1k is megjelennek.<\/strong><!--more--><\/p>\n<div class=\"ads-in-post1\"><div id=\"gazdasagportal.hu_fullbanner_wideboard\"><\/div>\r\n<\/div>\n<p>    H\u00e9tf\u0151n k\u00f6zli a k\u00fclkereskedelmi term\u00e9kforgalom augusztusi r\u00e9szletes adatait m\u00e1sodik becsl\u00e9se alapj\u00e1n a K\u00f6zponti Statisztikai Hivatal (KSH). Az okt\u00f3ber 9-\u00e9n kiadott els\u0151 becsl\u00e9s szerint id\u00e9n augusztusban az export eur\u00f3ban sz\u00e1m\u00edtott \u00e9rt\u00e9ke alig 0,9 sz\u00e1zal\u00e9kkal n\u0151tt az egy \u00e9vvel kor\u00e1bbihoz viszony\u00edtva a j\u00faliusi 11,4 sz\u00e1zal\u00e9kos kiugr\u00f3 teljes\u00edtm\u00e9nyt k\u00f6vet\u0151en. Az import 6,1 sz\u00e1zal\u00e9kkal emelkedett az el\u0151z\u0151 havi 10,8 sz\u00e1zal\u00e9kos n\u00f6veked\u00e9s ut\u00e1n. A havi k\u00fclkereskedelmi t\u00f6bblet az elemz\u0151k v\u00e1rakoz\u00e1s\u00e1t\u00f3l l\u00e9nyegesen elmaradva mind\u00f6ssze 51 milli\u00f3 eur\u00f3 volt, 381 milli\u00f3 eur\u00f3val kevesebb a tavaly augusztusin\u00e1l.<br \/>\n    Szint\u00e9n a j\u00f6v\u0151 h\u00e9ten, p\u00e9nteken jelennek meg a k\u00fclkereskedelmi term\u00e9kforgalom szeptemberi adatai a KSH els\u0151 becsl\u00e9se alapj\u00e1n.<br \/>\n    Kedden teszi k\u00f6zz\u00e9 a lak\u00e1s\u00e9p\u00edt\u00e9sek \u00e9s \u00e9p\u00edt\u00e9si enged\u00e9lyek els\u0151 h\u00e1rom negyed\u00e9vi adatait a KSH. Az els\u0151 f\u00e9l \u00e9vben 6517 \u00faj lak\u00e1s \u00e9p\u00fclt, 30,2 sz\u00e1zal\u00e9kkal t\u00f6bb, mint egy \u00e9vvel kor\u00e1bban. A kiadott \u00e9p\u00edt\u00e9si enged\u00e9lyek \u00e9s egyszer\u0171 bejelent\u00e9sek alapj\u00e1n \u00e9p\u00edtend\u0151 lak\u00e1sok sz\u00e1ma 18 066 volt, 8,9 sz\u00e1zal\u00e9kkal kevesebb, mint 2017 azonos id\u0151szak\u00e1ban.<br \/>\n<div class=\"ads-in-post2\"><script async src=\"https:\/\/pagead2.googlesyndication.com\/pagead\/js\/adsbygoogle.js\"><\/script>\r\n<ins class=\"adsbygoogle\"\r\n     style=\"display:block\"\r\n     data-ad-format=\"fluid\"\r\n     data-ad-layout-key=\"-6t+ed+2i-1n-4w\"\r\n     data-ad-client=\"ca-pub-1959107119989764\"\r\n     data-ad-slot=\"4008251320\"><\/ins>\r\n<script>\r\n     (adsbygoogle = window.adsbygoogle || []).push({});\r\n<\/script><\/div>\n    Szerd\u00e1n ismerteti a kiskereskedelem szeptemberi adatait els\u0151 becsl\u00e9se alapj\u00e1n a KSH. Augusztusban a kiskereskedelmi forgalom volumene a nyers adat szerint 6,3 sz\u00e1zal\u00e9kkal, napt\u00e1rhat\u00e1st\u00f3l megtiszt\u00edtva 6,8 sz\u00e1zal\u00e9kkal haladta meg az el\u0151z\u0151 \u00e9v azonos id\u0151szakit. A janu\u00e1r-augusztusi id\u0151szakban a forgalom volumene &#8211; szint\u00e9n napt\u00e1rhat\u00e1st\u00f3l megtiszt\u00edtott adatok szerint &#8211; 6,7 sz\u00e1zal\u00e9kkal n\u0151tt az el\u0151z\u0151 \u00e9v azonos id\u0151szak\u00e1hoz k\u00e9pest.<br \/>\n    Cs\u00fct\u00f6rt\u00f6k\u00f6n hozza nyilv\u00e1noss\u00e1gra a szeptemberi ipari termel\u00e9si adatokat els\u0151 becsl\u00e9se alapj\u00e1n a KSH. Augusztusban 1,5 sz\u00e1zal\u00e9kkal n\u0151tt az ipari termel\u00e9s volumene az egy \u00e9vvel kor\u00e1bbihoz k\u00e9pest, a munkanaphat\u00e1st\u00f3l megtiszt\u00edtott adatok alapj\u00e1n 4,5 sz\u00e1zal\u00e9kkal emelkedett a KSH m\u00e1sodik becsl\u00e9se szerint.<br \/>\n    Cs\u00fct\u00f6rt\u00f6k\u00f6n publik\u00e1lja az okt\u00f3beri fogyaszt\u00f3i \u00e1rindexet is a KSH. Szeptemberben a fogyaszt\u00f3i \u00e1rak \u00e1tlagosan 3,6 sz\u00e1zal\u00e9kkal magasabbak voltak az egy \u00e9vvel kor\u00e1bbin\u00e1l, augusztushoz viszony\u00edtva \u00e1tlagosan 0,3 sz\u00e1zal\u00e9kkal n\u0151ttek. Az \u00e9v els\u0151 kilenc h\u00f3napj\u00e1ban 2,7 sz\u00e1zal\u00e9kos infl\u00e1ci\u00f3t m\u00e9rt a KSH.<br \/>\n    P\u00e9nteken ismerteti a kereskedelmi sz\u00e1ll\u00e1shelyek szeptemberi forgalmi adatait a KSH. Augusztusban a k\u00fclf\u00f6ldi vend\u00e9gek sz\u00e1ma 2,7 sz\u00e1zal\u00e9kkal emelkedett, az \u00e1ltaluk elt\u00f6lt\u00f6tt vend\u00e9g\u00e9jszak\u00e1k sz\u00e1ma viszont 0,2 sz\u00e1zal\u00e9kkal cs\u00f6kkent. A belf\u00f6ldi vend\u00e9gek sz\u00e1ma 5,6 sz\u00e1zal\u00e9kkal, a vend\u00e9g\u00e9jszak\u00e1k sz\u00e1ma 5,7 sz\u00e1zal\u00e9kkal n\u0151tt \u00e9ves szinten. A kereskedelmi sz\u00e1ll\u00e1shelyek brutt\u00f3 \u00e1rbev\u00e9tele augusztusban 63,261 milli\u00e1rd forintot tett ki, \u00e9ves szinten 12,2 sz\u00e1zal\u00e9kkal emelkedett.<br \/>\n    P\u00e9nteken k\u00f6zli az \u00e1llamh\u00e1ztart\u00e1s k\u00f6zponti alrendszer\u00e9nek els\u0151 t\u00edz havi el\u0151zetes adatait a P\u00e9nz\u00fcgyminiszt\u00e9rium (PM). Szeptemberben az \u00e1llamh\u00e1ztart\u00e1s k\u00f6zponti alrendszere &#8211; a k\u00f6zponti k\u00f6lts\u00e9gvet\u00e9s, a t\u00e1rsadalombiztos\u00edt\u00e1si alapok \u00e9s az elk\u00fcl\u00f6n\u00edtett \u00e1llami p\u00e9nzalapok egy\u00fctt &#8211; 149,8 milli\u00e1rd forint t\u00f6bbletet \u00e9rt el, az idei els\u0151 kilenc h\u00f3napban pedig 1496,5 milli\u00e1rd forint deficittel z\u00e1rt. Az idei els\u0151 kilenc h\u00f3napban az eg\u00e9sz \u00e9vre el\u0151ir\u00e1nyzott hi\u00e1ny 110 sz\u00e1zal\u00e9ka teljes\u00fclt.(MTI)<\/p>\n","protected":false},"excerpt":{"rendered":"<p>A j\u00f6v\u0151 h\u00e9t makronapt\u00e1r\u00e1nak legfontosabb esem\u00e9nye az okt\u00f3beri infl\u00e1ci\u00f3s adat \u00e9s az \u00e1llamh\u00e1ztart\u00e1s okt\u00f3ber v\u00e9gi helyzet\u00e9nek ismertet\u00e9se lesz, emellett k\u00fclkereskedelmi, lak\u00e1s\u00e9p\u00edt\u00e9si, kiskereskedelmi, ipari \u00e9s a kereskedelmi sz\u00e1ll\u00e1shelyek forgalm\u00e1ra vonatkoz\u00f3 statisztik\u00e1k is megjelennek.<\/p>\n","protected":false},"author":1,"featured_media":0,"comment_status":"closed","ping_status":"open","sticky":false,"template":"","format":"standard","meta":[],"categories":[19],"tags":[],"_links":{"self":[{"href":"https:\/\/gazdasagportal.hu\/index.php\/wp-json\/wp\/v2\/posts\/110501"}],"collection":[{"href":"https:\/\/gazdasagportal.hu\/index.php\/wp-json\/wp\/v2\/posts"}],"about":[{"href":"https:\/\/gazdasagportal.hu\/index.php\/wp-json\/wp\/v2\/types\/post"}],"author":[{"embeddable":true,"href":"https:\/\/gazdasagportal.hu\/index.php\/wp-json\/wp\/v2\/users\/1"}],"replies":[{"embeddable":true,"href":"https:\/\/gazdasagportal.hu\/index.php\/wp-json\/wp\/v2\/comments?post=110501"}],"version-history":[{"count":1,"href":"https:\/\/gazdasagportal.hu\/index.php\/wp-json\/wp\/v2\/posts\/110501\/revisions"}],"predecessor-version":[{"id":110502,"href":"https:\/\/gazdasagportal.hu\/index.php\/wp-json\/wp\/v2\/posts\/110501\/revisions\/110502"}],"wp:attachment":[{"href":"https:\/\/gazdasagportal.hu\/index.php\/wp-json\/wp\/v2\/media?parent=110501"}],"wp:term":[{"taxonomy":"category","embeddable":true,"href":"https:\/\/gazdasagportal.hu\/index.php\/wp-json\/wp\/v2\/categories?post=110501"},{"taxonomy":"post_tag","embeddable":true,"href":"https:\/\/gazdasagportal.hu\/index.php\/wp-json\/wp\/v2\/tags?post=110501"}],"curies":[{"name":"wp","href":"https:\/\/api.w.org\/{rel}","templated":true}]}}