{"id":110460,"date":"2018-11-01T15:15:40","date_gmt":"2018-11-01T14:15:40","guid":{"rendered":"http:\/\/gazdasagportal.hu\/?p=110460"},"modified":"2018-11-01T15:15:40","modified_gmt":"2018-11-01T14:15:40","slug":"ebrd-a-vartnal-jobban-teljesitenek-a-kozep-europai-eu-gazdasagok","status":"publish","type":"post","link":"https:\/\/gazdasagportal.hu\/index.php\/ebrd-a-vartnal-jobban-teljesitenek-a-kozep-europai-eu-gazdasagok\/","title":{"rendered":"EBRD: a v\u00e1rtn\u00e1l jobban teljes\u00edtenek a k\u00f6z\u00e9p-eur\u00f3pai EU-gazdas\u00e1gok"},"content":{"rendered":"<p><strong>Jav\u00edtotta a k\u00f6z\u00e9p- \u00e9s kelet-eur\u00f3pai EU-gazdas\u00e1gok, k\u00f6zt\u00fck a magyar gazdas\u00e1g idei \u00e9s j\u00f6v\u0151 \u00e9vi n\u00f6veked\u00e9si \u00fctem\u00e9re adott el\u0151rejelz\u00e9seit \u00e1tfog\u00f3 \u0151szi progn\u00f3zis\u00e1ban az Eur\u00f3pai \u00dajj\u00e1\u00e9p\u00edt\u00e9si \u00e9s Fejleszt\u00e9si Bank (EBRD), hangs\u00falyozva ugyanakkor, hogy tev\u00e9kenys\u00e9gi ter\u00fclet\u00e9nek n\u00f6veked\u00e9si kil\u00e1t\u00e1sait t\u00f6bb kock\u00e1zat is terheli, k\u00f6zt\u00fck a brit EU-tags\u00e1g megsz\u0171n\u00e9s\u00e9nek (Brexit) potenci\u00e1lis kereskedelmi hat\u00e1sai. Az \u00faj progn\u00f3zist a bank cs\u00fct\u00f6rt\u00f6k\u00f6n ismertette londoni sz\u00e9khely\u00e9n.<\/strong><!--more--><\/p>\n<div class=\"ads-in-post1\"><div id=\"gazdasagportal.hu_fullbanner_wideboard\"><\/div>\r\n<\/div>\n<p>    A k\u00f6z\u00e9p- \u00e9s kelet-eur\u00f3pai gazdas\u00e1gok, valamint az egykori szovjet t\u00e9rs\u00e9g \u00e1talakul\u00e1s\u00e1nak finansz\u00edroz\u00e1s\u00e1ra 1991-ben alap\u00edtott p\u00e9nzint\u00e9zet a magyar gazdas\u00e1gban az id\u00e9n 4,3 sz\u00e1zal\u00e9kos, 2019-ben 3,3 sz\u00e1zal\u00e9kos n\u00f6veked\u00e9ssel sz\u00e1mol.<br \/>\n    A p\u00e9nzint\u00e9zet jelent\u0151sen, 0,5, illetve 0,3 sz\u00e1zal\u00e9kponttal jav\u00edtotta a magyar hazai \u00f6sszterm\u00e9k (GDP) idei \u00e9s j\u00f6v\u0151 \u00e9vi n\u00f6veked\u00e9si \u00fctem\u00e9re adott becsl\u00e9s\u00e9t az el\u0151z\u0151, m\u00e1jusban kiadott el\u0151rejelz\u00e9s\u00e9hez k\u00e9pest.<br \/>\n    Az EBRD a k\u00f6z\u00e9p-eur\u00f3pai \u00e9s a balti EU-t\u00e9rs\u00e9g eg\u00e9sz\u00e9ben az id\u00e9n 4,3, j\u00f6v\u0151re 3,5 sz\u00e1zal\u00e9kos n\u00f6veked\u00e9st v\u00e1r, 0,5, illetve 0,2 sz\u00e1zal\u00e9kponttal jav\u00edtva m\u00e1jusi progn\u00f3zis\u00e1t.<br \/>\n    Kiterjesztett tev\u00e9kenys\u00e9gi ter\u00fclet\u00e9nek eg\u00e9sz\u00e9ben &#8211; amelybe \u00f6t arab gazdas\u00e1g is beletartozik &#8211; a bank 3,1, illetve 3 sz\u00e1zal\u00e9kos \u00e1tlagos n\u00f6veked\u00e9st v\u00e1r 2018-ban \u00e9s 2019-ben. Az idei \u00e9vre sz\u00f3l\u00f3 t\u00e9rs\u00e9gi n\u00f6veked\u00e9si el\u0151rejelz\u00e9st az EBRD 0,1 sz\u00e1zal\u00e9kponttal jav\u00edtotta, a j\u00f6v\u0151 \u00e9vi progn\u00f3zist nem m\u00f3dos\u00edtotta.<br \/>\n    T\u00f6r\u00f6korsz\u00e1ggal egy\u00fctt sz\u00e1molva az EBRD teljes m\u0171k\u00f6d\u00e9si t\u00e9rs\u00e9g\u00e9nek n\u00f6veked\u00e9si \u00e1tlaga az id\u00e9n 3,2 sz\u00e1zal\u00e9k, j\u00f6v\u0151re 2,6 sz\u00e1zal\u00e9k lesz a cs\u00fct\u00f6rt\u00f6ki progn\u00f3zis szerint, 0,1, illetve 0,6 sz\u00e1zal\u00e9kponttal gyeng\u00e9bb a m\u00e1jusi el\u0151rejelz\u00e9sben szerepl\u0151 v\u00e1rakoz\u00e1sn\u00e1l.<br \/>\n    Az EBRD a t\u00f6r\u00f6k gazdas\u00e1g teljes\u00edtm\u00e9ny\u00e9t ez\u00fattal kivette a r\u00e9gi\u00f3s n\u00f6veked\u00e9si \u00e1tlagb\u00f3l, tekintettel az elm\u00falt h\u00f3napok t\u00f6r\u00f6korsz\u00e1gi gazdas\u00e1gi felfordul\u00e1sa okozta meredek, lefel\u00e9 mutat\u00f3 korrekci\u00f3kra. T\u00f6r\u00f6korsz\u00e1gban az EBRD az id\u00e9n 3,6, 2019-ben 1 sz\u00e1zal\u00e9kos gazdas\u00e1gi n\u00f6veked\u00e9st v\u00e1r, 0,8, illetve 3,2 sz\u00e1zal\u00e9kponttal lassabbat a m\u00e1jusi progn\u00f3zisban szerepl\u0151 becsl\u00e9sn\u00e9l.<br \/>\n    A bank hangs\u00falyozza, hogy a t\u00f6r\u00f6k l\u00edra janu\u00e1r \u00f3ta 36 sz\u00e1zal\u00e9kkal gyeng\u00fclt, els\u0151sorban a befektet\u0151k k\u00f6r\u00e9ben kialakult bizalmi v\u00e1ls\u00e1g miatt, amely a t\u00f6r\u00f6k gazdas\u00e1gpolitik\u00e1val, illetve a geopolitikai kock\u00e1zatokkal kapcsolatos piaci agg\u00e1lyokat t\u00fckr\u00f6zi.<br \/>\n    Az EBRD szerint ugyanakkor &#8222;nagyon korl\u00e1tozott&#8221; annak  kock\u00e1zata, hogy a t\u00f6r\u00f6k gazdas\u00e1g lassul\u00e1s\u00e1nak hat\u00e1sai \u00e1tsz\u0171r\u0151dnek a m\u0171k\u00f6d\u00e9si t\u00e9rs\u00e9g m\u00e1s gazdas\u00e1gaiba, tekintettel a m\u00e9rs\u00e9kelt kereskedelmi \u00e9s befektet\u00e9si kapcsolatokra.<br \/>\n<div class=\"ads-in-post2\"><script async src=\"https:\/\/pagead2.googlesyndication.com\/pagead\/js\/adsbygoogle.js\"><\/script>\r\n<ins class=\"adsbygoogle\"\r\n     style=\"display:block\"\r\n     data-ad-format=\"fluid\"\r\n     data-ad-layout-key=\"-6t+ed+2i-1n-4w\"\r\n     data-ad-client=\"ca-pub-1959107119989764\"\r\n     data-ad-slot=\"4008251320\"><\/ins>\r\n<script>\r\n     (adsbygoogle = window.adsbygoogle || []).push({});\r\n<\/script><\/div>\n    A bank kiemeli, hogy a T\u00f6r\u00f6korsz\u00e1gba ir\u00e1nyul\u00f3 magyar k\u00e9szterm\u00e9k-export \u00e9rt\u00e9ke a magyar hazai \u00f6sszterm\u00e9k 1,4 sz\u00e1zal\u00e9k\u00e1nak felel meg, de m\u00e9g Bulg\u00e1ria eset\u00e9ben sem haladja meg a 2 sz\u00e1zal\u00e9kot.<br \/>\n    Az EBRD sz\u00e1m\u00edt\u00e1sai szerint a magyar gazdas\u00e1g az  \u00e9v els\u0151 fel\u00e9ben 4,7 sz\u00e1zal\u00e9kkal n\u00f6vekedett, a folyamatosan er\u0151teljes hazai kereslet, valamint a beruh\u00e1z\u00e1si \u00e9rt\u00e9k k\u00e9tsz\u00e1mjegy\u0171 sz\u00e1zal\u00e9kos n\u00f6veked\u00e9s\u00e9nek hat\u00e1s\u00e1ra.<br \/>\n    Az er\u0151s exportteljes\u00edtm\u00e9ny ellen\u00e9re a k\u00fclkereskedelem nett\u00f3 n\u00f6veked\u00e9si hozz\u00e1j\u00e1rul\u00e1sa azonban negat\u00edv volt, \u00e9ppen a beruh\u00e1z\u00e1sok \u00e9l\u00e9nk\u00fcl\u00e9s\u00e9vel j\u00e1r\u00f3 jelent\u0151s importn\u00f6vekm\u00e9ny miatt.<br \/>\n    Az EBRD hangs\u00falyozza ugyanakkor, hogy a mag\u00e1nszektorbeli hitelki\u00e1raml\u00e1s csaknem nyolc \u00e9vig tart\u00f3 visszaes\u00e9s ut\u00e1n, 2017 k\u00f6zepe \u00f3ta n\u00f6vekszik. A v\u00e1llalati szektor hitelell\u00e1t\u00e1sa az idei els\u0151 f\u00e9l \u00e9vben &#8222;eg\u00e9szs\u00e9ges&#8221;, 10 sz\u00e1zal\u00e9kos \u00fctemben n\u0151tt \u00e9ves \u00f6sszevet\u00e9sben, \u00e9s a lakoss\u00e1gi hitelfelv\u00e9tel is n\u0151tt, b\u00e1r mind\u00f6ssze 1 sz\u00e1zal\u00e9kkal.<br \/>\n    A magyar gazdas\u00e1gban kor\u00e1bban kialakult negat\u00edv kibocs\u00e1t\u00e1si r\u00e9s m\u00e1ra teljesen bez\u00e1rult, \u00e9s a GDP-n\u00f6veked\u00e9si \u00fctem v\u00e1rhat\u00f3an tov\u00e1bbra is a potenci\u00e1l felett marad &#8211; j\u00f3solja cs\u00fct\u00f6rt\u00f6ki el\u0151rejelz\u00e9s\u00e9ben az EBRD.<br \/>\n    A bank v\u00e1rakoz\u00e1sa szerint a mag\u00e1nszektor hitelell\u00e1t\u00e1s\u00e1nak b\u0151v\u00fcl\u00e9se m\u00e9g tov\u00e1bb \u00e9l\u00e9nk\u00edti a beruh\u00e1z\u00e1si aktivit\u00e1st a bel\u00e1that\u00f3 el\u0151rejelz\u00e9si id\u0151szakban, \u00e9s a h\u00e1ztart\u00e1sok fogyaszt\u00e1sa is v\u00e1rhat\u00f3an er\u0151teljes marad.<br \/>\n    A magyar gazdas\u00e1g &#8211; mindenekel\u0151tt a magyar aut\u00f3ipar &#8211; kil\u00e1t\u00e1saira a sz\u0171k\u00fcl\u0151 munkaer\u0151-k\u00edn\u00e1lat \u00e9s az esetleges vil\u00e1gkereskedelmi felfordul\u00e1s jelenti a f\u0151 kock\u00e1zatot, \u00e9s b\u00e1r a k\u00f6zmunka-programok fokozatos le\u00e9p\u00edt\u00e9se v\u00e1rhat\u00f3an t\u00f6bb munkav\u00e1llal\u00f3t terel \u00e1t a mag\u00e1nszektorba, m\u00e9g akt\u00edvabb munkapiaci szakpolitikai l\u00e9p\u00e9sekre lenne azonban sz\u00fcks\u00e9g ahhoz, hogy t\u00f6bb fogyat\u00e9kkal \u00e9l\u0151, roma, illetve id\u0151sebb ember tudjon ism\u00e9t munk\u00e1t v\u00e1llalni &#8211; \u00e1ll azt EBRD cs\u00fct\u00f6rt\u00f6ki jelent\u00e9s\u00e9ben.<br \/>\n    A magyar gazdas\u00e1g n\u00f6veked\u00e9si kil\u00e1t\u00e1sait m\u00e1s nagy londoni h\u00e1zak is der\u0171l\u00e1t\u00f3an \u00edt\u00e9lik meg.<br \/>\n    A Morgan Stanley glob\u00e1lis p\u00e9nz\u00fcgyi szolg\u00e1ltat\u00f3 csoport londoni befektet\u00e9si r\u00e9szleg\u00e9nek eur\u00f3pai felt\u00f6rekv\u0151 piacokkal foglalkoz\u00f3 elemz\u0151st\u00e1bja legut\u00f3bbi el\u0151rejelz\u00e9s\u00e9ben az idei \u00e9vre 4,4 sz\u00e1zal\u00e9kos, j\u00f6v\u0151re 3,7 sz\u00e1zal\u00e9kos &#8211; vagyis az EBRD v\u00e1rakoz\u00e1s\u00e1t meghalad\u00f3 &#8211; n\u00f6veked\u00e9st j\u00f3solt a magyar gazdas\u00e1gban.<br \/>\n    Ezek is jav\u00edtott adatok: a Morgan Stanley kor\u00e1bbi progn\u00f3zisaiban 3,9 sz\u00e1zal\u00e9kos, illetve 3,3 sz\u00e1zal\u00e9kos magyarorsz\u00e1gi GDP-n\u00f6veked\u00e9s szerepelt erre a k\u00e9t \u00e9vre, de az er\u0151teljes m\u00e1sodik negyed\u00e9vi adatok nyom\u00e1n a h\u00e1z nemr\u00e9giben emelte n\u00f6veked\u00e9si becsl\u00e9seit.<br \/>\n    A cs\u00fct\u00f6rt\u00f6ki EBRD-jelent\u00e9s kiemeli a meg\u00e1llapod\u00e1s n\u00e9lk\u00fcli Brexitet a bank m\u0171k\u00f6d\u00e9si t\u00e9rs\u00e9g\u00e9nek n\u00f6veked\u00e9si kil\u00e1t\u00e1sait terhel\u0151 f\u0151 kock\u00e1zatok k\u00f6z\u00fcl.<br \/>\n    A bank sz\u00e1m\u00edt\u00e1sai szerint a Nagy-Britanni\u00e1ba ir\u00e1nyul\u00f3 szlov\u00e1k \u00e9s magyar export hozz\u00e1adott\u00e9rt\u00e9k-tartalma a k\u00e9t orsz\u00e1g GDP-\u00e9rt\u00e9k\u00e9nek 1,5-3 sz\u00e1zal\u00e9ka k\u00f6z\u00f6tt van.<br \/>\n    Az EBRD szerint k\u00f6zvetett hat\u00e1sk\u00e9nt jelentkezhet az is, ha a fejlett eur\u00f3pai gazdas\u00e1gok nagy-britanniai exportja visszaesik, mivel ez az EBRD-t\u00e9rs\u00e9g f\u00e9lk\u00e9szterm\u00e9k-exportja ir\u00e1nti keresletet is \u00e9rintheti.<br \/>\n    A bank szerint hacsak a t\u00f6bbi EU-tagorsz\u00e1g nem n\u00f6veli hozz\u00e1j\u00e1rul\u00e1s\u00e1t az EU k\u00f6lts\u00e9gvet\u00e9s\u00e9hez, a k\u00f6z\u00e9p- \u00e9s d\u00e9lkelet-eur\u00f3pai orsz\u00e1goknak foly\u00f3s\u00edthat\u00f3 struktur\u00e1lis \u00e9s koh\u00e9zi\u00f3s EU-t\u00e1mogat\u00e1sok 10-15 sz\u00e1zal\u00e9kkal visszaeshetnek Nagy-Britannia kil\u00e9p\u00e9se miatt.(MTI)<\/p>\n","protected":false},"excerpt":{"rendered":"<p>Jav\u00edtotta a k\u00f6z\u00e9p- \u00e9s kelet-eur\u00f3pai EU-gazdas\u00e1gok, k\u00f6zt\u00fck a magyar gazdas\u00e1g idei \u00e9s j\u00f6v\u0151 \u00e9vi n\u00f6veked\u00e9si \u00fctem\u00e9re adott el\u0151rejelz\u00e9seit \u00e1tfog\u00f3 \u0151szi progn\u00f3zis\u00e1ban az Eur\u00f3pai \u00dajj\u00e1\u00e9p\u00edt\u00e9si \u00e9s Fejleszt\u00e9si Bank (EBRD), hangs\u00falyozva ugyanakkor, hogy tev\u00e9kenys\u00e9gi ter\u00fclet\u00e9nek n\u00f6veked\u00e9si kil\u00e1t\u00e1sait t\u00f6bb kock\u00e1zat is terheli, k\u00f6zt\u00fck a brit EU-tags\u00e1g megsz\u0171n\u00e9s\u00e9nek (Brexit) potenci\u00e1lis kereskedelmi hat\u00e1sai. Az \u00faj progn\u00f3zist a bank cs\u00fct\u00f6rt\u00f6k\u00f6n ismertette &#8230;<\/p>\n","protected":false},"author":1,"featured_media":0,"comment_status":"closed","ping_status":"open","sticky":false,"template":"","format":"standard","meta":[],"categories":[4,19,246],"tags":[],"_links":{"self":[{"href":"https:\/\/gazdasagportal.hu\/index.php\/wp-json\/wp\/v2\/posts\/110460"}],"collection":[{"href":"https:\/\/gazdasagportal.hu\/index.php\/wp-json\/wp\/v2\/posts"}],"about":[{"href":"https:\/\/gazdasagportal.hu\/index.php\/wp-json\/wp\/v2\/types\/post"}],"author":[{"embeddable":true,"href":"https:\/\/gazdasagportal.hu\/index.php\/wp-json\/wp\/v2\/users\/1"}],"replies":[{"embeddable":true,"href":"https:\/\/gazdasagportal.hu\/index.php\/wp-json\/wp\/v2\/comments?post=110460"}],"version-history":[{"count":1,"href":"https:\/\/gazdasagportal.hu\/index.php\/wp-json\/wp\/v2\/posts\/110460\/revisions"}],"predecessor-version":[{"id":110461,"href":"https:\/\/gazdasagportal.hu\/index.php\/wp-json\/wp\/v2\/posts\/110460\/revisions\/110461"}],"wp:attachment":[{"href":"https:\/\/gazdasagportal.hu\/index.php\/wp-json\/wp\/v2\/media?parent=110460"}],"wp:term":[{"taxonomy":"category","embeddable":true,"href":"https:\/\/gazdasagportal.hu\/index.php\/wp-json\/wp\/v2\/categories?post=110460"},{"taxonomy":"post_tag","embeddable":true,"href":"https:\/\/gazdasagportal.hu\/index.php\/wp-json\/wp\/v2\/tags?post=110460"}],"curies":[{"name":"wp","href":"https:\/\/api.w.org\/{rel}","templated":true}]}}