{"id":110138,"date":"2018-10-24T15:36:33","date_gmt":"2018-10-24T13:36:33","guid":{"rendered":"http:\/\/gazdasagportal.hu\/?p=110138"},"modified":"2018-10-24T15:36:33","modified_gmt":"2018-10-24T13:36:33","slug":"az-eu-noveli-az-erasmus-programjanak-jovo-evi-koltsegveteset","status":"publish","type":"post","link":"https:\/\/gazdasagportal.hu\/index.php\/az-eu-noveli-az-erasmus-programjanak-jovo-evi-koltsegveteset\/","title":{"rendered":"Az EU n\u00f6veli az Erasmus+ programj\u00e1nak j\u00f6v\u0151 \u00e9vi k\u00f6lts\u00e9gvet\u00e9s\u00e9t"},"content":{"rendered":"<p><strong>Az Eur\u00f3pai Uni\u00f3 mintegy 300 milli\u00f3 eur\u00f3val csaknem 3 milli\u00e1rd eur\u00f3ra n\u00f6veli az Erasmus+ oktat\u00e1si \u00f6szt\u00f6nd\u00edj\u00e1nak j\u00f6v\u0151 \u00e9vi k\u00f6lts\u00e9gvet\u00e9s\u00e9t, \u00e9s 30 milli\u00f3 eur\u00f3val t\u00e1mogatja az \u00fagynevezett eur\u00f3pai egyetemek l\u00e9trehoz\u00e1s\u00e1nak munk\u00e1latait &#8211; k\u00f6z\u00f6lte az Eur\u00f3pai Bizotts\u00e1g szerd\u00e1n.<\/strong><!--more--><\/p>\n<div class=\"ads-in-post1\"><div id=\"gazdasagportal.hu_fullbanner_wideboard\"><\/div>\r\n<\/div>\n<p>    Navracsics Tibor, a test\u00fclet oktat\u00e1s\u00e9rt, kult\u00far\u00e1\u00e9rt, ifj\u00fas\u00e1gpolitik\u00e1\u00e9rt \u00e9s sport\u00fcgy\u00e9rt felel\u0151s biztosa t\u00e1j\u00e9koztat\u00e1sa szerint az Eur\u00f3pai Bizotts\u00e1g k\u00f6zz\u00e9tette a di\u00e1kok \u00e9s tan\u00e1rok orsz\u00e1gok \u00e9s int\u00e9zm\u00e9nyek k\u00f6z\u00f6tti mobilit\u00e1s\u00e1t seg\u00edt\u0151 Erasmus+ programj\u00e1nak 2019-es p\u00e1ly\u00e1zatait.<br \/>\n    A felh\u00edv\u00e1s szerint az oktat\u00e1s, a k\u00e9pz\u00e9s, az ifj\u00fas\u00e1g\u00fcgy \u00e9s a sport ter\u00fclet\u00e9n tev\u00e9kenyked\u0151 minden k\u00f6z- \u00e9s mag\u00e1nszervezet p\u00e1ly\u00e1zhat az Erasmus+ program t\u00e1mogat\u00e1s\u00e1ra. A fiatalok \u00e9s a fiatal munkav\u00e1llal\u00f3k egy\u00e9ni tanulm\u00e1nyi mobilit\u00e1s\u00e1hoz, valamint ifj\u00fas\u00e1gi strat\u00e9giai partners\u00e9gekhez ny\u00fajtott t\u00e1mogat\u00e1sokra olyanok is p\u00e1ly\u00e1zhatnak, akik ifj\u00fas\u00e1gi munk\u00e1t v\u00e9geznek, de ezt nem felt\u00e9tlen\u00fcl ifj\u00fas\u00e1gi szervezet keret\u00e9ben teszik.<br \/>\n<div class=\"ads-in-post2\"><script async src=\"https:\/\/pagead2.googlesyndication.com\/pagead\/js\/adsbygoogle.js\"><\/script>\r\n<ins class=\"adsbygoogle\"\r\n     style=\"display:block\"\r\n     data-ad-format=\"fluid\"\r\n     data-ad-layout-key=\"-6t+ed+2i-1n-4w\"\r\n     data-ad-client=\"ca-pub-1959107119989764\"\r\n     data-ad-slot=\"4008251320\"><\/ins>\r\n<script>\r\n     (adsbygoogle = window.adsbygoogle || []).push({});\r\n<\/script><\/div>\n    Navracsics Tibor t\u00e1j\u00e9koztat\u00e1sa szerint a k\u00f6lts\u00e9gvet\u00e9s mintegy 10 sz\u00e1zal\u00e9kos emel\u00e9se lehet\u0151v\u00e9 teszi, hogy a 2025-re megval\u00f3sul\u00f3 Eur\u00f3pai Oktat\u00e1si T\u00e9rs\u00e9g keret\u00e9ben 30 milli\u00f3 eur\u00f3t ford\u00edtsanak \u00fagynevezett eur\u00f3pai egyetemek alap\u00edt\u00e1s\u00e1ra az Eur\u00f3pai Uni\u00f3ban.<br \/>\n    Az uni\u00f3s bizotts\u00e1g j\u00f6v\u0151re indul\u00f3 k\u00eds\u00e9rleti programja hat olyan eur\u00f3pai egyetemi sz\u00f6vets\u00e9g l\u00e9trej\u00f6tt\u00e9t t\u00e1mogatja, amelyek mindegyike h\u00e1rom orsz\u00e1gb\u00f3l legal\u00e1bb h\u00e1rom fels\u0151oktat\u00e1si int\u00e9zm\u00e9nyb\u0151l \u00e1ll. Elk\u00e9pzel\u00e9sek szerint ezek a nemzetek felett \u00e1ll\u00f3 egyetemi sz\u00f6vets\u00e9gek lesznek a j\u00f6v\u0151 eur\u00f3pai egyetemei. C\u00e9lja az eur\u00f3pai identit\u00e1s er\u0151s\u00edt\u00e9se \u00e9s az eur\u00f3pai fels\u0151oktat\u00e1si int\u00e9zm\u00e9nyek versenyk\u00e9pess\u00e9g\u00e9nek jav\u00edt\u00e1sa. A p\u00e1ly\u00e1z\u00f3knak t\u00e1mogat\u00e1si k\u00e9relmeiket febru\u00e1r 28-ig kell beny\u00fajtaniuk az ugyanazon \u00e9v szeptember 1. \u00e9s december 1. k\u00f6z\u00f6tt megval\u00f3sul\u00f3 egy\u00fcttm\u0171k\u00f6d\u00e9sek t\u00e1mogat\u00e1s\u00e1\u00e9rt.<br \/>\n    &#8222;Olyan Eur\u00f3pa fel\u00e9 igyeksz\u00fcnk, ahol a hat\u00e1rok nem akad\u00e1lyozz\u00e1k a tanul\u00e1s \u00e9s a kutat\u00e1s lehet\u0151s\u00e9geit. Ahol nem g\u00e1tolj\u00e1k falak az innov\u00e1ci\u00f3, a kiv\u00e1l\u00f3s\u00e1g \u00e9s az oktat\u00e1s es\u00e9lyeit. A j\u00f6v\u0151 eur\u00f3pai egyetemei val\u00f3di potenci\u00e1llal rendelkeznek majd ahhoz, hogy \u00e1talak\u00edts\u00e1k a fels\u0151oktat\u00e1s vil\u00e1g\u00e1t Eur\u00f3p\u00e1ban, amelyhez az Erasmus + program er\u0151teljesen lend\u00fcletet ad&#8221; &#8211; fogalmazott az uni\u00f3s biztos.<br \/>\n    Az Erasmus+ program c\u00e9lja az oktat\u00e1s-k\u00e9pz\u00e9s ter\u00fclet\u00e9n a kulcskompetenci\u00e1k \u00e9s k\u00e9szs\u00e9gek fejleszt\u00e9se, k\u00fcl\u00f6n\u00f6s tekintettel a munkaer\u0151piac \u00e9s a t\u00e1rsadalmi koh\u00e9zi\u00f3 szempontj\u00e1b\u00f3l fontos k\u00e9szs\u00e9gekre.<br \/>\n    A program hallgat\u00f3k, gyakornokok, \u00f6nk\u00e9ntesek, fiatalok, tanul\u00f3k, feln\u0151tt tanul\u00f3k, tan\u00e1rok, pedag\u00f3gusok, egyetemi oktat\u00f3k, tr\u00e9nerek, ifj\u00fas\u00e1gi munk\u00e1sok, oktat\u00e1si, k\u00e9pz\u00e9si vagy ifj\u00fas\u00e1gi ter\u00fcleten m\u0171k\u00f6d\u0151 szervezetek munkat\u00e1rsai sz\u00e1m\u00e1ra ny\u00fajt r\u00e9szv\u00e9teli lehet\u0151s\u00e9get. A p\u00e1ly\u00e1zatokat int\u00e9zm\u00e9nyek, szervezetek ny\u00fajthatj\u00e1k be, az egy\u00e9ni r\u00e9szv\u00e9tel ezeken kereszt\u00fcl val\u00f3sul meg.(MTI)<\/p>\n","protected":false},"excerpt":{"rendered":"<p>Az Eur\u00f3pai Uni\u00f3 mintegy 300 milli\u00f3 eur\u00f3val csaknem 3 milli\u00e1rd eur\u00f3ra n\u00f6veli az Erasmus+ oktat\u00e1si \u00f6szt\u00f6nd\u00edj\u00e1nak j\u00f6v\u0151 \u00e9vi k\u00f6lts\u00e9gvet\u00e9s\u00e9t, \u00e9s 30 milli\u00f3 eur\u00f3val t\u00e1mogatja az \u00fagynevezett eur\u00f3pai egyetemek l\u00e9trehoz\u00e1s\u00e1nak munk\u00e1latait &#8211; k\u00f6z\u00f6lte az Eur\u00f3pai Bizotts\u00e1g szerd\u00e1n.<\/p>\n","protected":false},"author":1,"featured_media":0,"comment_status":"closed","ping_status":"open","sticky":false,"template":"","format":"standard","meta":[],"categories":[12,5],"tags":[],"_links":{"self":[{"href":"https:\/\/gazdasagportal.hu\/index.php\/wp-json\/wp\/v2\/posts\/110138"}],"collection":[{"href":"https:\/\/gazdasagportal.hu\/index.php\/wp-json\/wp\/v2\/posts"}],"about":[{"href":"https:\/\/gazdasagportal.hu\/index.php\/wp-json\/wp\/v2\/types\/post"}],"author":[{"embeddable":true,"href":"https:\/\/gazdasagportal.hu\/index.php\/wp-json\/wp\/v2\/users\/1"}],"replies":[{"embeddable":true,"href":"https:\/\/gazdasagportal.hu\/index.php\/wp-json\/wp\/v2\/comments?post=110138"}],"version-history":[{"count":1,"href":"https:\/\/gazdasagportal.hu\/index.php\/wp-json\/wp\/v2\/posts\/110138\/revisions"}],"predecessor-version":[{"id":110139,"href":"https:\/\/gazdasagportal.hu\/index.php\/wp-json\/wp\/v2\/posts\/110138\/revisions\/110139"}],"wp:attachment":[{"href":"https:\/\/gazdasagportal.hu\/index.php\/wp-json\/wp\/v2\/media?parent=110138"}],"wp:term":[{"taxonomy":"category","embeddable":true,"href":"https:\/\/gazdasagportal.hu\/index.php\/wp-json\/wp\/v2\/categories?post=110138"},{"taxonomy":"post_tag","embeddable":true,"href":"https:\/\/gazdasagportal.hu\/index.php\/wp-json\/wp\/v2\/tags?post=110138"}],"curies":[{"name":"wp","href":"https:\/\/api.w.org\/{rel}","templated":true}]}}