{"id":110134,"date":"2018-10-24T13:56:25","date_gmt":"2018-10-24T11:56:25","guid":{"rendered":"http:\/\/gazdasagportal.hu\/?p=110134"},"modified":"2018-10-24T13:56:25","modified_gmt":"2018-10-24T11:56:25","slug":"kreml-az-inf-szerzodes-felmondasaval-washington-uj-fegyverkezesi-versenybe-kezdene","status":"publish","type":"post","link":"https:\/\/gazdasagportal.hu\/index.php\/kreml-az-inf-szerzodes-felmondasaval-washington-uj-fegyverkezesi-versenybe-kezdene\/","title":{"rendered":"Kreml: az INF-szerz\u0151d\u00e9s felmond\u00e1s\u00e1val Washington \u00faj fegyverkez\u00e9si versenybe kezdene"},"content":{"rendered":"<p><strong>A sz\u00e1razf\u00f6ldi telep\u00edt\u00e9s\u0171 k\u00f6zepes \u00e9s r\u00f6vid t\u00e1vols\u00e1g\u00fa rak\u00e9t\u00e1k felsz\u00e1mol\u00e1s\u00e1r\u00f3l sz\u00f3l\u00f3 (INF) egyezm\u00e9ny felmond\u00e1s\u00e1val az Egyes\u00fclt \u00c1llamok gyakorlatilag \u00fajabb fegyverkez\u00e9si versenyt ind\u00edtana el &#8211; jelentette ki Dmitrij Peszkov, a Kreml sz\u00f3viv\u0151je \u00fajs\u00e1g\u00edr\u00f3knak szerd\u00e1n Moszkv\u00e1ban.<\/strong><!--more--><\/p>\n<div class=\"ads-in-post1\"><div id=\"gazdasagportal.hu_fullbanner_wideboard\"><\/div>\r\n<\/div>\n<p>    Peszkov elmondta: Moszkva a John Bolton amerikai nemzetbiztons\u00e1gi tan\u00e1csad\u00f3 moszkvai t\u00e1rgyal\u00e1sai alatt elmondottakb\u00f3l arra a k\u00f6vetkeztet\u00e9sre jutott, hogy az Egyes\u00fclt \u00c1llamok meghozta d\u00f6nt\u00e9s\u00e9t, \u00e9s hamarosan megkezdi szerz\u0151d\u00e9sb\u0151l val\u00f3 kil\u00e9p\u00e9s hivatalos folyamat\u00e1t. A sz\u00f3viv\u0151 \u00fagy v\u00e9lekedett, hogy ez &#8222;nagyon vesz\u00e9lyes elhat\u00e1roz\u00e1s&#8221;, mert gyakorlatilag egyet jelent annak a sz\u00e1nd\u00e9knak a kihirdet\u00e9s\u00e9vel, hogy az Egyes\u00fclt \u00c1llamok fegyverkez\u00e9si versenybe bonyol\u00f3djon. Ez, mint mondta, &#8222;vesz\u00e9lyesebb\u00e9 teszi a vil\u00e1got&#8221;.<br \/>\n<div class=\"ads-in-post2\"><script async src=\"https:\/\/pagead2.googlesyndication.com\/pagead\/js\/adsbygoogle.js\"><\/script>\r\n<ins class=\"adsbygoogle\"\r\n     style=\"display:block\"\r\n     data-ad-format=\"fluid\"\r\n     data-ad-layout-key=\"-6t+ed+2i-1n-4w\"\r\n     data-ad-client=\"ca-pub-1959107119989764\"\r\n     data-ad-slot=\"4008251320\"><\/ins>\r\n<script>\r\n     (adsbygoogle = window.adsbygoogle || []).push({});\r\n<\/script><\/div>\n    K\u00e9rd\u00e9sre v\u00e1laszolva k\u00f6z\u00f6lte, hogy Moszkva k\u00e9sz megvitatni Vlagyimir Putyin orosz eln\u00f6k washingtoni l\u00e1togat\u00e1s\u00e1nak lehet\u0151s\u00e9g Elmondta ugyanakkor, hogy az orosz \u00e9s az amerikai eln\u00f6k k\u00f6lcs\u00f6n\u00f6s l\u00e1togat\u00e1s\u00e1nak lehet\u0151s\u00e9g\u00e9r\u0151l csak \u00e1ltal\u00e1noss\u00e1gban esett sz\u00f3 a Boltonnal folytatott t\u00e1rgyal\u00e1sok sor\u00e1n. Bolton Putyin j\u00f6v\u0151 \u00e9vi egyes\u00fclt \u00e1llamokbeli l\u00e1togat\u00e1s\u00e1nak lehet\u0151s\u00e9g\u00e9r\u0151l tett eml\u00edt\u00e9st.<br \/>\n    Peszkov hangs\u00falyozta, hogy a f\u0151 figyelem jelenleg Putyin \u00e9s Donald Trump amerikai eln\u00f6k november 11-i p\u00e1rizsi lehets\u00e9ges tal\u00e1lkoz\u00f3j\u00e1nak el\u0151k\u00e9sz\u00edt\u00e9s\u00e9re ir\u00e1nyul. A k\u00e9t \u00e1llamf\u0151 m\u00e1s orsz\u00e1gok vezet\u0151ivel egy\u00fctt az els\u0151 vil\u00e1gh\u00e1bor\u00fat lez\u00e1r\u00f3 fegyvernyugv\u00e1s 100. \u00e9vfordul\u00f3j\u00e1ra utazik majd a francia f\u0151v\u00e1rosba. Noha Putyin \u00e9s Trump eddig t\u00f6bb nemzetk\u00f6zi f\u00f3rumon is tal\u00e1lkozott egym\u00e1ssal, teljes \u00e9rt\u00e9k\u0171 cs\u00facstal\u00e1lkoz\u00f3 eddig csak j\u00falius 16-\u00e1n Helsinkiben j\u00f6tt l\u00e9tre k\u00f6z\u00f6tt\u00fck.<br \/>\n    Az orosz eln\u00f6ki sz\u00f3viv\u0151 nem er\u0151s\u00edtette meg azt az \u00e9rtes\u00fcl\u00e9st, amely szerint Kim Dzsong Un \u00e9szak-koreai vezet\u0151 a j\u00f6v\u0151 h\u00e9ten Oroszorsz\u00e1gba l\u00e1togat. Elismerte, hogy a vizit el\u0151k\u00e9sz\u00edt\u00e9se folyamatban van, de annak d\u00e1tum\u00e1r\u00f3l Peszkov szerint nem sz\u00fcletett d\u00f6nt\u00e9s.<br \/>\n    Kim \u00e9rv\u00e9nyes oroszorsz\u00e1gi megh\u00edv\u00e1ssal rendelkezik, amelynek a v\u00e1rakoz\u00e1sok szerint az \u00e9v v\u00e9ge el\u0151tt eleget tesz eleget.<br \/>\n(MTI)<\/p>\n","protected":false},"excerpt":{"rendered":"<p>A sz\u00e1razf\u00f6ldi telep\u00edt\u00e9s\u0171 k\u00f6zepes \u00e9s r\u00f6vid t\u00e1vols\u00e1g\u00fa rak\u00e9t\u00e1k felsz\u00e1mol\u00e1s\u00e1r\u00f3l sz\u00f3l\u00f3 (INF) egyezm\u00e9ny felmond\u00e1s\u00e1val az Egyes\u00fclt \u00c1llamok gyakorlatilag \u00fajabb fegyverkez\u00e9si versenyt ind\u00edtana el &#8211; jelentette ki Dmitrij Peszkov, a Kreml sz\u00f3viv\u0151je \u00fajs\u00e1g\u00edr\u00f3knak szerd\u00e1n Moszkv\u00e1ban.<\/p>\n","protected":false},"author":1,"featured_media":0,"comment_status":"closed","ping_status":"open","sticky":false,"template":"","format":"standard","meta":[],"categories":[13,12,5],"tags":[],"_links":{"self":[{"href":"https:\/\/gazdasagportal.hu\/index.php\/wp-json\/wp\/v2\/posts\/110134"}],"collection":[{"href":"https:\/\/gazdasagportal.hu\/index.php\/wp-json\/wp\/v2\/posts"}],"about":[{"href":"https:\/\/gazdasagportal.hu\/index.php\/wp-json\/wp\/v2\/types\/post"}],"author":[{"embeddable":true,"href":"https:\/\/gazdasagportal.hu\/index.php\/wp-json\/wp\/v2\/users\/1"}],"replies":[{"embeddable":true,"href":"https:\/\/gazdasagportal.hu\/index.php\/wp-json\/wp\/v2\/comments?post=110134"}],"version-history":[{"count":1,"href":"https:\/\/gazdasagportal.hu\/index.php\/wp-json\/wp\/v2\/posts\/110134\/revisions"}],"predecessor-version":[{"id":110135,"href":"https:\/\/gazdasagportal.hu\/index.php\/wp-json\/wp\/v2\/posts\/110134\/revisions\/110135"}],"wp:attachment":[{"href":"https:\/\/gazdasagportal.hu\/index.php\/wp-json\/wp\/v2\/media?parent=110134"}],"wp:term":[{"taxonomy":"category","embeddable":true,"href":"https:\/\/gazdasagportal.hu\/index.php\/wp-json\/wp\/v2\/categories?post=110134"},{"taxonomy":"post_tag","embeddable":true,"href":"https:\/\/gazdasagportal.hu\/index.php\/wp-json\/wp\/v2\/tags?post=110134"}],"curies":[{"name":"wp","href":"https:\/\/api.w.org\/{rel}","templated":true}]}}