{"id":11013,"date":"2013-07-01T18:08:06","date_gmt":"2013-07-01T16:08:06","guid":{"rendered":"http:\/\/stockportal.hu\/?p=11013"},"modified":"2013-07-01T18:08:09","modified_gmt":"2013-07-01T16:08:09","slug":"szakerto-2030-ra-kina-a-vilag-legnagyobb-gazdasaga-lesz","status":"publish","type":"post","link":"https:\/\/gazdasagportal.hu\/index.php\/szakerto-2030-ra-kina-a-vilag-legnagyobb-gazdasaga-lesz\/","title":{"rendered":"Szak\u00e9rt\u0151: 2030-ra K\u00edna a vil\u00e1g legnagyobb gazdas\u00e1ga lesz"},"content":{"rendered":"<p><strong>A k\u00f6vetkez\u0151 10-15 \u00e9vben \u00e9vi 7 sz\u00e1zal\u00e9kos gazdas\u00e1gi n\u00f6veked\u00e9s v\u00e1rhat\u00f3 K\u00edn\u00e1ban, \u00edgy az orsz\u00e1g 2020-ra a vil\u00e1g m\u00e1sodik legnagyobb gazdas\u00e1ga lesz, 2030-ra pedig m\u00e1r az els\u0151 &#8211; mondta Hsz\u00fc Ming-csi, a sanghaji Eur\u00f3pa Tanulm\u00e1nyok Int\u00e9zet eln\u00f6ke h\u00e9tf\u0151n a Magyar K\u00fcl\u00fcgyi Int\u00e9zetben tartott el\u0151ad\u00e1s\u00e1n.<!--more--><\/strong><\/p>\n<p>A szak\u00e9rt\u0151 kifejtette: ma gyakran besz\u00e9lnek a k\u00ednai gazdas\u00e1gr\u00f3l, \u00e9s e nagy \u00e9rdekl\u0151d\u00e9s oka, hogy az elm\u00falt \u00e9vekben nagyon gyors n\u00f6veked\u00e9s volt tapasztalhat\u00f3 az orsz\u00e1gban. A 9,6 milli\u00f3 n\u00e9gyzetkilom\u00e9ter ter\u00fclet\u0171 orsz\u00e1gban 1,35 milli\u00e1rd ember \u00e9l, 52,6 sz\u00e1zal\u00e9kuk v\u00e1rosokban lakik, a sz\u00fclet\u00e9skor v\u00e1rhat\u00f3 \u00e1tlagos \u00e9lettartam pedig 73,5 \u00e9v. A gazdas\u00e1gr\u00f3l azt mondta, hogy 8-9 sz\u00e1zal\u00e9kos volt a GDP-n\u00f6veked\u00e9s az elm\u00falt \u00e9vekben, az infl\u00e1ci\u00f3 2,6 sz\u00e1zal\u00e9k, a munkan\u00e9lk\u00fclis\u00e9g pedig 4,1 sz\u00e1zal\u00e9k.<br \/>\nHsz\u00fc Ming-csi eml\u00e9keztetett: K\u00edna kor\u00e1bban a Szovjetuni\u00f3hoz hasonl\u00f3an k\u00f6zpontilag tervezett gazdas\u00e1g volt, az \u00e1llami v\u00e1llalatok hat\u00e1rozt\u00e1k meg a gazdas\u00e1g m\u0171k\u00f6d\u00e9s\u00e9t. &#8222;Ennek a rendszernek a hat\u00e9konys\u00e1ga azonban cs\u00f6kkent&#8221;, ez\u00e9rt 1978-ban reformokba kezdtek &#8211; mondta. Kiemelte: az orsz\u00e1gban enged\u00e9lyezt\u00e9k mag\u00e1nv\u00e1llalkoz\u00e1sok m\u0171k\u00f6d\u00e9s\u00e9t &#8211; ezek sz\u00e1ma r\u00f6vid id\u0151 alatt megugrott &#8211; , \u00e9s beengedt\u00e9k a k\u00fclf\u00f6ldi c\u00e9geket is, ez\u00e9rt az \u00e1llami v\u00e1llalatok jelent\u0151s\u00e9ge egyre cs\u00f6kkent.<br \/>\nMint mondta, a v\u00e1ltoztat\u00e1sok eredm\u00e9nye impoz\u00e1ns gazdas\u00e1gi n\u00f6veked\u00e9s \u00e9s az export sz\u00e1mottev\u0151 b\u0151v\u00fcl\u00e9se lett, az ipar pedig tov\u00e1bbra is a gazdas\u00e1g legfontosabb r\u00e9sze maradt.<br \/>\nA szak\u00e9rt\u0151 a K\u00edna el\u0151tt \u00e1ll\u00f3 feladatok k\u00f6z\u00f6tt eml\u00edtette a mag\u00e1nszf\u00e9ra tov\u00e1bbi er\u0151s\u00edt\u00e9s\u00e9t, tov\u00e1bb\u00e1 a gazdas\u00e1g struktur\u00e1lis v\u00e1ltoztat\u00e1sait, hogy meg\u0151rizz\u00e9k az eddig el\u00e9rt eredm\u00e9nyeket. A feladatok k\u00f6z\u00e9 sorolta a korm\u00e1nyzati munka reformj\u00e1t is, hogy javuljon a hat\u00e9konys\u00e1g. Hsz\u00fc Ming-csi szerint emellett k\u00e9pzettebb munkaer\u0151re van sz\u00fcks\u00e9g, ehhez fejleszteni kell az oktat\u00e1st, \u00e9s haza kell cs\u00e1b\u00edtani a k\u00fclf\u00f6ld\u00f6n \u00e9l\u0151 magasan kvalifik\u00e1lt k\u00ednaiakat. V\u00e9lem\u00e9nye szerint fontos lenne a belf\u00f6ldi kereslet \u00e9s a fogyaszt\u00e1s n\u00f6vel\u00e9se, ehhez hozz\u00e1j\u00e1rulhat az urbaniz\u00e1ci\u00f3.<br \/>\nA kih\u00edv\u00e1sok k\u00f6z\u00e9 sorolta az orsz\u00e1g kereskedelmi kapcsolatainak fejleszt\u00e9s\u00e9t, a munkan\u00e9lk\u00fclis\u00e9g leszor\u00edt\u00e1s\u00e1t, a k\u00f6rnyezetv\u00e9delmet, valamint a gazdas\u00e1g magas n\u00f6veked\u00e9si mutat\u00f3inak meg\u0151rz\u00e9se mellett a hat\u00e9konys\u00e1g fokoz\u00e1s\u00e1t.<br \/>\nK\u00e9rd\u00e9sre v\u00e1laszolva a kutat\u00f3 a magyar-k\u00ednai kapcsolatokr\u00f3l azt mondta, hogy azok \u00edg\u00e9retesen fejl\u0151dnek, n\u0151 a k\u00e9t orsz\u00e1g kereskedelme. Azt mondta, j\u00f3 exportlehet\u0151s\u00e9gek k\u00edn\u00e1lkoznak Magyarorsz\u00e1gr\u00f3l K\u00edn\u00e1ba, megl\u00e1t\u00e1sa szerint Magyarorsz\u00e1g els\u0151sorban mez\u0151gazdas\u00e1gi term\u00e9keket sz\u00e1ll\u00edthatna K\u00edn\u00e1ba.<br \/>\nA szak\u00e9rt\u0151 hangs\u00falyozta: K\u00edn\u00e1nak nyitottabbnak kell lennie k\u00fclf\u00f6ldi piacok el\u0151tt. Sok lehet\u0151s\u00e9g van a magyar-k\u00ednai gazdas\u00e1gi kapcsolatokban is, de ezek kihaszn\u00e1l\u00e1s\u00e1\u00e9rt mindk\u00e9t orsz\u00e1gnak kem\u00e9nyen kell dolgoznia &#8211; mutatott r\u00e1. Hozz\u00e1tette: Magyarorsz\u00e1g \u00e9s a magyar term\u00e9kek jelenleg nem nagyon ismertek K\u00edn\u00e1ban.(MTI)<\/p>\n","protected":false},"excerpt":{"rendered":"<p>A k\u00f6vetkez\u0151 10-15 \u00e9vben \u00e9vi 7 sz\u00e1zal\u00e9kos gazdas\u00e1gi n\u00f6veked\u00e9s v\u00e1rhat\u00f3 K\u00edn\u00e1ban, \u00edgy az orsz\u00e1g 2020-ra a vil\u00e1g m\u00e1sodik legnagyobb gazdas\u00e1ga lesz, 2030-ra pedig m\u00e1r az els\u0151 &#8211; mondta Hsz\u00fc Ming-csi, a sanghaji Eur\u00f3pa Tanulm\u00e1nyok Int\u00e9zet eln\u00f6ke h\u00e9tf\u0151n a Magyar K\u00fcl\u00fcgyi Int\u00e9zetben tartott el\u0151ad\u00e1s\u00e1n.<\/p>\n","protected":false},"author":1,"featured_media":0,"comment_status":"open","ping_status":"closed","sticky":false,"template":"","format":"standard","meta":[],"categories":[14],"tags":[],"_links":{"self":[{"href":"https:\/\/gazdasagportal.hu\/index.php\/wp-json\/wp\/v2\/posts\/11013"}],"collection":[{"href":"https:\/\/gazdasagportal.hu\/index.php\/wp-json\/wp\/v2\/posts"}],"about":[{"href":"https:\/\/gazdasagportal.hu\/index.php\/wp-json\/wp\/v2\/types\/post"}],"author":[{"embeddable":true,"href":"https:\/\/gazdasagportal.hu\/index.php\/wp-json\/wp\/v2\/users\/1"}],"replies":[{"embeddable":true,"href":"https:\/\/gazdasagportal.hu\/index.php\/wp-json\/wp\/v2\/comments?post=11013"}],"version-history":[{"count":2,"href":"https:\/\/gazdasagportal.hu\/index.php\/wp-json\/wp\/v2\/posts\/11013\/revisions"}],"predecessor-version":[{"id":11024,"href":"https:\/\/gazdasagportal.hu\/index.php\/wp-json\/wp\/v2\/posts\/11013\/revisions\/11024"}],"wp:attachment":[{"href":"https:\/\/gazdasagportal.hu\/index.php\/wp-json\/wp\/v2\/media?parent=11013"}],"wp:term":[{"taxonomy":"category","embeddable":true,"href":"https:\/\/gazdasagportal.hu\/index.php\/wp-json\/wp\/v2\/categories?post=11013"},{"taxonomy":"post_tag","embeddable":true,"href":"https:\/\/gazdasagportal.hu\/index.php\/wp-json\/wp\/v2\/tags?post=11013"}],"curies":[{"name":"wp","href":"https:\/\/api.w.org\/{rel}","templated":true}]}}