{"id":11011,"date":"2013-07-01T17:16:26","date_gmt":"2013-07-01T15:16:26","guid":{"rendered":"http:\/\/stockportal.hu\/?p=11011"},"modified":"2013-07-01T17:17:09","modified_gmt":"2013-07-01T15:17:09","slug":"tobb-tizezren-vonultak-fel-hongkongban-a-peking-altal-megigert-politikai-reformot-kovetelve","status":"publish","type":"post","link":"https:\/\/gazdasagportal.hu\/index.php\/tobb-tizezren-vonultak-fel-hongkongban-a-peking-altal-megigert-politikai-reformot-kovetelve\/","title":{"rendered":"T\u00f6bb t\u00edzezren vonultak fel Hongkongban a Peking \u00e1ltal meg\u00edg\u00e9rt politikai reformot k\u00f6vetelve"},"content":{"rendered":"<p><strong>T\u00f6megek vonultak az utc\u00e1kra h\u00e9tf\u0151n Hongkongban, hogy \u00e1ltal\u00e1nos v\u00e1laszt\u00f3jogot \u00e9s politikai reformot k\u00f6veteljenek &#8211; sz\u00e1mol be a helyi m\u00e9dia az esem\u00e9nyekr\u0151l.<!--more--><\/strong><\/p>\n<p>A hatalmas es\u0151 ellen\u00e9re a leg\u00f3vatosabb becsl\u00e9sek szerint is t\u00f6bb t\u00edzezren, a South China Morning Post c\u00edm\u0171 helyi lap szerint pedig t\u00f6bb sz\u00e1zezren lept\u00e9k el Hongkong utc\u00e1it h\u00e9tf\u0151n, a kor\u00e1bbi brit gyarmat K\u00edn\u00e1hoz val\u00f3 visszaker\u00fcl\u00e9s\u00e9nek 16. \u00e9vfordul\u00f3j\u00e1n. A helyi id\u0151 szerint d\u00e9lut\u00e1n kezd\u0151d\u0151, a Civil Emberi Jogok Frontja nev\u0171 egyes\u00fclet szervezte felvonul\u00e1son az interneten kering\u0151 f\u00e9nyk\u00e9pek tan\u00fas\u00e1ga szerint sz\u00e1mos t\u00fcntet\u0151 brit gyarmati z\u00e1szl\u00f3t lengetve \u00e9s a hongkongi korm\u00e1nyz\u00f3t b\u00edr\u00e1l\u00f3, illetve K\u00edna-ellenes plak\u00e1tokat feltartva jelent meg. &#8222;Mondjunk nemet K\u00edn\u00e1nak!&#8221;, &#8222;Demokr\u00e1ci\u00e1t Hongkongnak&#8221;, &#8222;K\u00ednai gyarmatos\u00edt\u00f3k kifel\u00e9!&#8221; &#8211; \u00e1llt a transzparenseken. A demonstr\u00e1l\u00f3k azt k\u00f6vetelt\u00e9k: a pekingi vezet\u00e9s tartsa be kor\u00e1bbi \u00edg\u00e9ret\u00e9t, hajtson v\u00e9gre politikai reformot a k\u00fcl\u00f6nleges igazgat\u00e1s\u00fa ter\u00fcleten, a mini-alkotm\u00e1nyban lefektetettek szerint adjon utat az \u00e1ltal\u00e1nos v\u00e1laszt\u00f3jog \u00e9rv\u00e9nyes\u00fcl\u00e9s\u00e9nek \u00e9s teljesen demokratikus v\u00e1laszt\u00e1soknak 2017-t\u0151l. A felvonul\u00e1st minden \u00e9v j\u00falius 1-j\u00e9n megrendezik, az idei ugyanakkor a j\u00f6v\u0151 \u00e9vi, v\u00e1rhat\u00f3an t\u00f6meges civil engedetlens\u00e9ggel j\u00e1r\u00f3 Occupy Central mozgalomnak is az &#8222;el\u0151szele&#8221;. A mozgalom azt k\u00f6veteli, hogy a hongkongi vezet\u00e9s tegye egy\u00e9rtelm\u0171v\u00e9 a 2017-es v\u00e1laszt\u00e1sokkal kapcsolatos hozz\u00e1\u00e1ll\u00e1s\u00e1t: ennek hi\u00e1ny\u00e1ban a k\u00fcl\u00f6nleges igazgat\u00e1s\u00fa ter\u00fclet p\u00e9nz\u00fcgyi negyed\u00e9nek lez\u00e1r\u00e1s\u00e1t tervezik.<br \/>\nLeung Csun-jing hongkongi korm\u00e1nyz\u00f3 a 16. \u00e9vfordul\u00f3 h\u00e9tf\u0151i hivatalos \u00fcnneps\u00e9g\u00e9n \u00fagy fogalmazott: a k\u00fcl\u00f6nleges igazgat\u00e1s\u00fa ter\u00fclet vezet\u00e9se &#8222;megfelel\u0151 id\u0151pontban&#8221; konzult\u00e1ci\u00f3t ind\u00edt az \u00e1ltal\u00e1nos v\u00e1laszt\u00f3jog k\u00e9rd\u00e9s\u00e9r\u0151l. D\u00e9lut\u00e1n a vezet\u00e9s egy k\u00f6zlem\u00e9nyt is kiadott, melyben a d\u00f6nt\u00e9shoz\u00f3k meger\u0151s\u00edtett\u00e9k az \u00edg\u00e9retet.<br \/>\nA hongkongi lakoss\u00e1g sz\u00e1razf\u00f6ldi K\u00edna-elleness\u00e9ge az elm\u00falt \u00e9vekben tet\u0151fok\u00e1ra h\u00e1gott. Egy j\u00fanius k\u00f6zep\u00e9n nyilv\u00e1noss\u00e1gra hozott felm\u00e9r\u00e9s szerint jelenleg minden t\u00edzb\u0151l n\u00e9gy hongkongi kifejezetten \u00e9s els\u0151dlegesen hongkonginak tekinti mag\u00e1t, vagyis a k\u00ednai lakosokkal val\u00f3 azonosul\u00e1s 14 \u00e9ve nem l\u00e1tott m\u00e9lyponton van. Szint\u00e9n j\u00faniusban mutatta ki a Hongkong Egyetem rendes, h\u00e1rom havonta elv\u00e9gzett felm\u00e9r\u00e9se, hogy jelenleg a pekingi vezet\u00e9sben a lakoss\u00e1g 45 sz\u00e1zal\u00e9ka nem b\u00edzik, s mind\u00f6ssze 25 sz\u00e1zal\u00e9k \u00edt\u00e9li meg pozit\u00edvan azt. A hongkongi d\u00f6nt\u00e9shoz\u00f3kat illet\u0151en a j\u00fanius k\u00f6zep\u00e9n megk\u00e9rdezett ezer f\u0151s minta 37 sz\u00e1zal\u00e9ka bizalmatlans\u00e1g\u00e1nak adott hangot, ez az ar\u00e1ny 11 sz\u00e1zal\u00e9kos n\u00f6veked\u00e9s a m\u00e1rciusi felm\u00e9r\u00e9shez k\u00e9pest.<br \/>\nCs\u00f6kken\u00e9st mutat a saj\u00e1tos k\u00ednai-hongkongi &#8222;egy orsz\u00e1g, k\u00e9t rendszer&#8221; t\u00e1rsadalmi berendezked\u00e9s meg\u00edt\u00e9l\u00e9se. Az abban b\u00edz\u00f3k \u00e9s azir\u00e1nt bizalmatlanok ar\u00e1nya jelenleg egyar\u00e1nt 47 sz\u00e1zal\u00e9kon \u00e1ll, ut\u00f3bbiak legutolj\u00e1ra 1996-ban ker\u00fcltek t\u00f6bbs\u00e9gbe. Ennek \u00fajb\u00f3li bek\u00f6vetkezte ugyanakkor &#8211; \u00e1ll\u00edtj\u00e1k a kutat\u00f3k a trendekre hivatkozva &#8211; nem tarthat\u00f3 kiz\u00e1rtnak ak\u00e1r m\u00e1r a k\u00f6zelj\u00f6v\u0151ben sem.(MTI)<\/p>\n","protected":false},"excerpt":{"rendered":"<p>T\u00f6megek vonultak az utc\u00e1kra h\u00e9tf\u0151n Hongkongban, hogy \u00e1ltal\u00e1nos v\u00e1laszt\u00f3jogot \u00e9s politikai reformot k\u00f6veteljenek &#8211; sz\u00e1mol be a helyi m\u00e9dia az esem\u00e9nyekr\u0151l.<\/p>\n","protected":false},"author":1,"featured_media":0,"comment_status":"open","ping_status":"closed","sticky":false,"template":"","format":"standard","meta":[],"categories":[14],"tags":[],"_links":{"self":[{"href":"https:\/\/gazdasagportal.hu\/index.php\/wp-json\/wp\/v2\/posts\/11011"}],"collection":[{"href":"https:\/\/gazdasagportal.hu\/index.php\/wp-json\/wp\/v2\/posts"}],"about":[{"href":"https:\/\/gazdasagportal.hu\/index.php\/wp-json\/wp\/v2\/types\/post"}],"author":[{"embeddable":true,"href":"https:\/\/gazdasagportal.hu\/index.php\/wp-json\/wp\/v2\/users\/1"}],"replies":[{"embeddable":true,"href":"https:\/\/gazdasagportal.hu\/index.php\/wp-json\/wp\/v2\/comments?post=11011"}],"version-history":[{"count":2,"href":"https:\/\/gazdasagportal.hu\/index.php\/wp-json\/wp\/v2\/posts\/11011\/revisions"}],"predecessor-version":[{"id":11023,"href":"https:\/\/gazdasagportal.hu\/index.php\/wp-json\/wp\/v2\/posts\/11011\/revisions\/11023"}],"wp:attachment":[{"href":"https:\/\/gazdasagportal.hu\/index.php\/wp-json\/wp\/v2\/media?parent=11011"}],"wp:term":[{"taxonomy":"category","embeddable":true,"href":"https:\/\/gazdasagportal.hu\/index.php\/wp-json\/wp\/v2\/categories?post=11011"},{"taxonomy":"post_tag","embeddable":true,"href":"https:\/\/gazdasagportal.hu\/index.php\/wp-json\/wp\/v2\/tags?post=11011"}],"curies":[{"name":"wp","href":"https:\/\/api.w.org\/{rel}","templated":true}]}}