{"id":109982,"date":"2018-10-18T12:24:41","date_gmt":"2018-10-18T10:24:41","guid":{"rendered":"http:\/\/gazdasagportal.hu\/?p=109982"},"modified":"2018-10-18T12:24:41","modified_gmt":"2018-10-18T10:24:41","slug":"eu-csucs-brit-kormanyfo-elkepzelheto-a-brexitet-koveto-atmeneti-idoszak-meghosszabbitasa","status":"publish","type":"post","link":"https:\/\/gazdasagportal.hu\/index.php\/eu-csucs-brit-kormanyfo-elkepzelheto-a-brexitet-koveto-atmeneti-idoszak-meghosszabbitasa\/","title":{"rendered":"EU-cs\u00facs &#8211; Brit korm\u00e1nyf\u0151: elk\u00e9pzelhet\u0151 a Brexitet k\u00f6vet\u0151 \u00e1tmeneti id\u0151szak meghosszabb\u00edt\u00e1sa"},"content":{"rendered":"<p><strong>Elk\u00e9pzelhet\u0151 sz\u00fcks\u00e9g eset\u00e9n az Egyes\u00fclt Kir\u00e1lys\u00e1g eur\u00f3pai uni\u00f3s kil\u00e9p\u00e9s\u00e9t k\u00f6vet\u0151, eredetileg 2020 v\u00e9g\u00e9ig tervezett \u00e1tmeneti id\u0151szak meghosszabb\u00edt\u00e1sa &#8211; er\u0151s\u00edtette meg a brit minisztereln\u00f6k az EU-tagorsz\u00e1gok \u00e1llam- \u00e9s korm\u00e1nyf\u0151inek cs\u00fct\u00f6rt\u00f6ki br\u00fcsszeli tal\u00e1lkoz\u00f3ja el\u0151tt.<\/strong><!--more--><\/p>\n<div class=\"ads-in-post1\"><div id=\"gazdasagportal.hu_fullbanner_wideboard\"><\/div>\r\n<\/div>\n<p>    R\u00f6vid sajt\u00f3t\u00e1j\u00e9koztat\u00f3j\u00e1n Theresa May elmondta, a kor\u00e1bbi h\u00edrekkel ellent\u00e9tben nem egy el\u0151re megbesz\u00e9lt, egy\u00e9ves hosszabb\u00edt\u00e1sr\u00f3l lenne sz\u00f3, hanem puszt\u00e1n annak a lehet\u0151s\u00e9g\u00e9r\u0151l, hogy sz\u00fcks\u00e9g eset\u00e9n n\u00e9h\u00e1ny h\u00f3nappal kiterjeszthess\u00e9k az \u00e1tmeneti id\u0151szakot.<br \/>\n    Hozz\u00e1tette, ugyan ez jelenleg m\u00e9g csak \u00f6tletszinten l\u00e9tezik, azonban ha meg is val\u00f3sul, akkor sem kell \u00e9lni a lehet\u0151s\u00e9ggel, a c\u00e9l tov\u00e1bbra is az, hogy lez\u00e1rj\u00e1k a j\u00f6v\u0151beli kapcsolatokr\u00f3l sz\u00f3l\u00f3 t\u00e1rgyal\u00e1sokat 2020. december 31-ig. Mint mondta, v\u00e9lem\u00e9nye szerint ez lehets\u00e9ges.<br \/>\n    Egy n\u00e9vtelens\u00e9get k\u00e9r\u0151 illet\u00e9kes ugyanakkor figyelmeztetett: &#8222;nem lenne szabad t\u00fal sokat \u00e1br\u00e1ndozni a hosszabb\u00edt\u00e1sr\u00f3l, sem a huszonhetek hat\u00e1rozott javaslat\u00e1r\u00f3l, sem a britek hat\u00e1rozott k\u00e9r\u00e9s\u00e9r\u0151l nincs sz\u00f3, de m\u00e9g csak nem is jelentene ide\u00e1lis megold\u00e1st&#8221;.<br \/>\n<div class=\"ads-in-post2\"><script async src=\"https:\/\/pagead2.googlesyndication.com\/pagead\/js\/adsbygoogle.js\"><\/script>\r\n<ins class=\"adsbygoogle\"\r\n     style=\"display:block\"\r\n     data-ad-format=\"fluid\"\r\n     data-ad-layout-key=\"-6t+ed+2i-1n-4w\"\r\n     data-ad-client=\"ca-pub-1959107119989764\"\r\n     data-ad-slot=\"4008251320\"><\/ins>\r\n<script>\r\n     (adsbygoogle = window.adsbygoogle || []).push({});\r\n<\/script><\/div>\n    A kiv\u00e1l\u00e1si meg\u00e1llapod\u00e1s el\u00e9r\u00e9s\u00e9hez elengedhetetlen a t\u00e1rgyal\u00e1sok legf\u0151bb vit\u00e1s pontj\u00e1nak sz\u00e1m\u00edt\u00f3 \u00edr-\u00e9szak\u00edr hat\u00e1rellen\u0151rz\u00e9s \u00fcgy\u00e9nek rendez\u00e9se. Ezt a hosszabb\u00edt\u00e1s \u00f6nmag\u00e1ban nem oldan\u00e1 meg, azonban \u00edgy t\u00f6bb id\u0151 lenne a kereskedelmi szerz\u0151d\u00e9s tet\u0151 al\u00e1 hoz\u00e1s\u00e1ra az \u00e1tmeneti id\u0151szakban. A j\u00f6v\u0151beli egyezm\u00e9nnyel pedig elker\u00fclhet\u0151 lenne a London \u00e1ltal elutas\u00edtott \u00edr-szigeti v\u00e9szmegold\u00e1s alkalmaz\u00e1sa, amelyhez az EU tov\u00e1bbra is ragaszkodik a szigor\u00faan ellen\u0151rz\u00f6tt hat\u00e1rok vissza\u00e1ll\u00edt\u00e1s\u00e1nak megakad\u00e1lyoz\u00e1sa \u00e9rdek\u00e9ben.<br \/>\n    A brit kiv\u00e1l\u00e1ssal az \u00cdr-szigeten, \u00c9szak-\u00cdrorsz\u00e1g \u00e9s az \u00cdr K\u00f6zt\u00e1rsas\u00e1g k\u00f6z\u00f6tt h\u00faz\u00f3dik majd az EU \u00e9s az Egyes\u00fclt Kir\u00e1lys\u00e1g egyetlen sz\u00e1razf\u00f6ldi hat\u00e1ra, \u00e9s miut\u00e1n a brit korm\u00e1ny elt\u00f6k\u00e9lte, hogy a egys\u00e9ges piacb\u00f3l \u00e9s a v\u00e1muni\u00f3b\u00f3l is kil\u00e9p, hogy f\u00fcggetlen kereskedelmi politik\u00e1t folytathasson, elker\u00fclhetetlennek t\u0171nik, hogy a hat\u00e1ron vissza\u00e1ll\u00edts\u00e1k az ellen\u0151rz\u00e9st. Ez viszont megtorped\u00f3zhatja az \u00edr-szigeti fegyveres konfliktus \u00e9vtizedeit 1998-ban lez\u00e1r\u00f3 \u00fagynevezett nagyp\u00e9nteki meg\u00e1llapod\u00e1st, s \u00edgy a sziget b\u00e9k\u00e9j\u00e9t is. Ez\u00e9rt Br\u00fcsszel azt javasolta, hogy v\u00e9szmegold\u00e1sk\u00e9nt \u00c9szak-\u00cdrorsz\u00e1g a kiv\u00e1l\u00e1st k\u00f6vet\u0151en is maradjon az &#8222;egys\u00e9ges szab\u00e1lyoz\u00e1si ter\u00fclet&#8221;, vagyis az egys\u00e9ges piac \u00e9s a v\u00e1muni\u00f3 r\u00e9sze. Ez akkor k\u00f6vetkezne be, \u00e9s addig tartana, &#8222;ha \u00e9s ameddig&#8221; nem siker\u00fcl m\u00e1s, jobb megold\u00e1st tal\u00e1lni. Ezt London tavaly decemberben el is fogadta.<br \/>\n    Theresa May azonban az\u00f3ta t\u00f6bbsz\u00f6r is nyilv\u00e1nosan kijelentette, hogy ez aligha elfogadhat\u00f3 megold\u00e1s. A legut\u00f3bbi, May \u00e1ltal ki\u00edrt el\u0151rehozott v\u00e1laszt\u00e1son ugyanis a korm\u00e1nyz\u00f3 konzervat\u00edvok elvesz\u00edtett\u00e9k abszol\u00fat t\u00f6bbs\u00e9g\u00fcket a parlament als\u00f3h\u00e1z\u00e1ban, \u00e9s az \u00e9szak\u00edr Demokratikus Unionista P\u00e1rt t\u00e1mogat\u00e1s\u00e1val korm\u00e1nyoznak, amely mereven elz\u00e1rk\u00f3zik att\u00f3l, hogy \u00c9szak-\u00cdrorsz\u00e1g m\u00e1s meg\u00edt\u00e9l\u00e9s al\u00e1 essen, mint az Egyes\u00fclt Kir\u00e1lys\u00e1g t\u00f6bbi r\u00e9sze, \u00e9s az \u00cdr-tengeren v\u00e1mhat\u00e1r j\u00f6jj\u00f6n l\u00e9tre Nagy-Britannia \u00e9s az \u00cdr-sziget k\u00f6z\u00f6tt.(MTI)<\/p>\n","protected":false},"excerpt":{"rendered":"<p>Elk\u00e9pzelhet\u0151 sz\u00fcks\u00e9g eset\u00e9n az Egyes\u00fclt Kir\u00e1lys\u00e1g eur\u00f3pai uni\u00f3s kil\u00e9p\u00e9s\u00e9t k\u00f6vet\u0151, eredetileg 2020 v\u00e9g\u00e9ig tervezett \u00e1tmeneti id\u0151szak meghosszabb\u00edt\u00e1sa &#8211; er\u0151s\u00edtette meg a brit minisztereln\u00f6k az EU-tagorsz\u00e1gok \u00e1llam- \u00e9s korm\u00e1nyf\u0151inek cs\u00fct\u00f6rt\u00f6ki br\u00fcsszeli tal\u00e1lkoz\u00f3ja el\u0151tt.<\/p>\n","protected":false},"author":1,"featured_media":0,"comment_status":"closed","ping_status":"open","sticky":false,"template":"","format":"standard","meta":[],"categories":[12],"tags":[],"_links":{"self":[{"href":"https:\/\/gazdasagportal.hu\/index.php\/wp-json\/wp\/v2\/posts\/109982"}],"collection":[{"href":"https:\/\/gazdasagportal.hu\/index.php\/wp-json\/wp\/v2\/posts"}],"about":[{"href":"https:\/\/gazdasagportal.hu\/index.php\/wp-json\/wp\/v2\/types\/post"}],"author":[{"embeddable":true,"href":"https:\/\/gazdasagportal.hu\/index.php\/wp-json\/wp\/v2\/users\/1"}],"replies":[{"embeddable":true,"href":"https:\/\/gazdasagportal.hu\/index.php\/wp-json\/wp\/v2\/comments?post=109982"}],"version-history":[{"count":1,"href":"https:\/\/gazdasagportal.hu\/index.php\/wp-json\/wp\/v2\/posts\/109982\/revisions"}],"predecessor-version":[{"id":109983,"href":"https:\/\/gazdasagportal.hu\/index.php\/wp-json\/wp\/v2\/posts\/109982\/revisions\/109983"}],"wp:attachment":[{"href":"https:\/\/gazdasagportal.hu\/index.php\/wp-json\/wp\/v2\/media?parent=109982"}],"wp:term":[{"taxonomy":"category","embeddable":true,"href":"https:\/\/gazdasagportal.hu\/index.php\/wp-json\/wp\/v2\/categories?post=109982"},{"taxonomy":"post_tag","embeddable":true,"href":"https:\/\/gazdasagportal.hu\/index.php\/wp-json\/wp\/v2\/tags?post=109982"}],"curies":[{"name":"wp","href":"https:\/\/api.w.org\/{rel}","templated":true}]}}