{"id":109980,"date":"2018-10-18T12:06:10","date_gmt":"2018-10-18T10:06:10","guid":{"rendered":"http:\/\/gazdasagportal.hu\/?p=109980"},"modified":"2018-10-18T12:06:10","modified_gmt":"2018-10-18T10:06:10","slug":"oriasvallalatban-egyesulhet-az-opus-es-a-konzum","status":"publish","type":"post","link":"https:\/\/gazdasagportal.hu\/index.php\/oriasvallalatban-egyesulhet-az-opus-es-a-konzum\/","title":{"rendered":"\u00d3ri\u00e1sv\u00e1llalatban egyes\u00fclhet az Opus \u00e9s a Konzum"},"content":{"rendered":"<p><strong>F\u00fazi\u00f3 el\u0151k\u00e9sz\u00edt\u00e9s\u00e9r\u0151l d\u00f6nt\u00f6tt az Opus Global Nyrt. \u00e9s a Konzum Befektet\u00e9si \u00e9s Vagyonkezel\u0151 Nyrt. igazgat\u00f3s\u00e1ga &#8211; k\u00f6z\u00f6lt\u00e9k a t\u00e1rsas\u00e1gok a Budapesti \u00c9rt\u00e9kt\u0151zsde (B\u00c9T) honlapj\u00e1n cs\u00fct\u00f6rt\u00f6k\u00f6n.<\/strong><!--more--><\/p>\n<div class=\"ads-in-post1\"><div id=\"gazdasagportal.hu_fullbanner_wideboard\"><\/div>\r\n<\/div>\n<p>    K\u00f6z\u00f6s \u00fctemterv k\u00e9sz\u00fcl a f\u00fazi\u00f3 menetrendj\u00e9r\u0151l, amelyet a t\u00e1rsas\u00e1gok december 3-ra tervezett rendk\u00edv\u00fcli k\u00f6zgy\u0171l\u00e9se hagyhat j\u00f3v\u00e1. A r\u00e9szv\u00e9nyesek h\u00e1romnegyed\u00e9nek t\u00e1mogat\u00e1s\u00e1val alakul\u00f3 \u00f3ri\u00e1sv\u00e1llalat a t\u0151zsde negyedik legnagyobb t\u00e1rsas\u00e1g\u00e1v\u00e1 v\u00e1lhat. El\u0151zetes becsl\u00e9sek szerint a v\u00e1llalat kapitaliz\u00e1ci\u00f3ja aktu\u00e1lis \u00e1rfolyamon sz\u00e1molva el\u00e9rheti 350-400 milli\u00e1rd forintot, mik\u00f6zben IFRS szerinti konszolid\u00e1lt saj\u00e1t t\u0151k\u00e9je meghaladja a 320 milli\u00e1rd, 2019 \u00e9vre tervezett EBITDA-ja pedig a 30 milli\u00e1rd forintot. A t\u00e1rsas\u00e1gok egyes\u00fcl\u00e9s\u00e9nek tervezett z\u00e1r\u00e1sa 2019. m\u00e1rcius 31.<br \/>\n<div class=\"ads-in-post2\"><script async src=\"https:\/\/pagead2.googlesyndication.com\/pagead\/js\/adsbygoogle.js\"><\/script>\r\n<ins class=\"adsbygoogle\"\r\n     style=\"display:block\"\r\n     data-ad-format=\"fluid\"\r\n     data-ad-layout-key=\"-6t+ed+2i-1n-4w\"\r\n     data-ad-client=\"ca-pub-1959107119989764\"\r\n     data-ad-slot=\"4008251320\"><\/ins>\r\n<script>\r\n     (adsbygoogle = window.adsbygoogle || []).push({});\r\n<\/script><\/div>\n    A folyamatok el\u0151k\u00e9sz\u00edt\u00e9s\u00e9hez a t\u00e1rsas\u00e1gok nemzetk\u00f6zi h\u00e1tt\u00e9rrel rendelkez\u0151 szak\u00e9rt\u0151ket \u00e9s tan\u00e1csad\u00f3kat k\u00e9rnek fel.<br \/>\n    J\u00e1szai Gell\u00e9rt, a Konzum Nyrt. eln\u00f6k-vez\u00e9rigazgat\u00f3ja a Napi.hu cs\u00fct\u00f6rt\u00f6k d\u00e9lel\u0151tti t\u0151zsdekonferenci\u00e1j\u00e1n hangs\u00falyozta, a f\u00fazi\u00f3 bonyolult jog\u00fcgylet, melyben kiemelt gondoss\u00e1ggal, a befektet\u0151k \u00e9s a r\u00e9szv\u00e9nyesek sz\u00e1m\u00e1ra is a lehet\u0151 leg\u00e1tl\u00e1that\u00f3bb m\u00f3don k\u00edv\u00e1nnak elj\u00e1rni. Az eln\u00f6k-vez\u00e9rigazgat\u00f3 elmondta, a folyamat r\u00e9szek\u00e9nt lehet majd meghat\u00e1rozni az egyes\u00fcl\u00e9s pontos menet\u00e9t, a jogut\u00f3d t\u00e1rsas\u00e1g \u00e1ltal kibocs\u00e1tott r\u00e9szv\u00e9nyek \u00e9rt\u00e9k\u00e9t, darabsz\u00e1m\u00e1t \u00e9s cserear\u00e1ny\u00e1t, melyhez \u00e9rt\u00e9kegyeztet\u00e9s sz\u00fcks\u00e9ges.<br \/>\n    A t\u0151zsdekonferenci\u00e1n elhangzott, hogy a t\u00e1rsas\u00e1gok f\u00fazi\u00f3j\u00e1nak el\u0151felt\u00e9tele, az Opus Global Nyrt.-n\u00e9l id\u00e9n febru\u00e1rban bejelentett t\u0151keemel\u00e9s megval\u00f3s\u00edt\u00e1sa. Az eln\u00f6k-vez\u00e9rigazgat\u00f3 meger\u0151s\u00edtette, hogy a folyamat november 30-ig lez\u00e1rul, melynek eredm\u00e9nyek\u00e9nt az Opus saj\u00e1t t\u0151k\u00e9je &#8211; az el\u0151zetes szak\u00e9rt\u0151i jelent\u00e9s \u00e9rtelm\u00e9ben &#8211; a 250 milli\u00e1rd forintot is meghaladhatja majd, a t\u00e1rsas\u00e1g j\u00f6v\u0151 \u00e9vi EBITDA-ja pedig 20-25 milli\u00e1rd forint lehet.<br \/>\n    J\u00e1szai Gell\u00e9rt arr\u00f3l is besz\u00e9lt, hogy a 2019 \u00e9vi eredm\u00e9ny ut\u00e1n a t\u00e1rsas\u00e1g a tervek szerint osztal\u00e9kot fizethet majd r\u00e9szv\u00e9nyeseinek.<br \/>\n    Az Opus \u00e9s a Konzum f\u00fazi\u00f3ja \u00faj teret nyithat a v\u00e1llalatcsoport jelent\u0151s volumen\u0171, r\u00e9gi\u00f3s n\u00f6veked\u00e9si terveinek megval\u00f3s\u00edt\u00e1s\u00e1hoz &#8211; \u00edrt\u00e1k. A t\u00e1rsas\u00e1g piaci kapitaliz\u00e1ci\u00f3ja, p\u00e9nz\u00fcgyi mutat\u00f3i lehet\u0151v\u00e9 teszi a v\u00e1llalat r\u00e9szv\u00e9nyeinek k\u00fclf\u00f6ldi szab\u00e1lyozott piaci bevezet\u00e9s\u00e9t, tov\u00e1bb\u00e1 a hazai-, illetve az eur\u00f3pai benchmarknak sz\u00e1m\u00edt\u00f3 indexekben val\u00f3 nagyobb s\u00faly\u00fa megjelen\u00e9st. Az egyes\u00fcl\u00e9st k\u00f6vet\u0151en a v\u00e1llalat vonz\u00f3 c\u00e9lpontot jelenthet a k\u00fclf\u00f6ldi int\u00e9zm\u00e9nyi nagybefektet\u0151k, konzervat\u00edv befektet\u00e9si politik\u00e1t folytat\u00f3 alapok sz\u00e1m\u00e1ra is. Ezek egy\u00fcttes hat\u00e1sai pedig jelent\u0151sen sz\u00e9les\u00edtik a t\u00e1rsas\u00e1g forr\u00e1sbevon\u00e1si lehet\u0151s\u00e9geit a nemzetk\u00f6zi \u00e9s a hazai piacokr\u00f3l &#8211; hangs\u00falyozt\u00e1k.(MTI)<\/p>\n","protected":false},"excerpt":{"rendered":"<p>F\u00fazi\u00f3 el\u0151k\u00e9sz\u00edt\u00e9s\u00e9r\u0151l d\u00f6nt\u00f6tt az Opus Global Nyrt. \u00e9s a Konzum Befektet\u00e9si \u00e9s Vagyonkezel\u0151 Nyrt. igazgat\u00f3s\u00e1ga &#8211; k\u00f6z\u00f6lt\u00e9k a t\u00e1rsas\u00e1gok a Budapesti \u00c9rt\u00e9kt\u0151zsde (B\u00c9T) honlapj\u00e1n cs\u00fct\u00f6rt\u00f6k\u00f6n.<\/p>\n","protected":false},"author":1,"featured_media":0,"comment_status":"closed","ping_status":"open","sticky":false,"template":"","format":"standard","meta":[],"categories":[7],"tags":[],"_links":{"self":[{"href":"https:\/\/gazdasagportal.hu\/index.php\/wp-json\/wp\/v2\/posts\/109980"}],"collection":[{"href":"https:\/\/gazdasagportal.hu\/index.php\/wp-json\/wp\/v2\/posts"}],"about":[{"href":"https:\/\/gazdasagportal.hu\/index.php\/wp-json\/wp\/v2\/types\/post"}],"author":[{"embeddable":true,"href":"https:\/\/gazdasagportal.hu\/index.php\/wp-json\/wp\/v2\/users\/1"}],"replies":[{"embeddable":true,"href":"https:\/\/gazdasagportal.hu\/index.php\/wp-json\/wp\/v2\/comments?post=109980"}],"version-history":[{"count":1,"href":"https:\/\/gazdasagportal.hu\/index.php\/wp-json\/wp\/v2\/posts\/109980\/revisions"}],"predecessor-version":[{"id":109981,"href":"https:\/\/gazdasagportal.hu\/index.php\/wp-json\/wp\/v2\/posts\/109980\/revisions\/109981"}],"wp:attachment":[{"href":"https:\/\/gazdasagportal.hu\/index.php\/wp-json\/wp\/v2\/media?parent=109980"}],"wp:term":[{"taxonomy":"category","embeddable":true,"href":"https:\/\/gazdasagportal.hu\/index.php\/wp-json\/wp\/v2\/categories?post=109980"},{"taxonomy":"post_tag","embeddable":true,"href":"https:\/\/gazdasagportal.hu\/index.php\/wp-json\/wp\/v2\/tags?post=109980"}],"curies":[{"name":"wp","href":"https:\/\/api.w.org\/{rel}","templated":true}]}}