{"id":10996,"date":"2013-07-01T14:11:21","date_gmt":"2013-07-01T12:11:21","guid":{"rendered":"http:\/\/stockportal.hu\/?p=10996"},"modified":"2013-07-01T14:11:21","modified_gmt":"2013-07-01T12:11:21","slug":"otp-lakaslizing-helyett-otp-ingatlanlizing","status":"publish","type":"post","link":"https:\/\/gazdasagportal.hu\/index.php\/otp-lakaslizing-helyett-otp-ingatlanlizing\/","title":{"rendered":"OTP Lak\u00e1sl\u00edzing helyett OTP Ingatlanl\u00edzing"},"content":{"rendered":"<p><strong>J\u00fanius utols\u00f3 napj\u00e1t\u00f3l OTP Lak\u00e1sl\u00edzing Zrt. helyett OTP Ingatlanl\u00edzing Zrt. n\u00e9ven folytatja tev\u00e9kenys\u00e9g\u00e9t az OTP Csoport lak\u00f3- \u00e9s kereskedelmi ingatlanok l\u00edzingel\u00e9s\u00e9vel foglalkoz\u00f3 le\u00e1nyv\u00e1llalata &#8211; k\u00f6z\u00f6lte az imm\u00e1r \u00faj nev\u0171 t\u00e1rsas\u00e1g h\u00e9tf\u0151n az MTI-vel.<!--more--><\/strong><\/p>\n<p>A n\u00e9vv\u00e1ltoz\u00e1st &#8211; a k\u00f6zlem\u00e9ny szerint &#8211; az \u00fcgyf\u00e9lf\u00f3kusz kisz\u00e9les\u00edt\u00e9se indokolja, mivel a lakoss\u00e1gi \u00fcgyfelek \u00e9s a lak\u00e1sok mellett els\u0151 l\u00e9p\u00e9sben a kis- \u00e9s k\u00f6z\u00e9pv\u00e1llalkoz\u00e1sok fel\u00e9, k\u00e9s\u0151bb pedig majd a nagyv\u00e1llalkoz\u00e1sok fel\u00e9 is nyitni k\u00edv\u00e1n a c\u00e9g.<br \/>\nA finansz\u00edrozott ingatlanok k\u00f6re ennek megfelel\u0151en b\u0151v\u00fcl majd, p\u00e9ld\u00e1ul a kis- \u00e9s k\u00f6z\u00e9pv\u00e1llalkoz\u00e1sok eset\u00e9ben f\u0151leg kereskedelmi- \u00e9s iroda (rendel\u0151) c\u00e9l\u00fa ingatlanok jelenhetnek meg &#8211; id\u00e9zi a k\u00f6zlem\u00e9ny Vir\u00e1g Attil\u00e1t, az OTP Ingatlanl\u00edzing vez\u00e9rigazgat\u00f3j\u00e1t. A v\u00e1ltoz\u00e1s ellen\u00e9re hossz\u00fa ideig m\u00e9g a lak\u00e1s c\u00e9l\u00fa l\u00edzing lesz a t\u00e1rsas\u00e1g legfontosabb \u00e9s legnagyobb volumen\u0171 finansz\u00edroz\u00e1si ter\u00fclete.<br \/>\nA lak\u00e1sc\u00e9l\u00fa l\u00edzing term\u00e9ket az OTP Ingatlanl\u00edzing Zrt. jogel\u0151dje vezette be 2005-ben Magyarorsz\u00e1gon, az\u00f3ta a t\u00e1rsas\u00e1g folyamatosan piacvezet\u0151 a jelenleg 50 milli\u00e1rd forintosra r\u00fag\u00f3 lakoss\u00e1gi piacon, t\u00f6bb mint 50 sz\u00e1zal\u00e9kos r\u00e9szesed\u00e9ssel. A c\u00e9g szabad felhaszn\u00e1l\u00e1s\u00fa l\u00edzinget is k\u00edn\u00e1l, term\u00e9kei forint mellett eur\u00f3ban is ig\u00e9nyelhet\u0151ek.(MTI)<\/p>\n","protected":false},"excerpt":{"rendered":"<p>J\u00fanius utols\u00f3 napj\u00e1t\u00f3l OTP Lak\u00e1sl\u00edzing Zrt. helyett OTP Ingatlanl\u00edzing Zrt. n\u00e9ven folytatja tev\u00e9kenys\u00e9g\u00e9t az OTP Csoport lak\u00f3- \u00e9s kereskedelmi ingatlanok l\u00edzingel\u00e9s\u00e9vel foglalkoz\u00f3 le\u00e1nyv\u00e1llalata &#8211; k\u00f6z\u00f6lte az imm\u00e1r \u00faj nev\u0171 t\u00e1rsas\u00e1g h\u00e9tf\u0151n az MTI-vel.<\/p>\n","protected":false},"author":1,"featured_media":0,"comment_status":"open","ping_status":"closed","sticky":false,"template":"","format":"standard","meta":[],"categories":[19],"tags":[],"_links":{"self":[{"href":"https:\/\/gazdasagportal.hu\/index.php\/wp-json\/wp\/v2\/posts\/10996"}],"collection":[{"href":"https:\/\/gazdasagportal.hu\/index.php\/wp-json\/wp\/v2\/posts"}],"about":[{"href":"https:\/\/gazdasagportal.hu\/index.php\/wp-json\/wp\/v2\/types\/post"}],"author":[{"embeddable":true,"href":"https:\/\/gazdasagportal.hu\/index.php\/wp-json\/wp\/v2\/users\/1"}],"replies":[{"embeddable":true,"href":"https:\/\/gazdasagportal.hu\/index.php\/wp-json\/wp\/v2\/comments?post=10996"}],"version-history":[{"count":2,"href":"https:\/\/gazdasagportal.hu\/index.php\/wp-json\/wp\/v2\/posts\/10996\/revisions"}],"predecessor-version":[{"id":10998,"href":"https:\/\/gazdasagportal.hu\/index.php\/wp-json\/wp\/v2\/posts\/10996\/revisions\/10998"}],"wp:attachment":[{"href":"https:\/\/gazdasagportal.hu\/index.php\/wp-json\/wp\/v2\/media?parent=10996"}],"wp:term":[{"taxonomy":"category","embeddable":true,"href":"https:\/\/gazdasagportal.hu\/index.php\/wp-json\/wp\/v2\/categories?post=10996"},{"taxonomy":"post_tag","embeddable":true,"href":"https:\/\/gazdasagportal.hu\/index.php\/wp-json\/wp\/v2\/tags?post=10996"}],"curies":[{"name":"wp","href":"https:\/\/api.w.org\/{rel}","templated":true}]}}