{"id":10989,"date":"2013-07-01T13:44:56","date_gmt":"2013-07-01T11:44:56","guid":{"rendered":"http:\/\/stockportal.hu\/?p=10989"},"modified":"2013-07-01T13:45:06","modified_gmt":"2013-07-01T11:45:06","slug":"rekordszintre-emelkedett-az-euroovezeti-munkanelkulisegi-rata-majusban","status":"publish","type":"post","link":"https:\/\/gazdasagportal.hu\/index.php\/rekordszintre-emelkedett-az-euroovezeti-munkanelkulisegi-rata-majusban\/","title":{"rendered":"Rekordszintre emelkedett az eur\u00f3\u00f6vezeti munkan\u00e9lk\u00fclis\u00e9gi r\u00e1ta m\u00e1jusban"},"content":{"rendered":"<p><strong>Az eur\u00f3\u00f6vezeti munkan\u00e9lk\u00fclis\u00e9gi r\u00e1ta rekordszintre n\u0151tt m\u00e1jusban, de \u00edgy is kisebb lett a v\u00e1rtn\u00e1l &#8211; k\u00f6z\u00f6lte az EU statisztikai hivatala, az Eurostat h\u00e9tf\u0151n.<!--more--><\/strong><\/p>\n<p>M\u00e1jusban az elemz\u0151k \u00e1ltal v\u00e1rt 12,3 sz\u00e1zal\u00e9k helyett 12,1 sz\u00e1zal\u00e9kra emelkedett a 17 tag\u00fa eur\u00f3\u00f6vezetben a munkan\u00e9lk\u00fclis\u00e9gi r\u00e1ta az el\u0151z\u0151 havi 12,0 sz\u00e1zal\u00e9kr\u00f3l.<br \/>\nA 27 tag\u00fa Eur\u00f3pai Uni\u00f3ban m\u00e1jusban az \u00e1prilisival megegyez\u0151 10,9 sz\u00e1zal\u00e9kos munkan\u00e9lk\u00fclis\u00e9gi r\u00e1t\u00e1t regisztr\u00e1ltak.<br \/>\nA legalacsonyabb munkan\u00e9lk\u00fclis\u00e9gi r\u00e1t\u00e1t m\u00e1jusban Ausztri\u00e1ban (4,7 sz\u00e1zal\u00e9k), N\u00e9metorsz\u00e1gban (5,3 sz\u00e1zal\u00e9k) \u00e9s Luxemburgban (5,7 sz\u00e1zal\u00e9k) regisztr\u00e1lt\u00e1k. A munkan\u00e9lk\u00fclis\u00e9gi r\u00e1ta a legmagasabb m\u00e1jusban Spanyolorsz\u00e1gban volt 26,9 sz\u00e1zal\u00e9k, illetve (\u00e1prilisban) G\u00f6r\u00f6gorsz\u00e1gban, 26,8 sz\u00e1zal\u00e9k.<br \/>\nAz Eurostat adatai szerint Magyarorsz\u00e1gon (\u00e1prilisban) 10,5 sz\u00e1zal\u00e9kos volt a munkan\u00e9lk\u00fclis\u00e9gi r\u00e1ta, alacsonyabb az eur\u00f3\u00f6vezeti \u00e9s az uni\u00f3s \u00e1tlagn\u00e1l. Lengyelorsz\u00e1gban 10,7 sz\u00e1zal\u00e9k, a Cseh K\u00f6zt\u00e1rsas\u00e1gban 7,2 sz\u00e1zal\u00e9k, Rom\u00e1ni\u00e1ban 7,5 sz\u00e1zal\u00e9k, Szlov\u00e1ki\u00e1ban 14,2 sz\u00e1zal\u00e9k munkan\u00e9lk\u00fclis\u00e9gi r\u00e1t\u00e1t regisztr\u00e1lt az Eurostat m\u00e1jusban.(MTI)<\/p>\n","protected":false},"excerpt":{"rendered":"<p>Az eur\u00f3\u00f6vezeti munkan\u00e9lk\u00fclis\u00e9gi r\u00e1ta rekordszintre n\u0151tt m\u00e1jusban, de \u00edgy is kisebb lett a v\u00e1rtn\u00e1l &#8211; k\u00f6z\u00f6lte az EU statisztikai hivatala, az Eurostat h\u00e9tf\u0151n.<\/p>\n","protected":false},"author":1,"featured_media":0,"comment_status":"open","ping_status":"closed","sticky":false,"template":"","format":"standard","meta":[],"categories":[12],"tags":[],"_links":{"self":[{"href":"https:\/\/gazdasagportal.hu\/index.php\/wp-json\/wp\/v2\/posts\/10989"}],"collection":[{"href":"https:\/\/gazdasagportal.hu\/index.php\/wp-json\/wp\/v2\/posts"}],"about":[{"href":"https:\/\/gazdasagportal.hu\/index.php\/wp-json\/wp\/v2\/types\/post"}],"author":[{"embeddable":true,"href":"https:\/\/gazdasagportal.hu\/index.php\/wp-json\/wp\/v2\/users\/1"}],"replies":[{"embeddable":true,"href":"https:\/\/gazdasagportal.hu\/index.php\/wp-json\/wp\/v2\/comments?post=10989"}],"version-history":[{"count":4,"href":"https:\/\/gazdasagportal.hu\/index.php\/wp-json\/wp\/v2\/posts\/10989\/revisions"}],"predecessor-version":[{"id":10993,"href":"https:\/\/gazdasagportal.hu\/index.php\/wp-json\/wp\/v2\/posts\/10989\/revisions\/10993"}],"wp:attachment":[{"href":"https:\/\/gazdasagportal.hu\/index.php\/wp-json\/wp\/v2\/media?parent=10989"}],"wp:term":[{"taxonomy":"category","embeddable":true,"href":"https:\/\/gazdasagportal.hu\/index.php\/wp-json\/wp\/v2\/categories?post=10989"},{"taxonomy":"post_tag","embeddable":true,"href":"https:\/\/gazdasagportal.hu\/index.php\/wp-json\/wp\/v2\/tags?post=10989"}],"curies":[{"name":"wp","href":"https:\/\/api.w.org\/{rel}","templated":true}]}}