{"id":109867,"date":"2018-10-15T16:47:16","date_gmt":"2018-10-15T14:47:16","guid":{"rendered":"http:\/\/gazdasagportal.hu\/?p=109867"},"modified":"2018-10-15T16:08:17","modified_gmt":"2018-10-15T14:08:17","slug":"varga-a-penzzel-valo-gazdalkodas-eleten-at-tarto-tanulast-jelent","status":"publish","type":"post","link":"https:\/\/gazdasagportal.hu\/index.php\/varga-a-penzzel-valo-gazdalkodas-eleten-at-tarto-tanulast-jelent\/","title":{"rendered":"Varga: a p\u00e9nzzel val\u00f3 gazd\u00e1lkod\u00e1s \u00e9leten \u00e1t tart\u00f3 tanul\u00e1st jelent"},"content":{"rendered":"<p><strong>A p\u00e9nzzel val\u00f3 felel\u0151s gazd\u00e1lkod\u00e1s egy \u00e9leten \u00e1t tart\u00f3 tanul\u00e1st jelent &#8211; mondta a p\u00e9nz\u00fcgyminiszter h\u00e9tf\u0151n Debrecenben, amikor az egyetem gazdas\u00e1gtudom\u00e1nyi kar\u00e1n \u00e1tadta az orsz\u00e1gos Fintelligence P\u00e9nz\u00fcgyi Eduk\u00e1ci\u00f3s H\u00e1l\u00f3zat leg\u00fajabb tagj\u00e1t, az egyetem \u00e9s az Erste Bank k\u00f6z\u00f6s finansz\u00edroz\u00e1s\u00e1ban kialak\u00edtott p\u00e9nz\u00fcgyi labort (Fintelligence Lab).<\/strong><!--more--><\/p>\n<div class=\"ads-in-post1\"><div id=\"gazdasagportal.hu_fullbanner_wideboard\"><\/div>\r\n<\/div>\n<p>Varga Mih\u00e1ly hozz\u00e1tette: a korm\u00e1ny felfog\u00e1sa szerint a p\u00e9nz\u00fcgyi tudatoss\u00e1g fejleszt\u00e9se fontos gazdas\u00e1gi-t\u00e1rsadalmi \u00e9rdek. A p\u00e9nz\u00fcgyi j\u00e1rtass\u00e1g fejleszt\u00e9s\u00e9re dolgozta ki a korm\u00e1ny a 2017-t\u0151l 2023-ig sz\u00f3l\u00f3, h\u00e9t \u00e9ves nemzeti p\u00e9nz\u00fcgyi tudatoss\u00e1g-fejleszt\u00e9si strat\u00e9gi\u00e1t &#8211; jelezte a miniszter.<br \/>\nA korm\u00e1ny c\u00e9lja az, hogy minden koroszt\u00e1lyhoz eljusson a p\u00e9nz\u00fcgyi tudatoss\u00e1g fejleszt\u00e9se, de a munka sor\u00e1n kiemelt figyelmet ford\u00edt a fiatalok felv\u00e9rtez\u00e9s\u00e9re gyakorlati p\u00e9nz\u00fcgyi ismeretekkel, ez\u00e9rt d\u00f6nt\u00f6ttek a p\u00e9nz\u00fcgyi oktat\u00e1s \u00e1ltal\u00e1noss\u00e1 t\u00e9tel\u00e9r\u0151l a k\u00f6znevel\u00e9s rendszer\u00e9n bel\u00fcl. Ez az\u00e9rt is fontos, mert azok, akik fiatal korban magabiztosabbak a p\u00e9nz\u00fcgyekben, k\u00f6nnyebben v\u00e1lhatnak k\u00e9s\u0151bb v\u00e1llalkoz\u00f3v\u00e1 is &#8211; tudatta a miniszter.<br \/>\nVarga Mih\u00e1ly sz\u00f3lt arr\u00f3l, hogy er\u0151s\u00edteni kell a csal\u00e1dok tudatos p\u00e9nz\u00fcgyi tervez\u00e9s\u00e9t \u00e9s b\u0151v\u00edteni kell az id\u0151sebb koroszt\u00e1ly ismereteit.<br \/>\nFelh\u00edvta a figyelmet, hogy az egyik legfontosabb c\u00e9l a modern p\u00e9nz\u00fcgyi ismeretekre legfog\u00e9konyabb koroszt\u00e1ly, a fels\u0151oktat\u00e1sban tanul\u00f3k el\u00e9r\u00e9se. Ennek kiv\u00e1l\u00f3 eszk\u00f6ze a Fintelligence P\u00e9nz\u00fcgyi Eduk\u00e1ci\u00f3s H\u00e1l\u00f3zat, ahol \u00e9lm\u00e9nyalap\u00fa ismeret\u00e1tad\u00e1ssal vezetik be a hallgat\u00f3kat a t\u00e9m\u00e1ba.<br \/>\nEl kell \u00e9rni, hogy minden r\u00e9gi\u00f3ban l\u00e9tes\u00fclj\u00f6n ilyen eduk\u00e1ci\u00f3s k\u00f6zpont &#8211; mondta Varga Mih\u00e1ly megjegyezve, hogy a Debreceni Egyetem (DE), a p\u00e9nz\u00fcgyi labor kialak\u00edt\u00e1s\u00e1val \u00fajabb fontos l\u00e9p\u00e9st tett, hogy a di\u00e1kokat felk\u00e9sz\u00edtse a k\u00e9s\u0151bbi \u00e9let\u00fckben meghozand\u00f3 p\u00e9nz\u00fcgyi d\u00f6nt\u00e9sekre.<br \/>\n<div class=\"ads-in-post2\"><script async src=\"https:\/\/pagead2.googlesyndication.com\/pagead\/js\/adsbygoogle.js\"><\/script>\r\n<ins class=\"adsbygoogle\"\r\n     style=\"display:block\"\r\n     data-ad-format=\"fluid\"\r\n     data-ad-layout-key=\"-6t+ed+2i-1n-4w\"\r\n     data-ad-client=\"ca-pub-1959107119989764\"\r\n     data-ad-slot=\"4008251320\"><\/ins>\r\n<script>\r\n     (adsbygoogle = window.adsbygoogle || []).push({});\r\n<\/script><\/div>\nKov\u00e1cs Levente, a Magyar Banksz\u00f6vets\u00e9g f\u0151titk\u00e1ra azt mondta, terveik szerint a miskolci \u00e9s a debreceni Fintelligence Lab \u00e1tad\u00e1sa ut\u00e1n P\u00e9csett, Budapesten, Szegeden \u00e9s Kolozsv\u00e1ron alak\u00edtanak ki modern p\u00e9nz\u00fcgyi laborokat k\u00fcl\u00f6nb\u00f6z\u0151 bankok anyagi \u00e9s szakmai t\u00e1mogat\u00e1s\u00e1val.<br \/>\nRadovan Jelasity, az Erste Bank vez\u00e9rigazgat\u00f3ja a fejl\u0151d\u00e9s egyik g\u00e1tj\u00e1nak nevezte a p\u00e9nz\u00fcgyi ismeretek hi\u00e1ny\u00e1t. A t\u00e1mogat\u00e1sukkal l\u00e9trehozott debreceni p\u00e9nz\u00fcgyi labornak is az a c\u00e9lja, hogy a p\u00e9nz\u00fcgyi tudatoss\u00e1g, a p\u00e9nz\u00fcgyi kult\u00fara fejleszt\u00e9s\u00e9t a legmodernebb technik\u00e1val seg\u00edtse.<br \/>\nSzilv\u00e1ssy Zolt\u00e1n, a DE rektora hozz\u00e1tette: egyetem\u00fck saj\u00e1tos egy\u00fcttm\u0171k\u00f6d\u00e9si rendszert alak\u00edtott ki a korm\u00e1nnyal, a v\u00e1llalati szf\u00e9r\u00e1val \u00e9s a p\u00e9nzint\u00e9zetekkel, ami a bizalmon alapul \u00e9s hozz\u00e1j\u00e1rul az int\u00e9zm\u00e9ny oktat\u00e1si, tudom\u00e1nyos, innov\u00e1ci\u00f3s c\u00e9ljainak megval\u00f3s\u00edt\u00e1s\u00e1hoz.<br \/>\nB\u00e1cs Zolt\u00e1n egyetemi kancell\u00e1r a labor bemutat\u00e1sakor elmondta: a Fintelligence Lab 36 sz\u00e1m\u00edt\u00f3g\u00e9p\u00e9n els\u0151sorban a DE gazdas\u00e1gtudom\u00e1nyi kar p\u00e9nz\u00fcgy-sz\u00e1mviteli alapk\u00e9pz\u00e9s\u00e9ben r\u00e9sztvev\u0151 hallgat\u00f3knak lesz lehet\u0151s\u00e9g\u00fck a p\u00e9nzvil\u00e1gban jelenleg haszn\u00e1lt leg\u00fajabb technol\u00f3gi\u00e1kat \u00e9s alkalmaz\u00e1sokat megismerni a speci\u00e1lisan felszerelt tanteremben.<br \/>\nA j\u00f6v\u0151ben meghirdetik az egyetem b\u00e1rmely hallgat\u00f3ja \u00e1ltal felvehet\u0151 alapszint\u0171 gyakorlati p\u00e9nz\u00fcgyi k\u00e9pz\u00e9st biztos\u00edt\u00f3 kurzusokat, \u00e9s k\u00f6z\u00e9piskol\u00e1s oszt\u00e1lyok is r\u00e9szt vehetnek interakt\u00edv p\u00e9nz\u00fcgy\u00f3r\u00e1kon &#8211; ismertette B\u00e1cs Zolt\u00e1n.(MTI)<\/p>\n<p>&nbsp;<\/p><div id=\"gazda-3577994964\" class=\"gazda-tartalomban gazda-entity-placement\"><script async src=\"https:\/\/pagead2.googlesyndication.com\/pagead\/js\/adsbygoogle.js\"><\/script>\r\n<ins class=\"adsbygoogle\"\r\n     style=\"display:block\"\r\n     data-ad-format=\"fluid\"\r\n     data-ad-layout-key=\"-6t+ed+2i-1n-4w\"\r\n     data-ad-client=\"ca-pub-1959107119989764\"\r\n     data-ad-slot=\"4008251320\"><\/ins>\r\n<script>\r\n     (adsbygoogle = window.adsbygoogle || []).push({});\r\n<\/script><\/div>\n","protected":false},"excerpt":{"rendered":"<p>A p\u00e9nzzel val\u00f3 felel\u0151s gazd\u00e1lkod\u00e1s egy \u00e9leten \u00e1t tart\u00f3 tanul\u00e1st jelent &#8211; mondta a p\u00e9nz\u00fcgyminiszter h\u00e9tf\u0151n Debrecenben, amikor az egyetem gazdas\u00e1gtudom\u00e1nyi kar\u00e1n \u00e1tadta az orsz\u00e1gos Fintelligence P\u00e9nz\u00fcgyi Eduk\u00e1ci\u00f3s H\u00e1l\u00f3zat leg\u00fajabb tagj\u00e1t, az egyetem \u00e9s az Erste Bank k\u00f6z\u00f6s finansz\u00edroz\u00e1s\u00e1ban kialak\u00edtott p\u00e9nz\u00fcgyi labort (Fintelligence Lab).<\/p>\n","protected":false},"author":1,"featured_media":0,"comment_status":"closed","ping_status":"open","sticky":false,"template":"","format":"standard","meta":[],"categories":[19],"tags":[],"_links":{"self":[{"href":"https:\/\/gazdasagportal.hu\/index.php\/wp-json\/wp\/v2\/posts\/109867"}],"collection":[{"href":"https:\/\/gazdasagportal.hu\/index.php\/wp-json\/wp\/v2\/posts"}],"about":[{"href":"https:\/\/gazdasagportal.hu\/index.php\/wp-json\/wp\/v2\/types\/post"}],"author":[{"embeddable":true,"href":"https:\/\/gazdasagportal.hu\/index.php\/wp-json\/wp\/v2\/users\/1"}],"replies":[{"embeddable":true,"href":"https:\/\/gazdasagportal.hu\/index.php\/wp-json\/wp\/v2\/comments?post=109867"}],"version-history":[{"count":1,"href":"https:\/\/gazdasagportal.hu\/index.php\/wp-json\/wp\/v2\/posts\/109867\/revisions"}],"predecessor-version":[{"id":109868,"href":"https:\/\/gazdasagportal.hu\/index.php\/wp-json\/wp\/v2\/posts\/109867\/revisions\/109868"}],"wp:attachment":[{"href":"https:\/\/gazdasagportal.hu\/index.php\/wp-json\/wp\/v2\/media?parent=109867"}],"wp:term":[{"taxonomy":"category","embeddable":true,"href":"https:\/\/gazdasagportal.hu\/index.php\/wp-json\/wp\/v2\/categories?post=109867"},{"taxonomy":"post_tag","embeddable":true,"href":"https:\/\/gazdasagportal.hu\/index.php\/wp-json\/wp\/v2\/tags?post=109867"}],"curies":[{"name":"wp","href":"https:\/\/api.w.org\/{rel}","templated":true}]}}