{"id":109860,"date":"2018-10-15T15:15:11","date_gmt":"2018-10-15T13:15:11","guid":{"rendered":"http:\/\/gazdasagportal.hu\/?p=109860"},"modified":"2018-10-16T14:26:44","modified_gmt":"2018-10-16T12:26:44","slug":"fidesz-nagy-extraprofittal-keves-eredmennyel-mukodnek-a-lakastakarekpenztarak","status":"publish","type":"post","link":"https:\/\/gazdasagportal.hu\/index.php\/fidesz-nagy-extraprofittal-keves-eredmennyel-mukodnek-a-lakastakarekpenztarak\/","title":{"rendered":"Fidesz: nagy extraprofittal, kev\u00e9s eredm\u00e9nnyel m\u0171k\u00f6dnek a lak\u00e1stakar\u00e9kp\u00e9nzt\u00e1rak"},"content":{"rendered":"<p><strong>Felmen\u0151 rendszerben megsz\u00fcntetn\u00e9 a lak\u00e1stakar\u00e9kp\u00e9nzt\u00e1rak \u00e1llami t\u00e1mogat\u00e1s\u00e1t az a t\u00f6rv\u00e9nyjavaslat, amelyet B\u00e1nki Erik, a gazdas\u00e1gi bizotts\u00e1g fideszes eln\u00f6ke ny\u00fajtott be az Orsz\u00e1ggy\u0171l\u00e9snek h\u00e9tf\u0151n.<\/strong><!--more--><\/p>\n<div class=\"ads-in-post1\"><div id=\"gazdasagportal.hu_fullbanner_wideboard\"><\/div>\r\n<\/div>\n<p>    B\u00e1nki Erik, a gazdas\u00e1gi bizotts\u00e1g \u00fcl\u00e9se el\u0151tt tartott sajt\u00f3t\u00e1j\u00e9koztat\u00f3j\u00e1n a javaslatot azzal indokolta: a lak\u00e1stakar\u00e9kp\u00e9nzt\u00e1rak konstrukci\u00f3ja nem volt kell\u0151 hat\u00e9konys\u00e1g\u00fa \u00e9s az elm\u00falt id\u0151szakban nem szolg\u00e1lta olyan akt\u00edvan \u00e9s eredm\u00e9nyesen az otthonteremt\u00e9st, mint elv\u00e1rt\u00e1k volna, emellett pedig 2010 \u00f3ta 60 milli\u00e1rd forint extraprofitra tettek szert a programot m\u0171k\u00f6dtet\u0151k \u00e9s forgalmaz\u00f3k.<br \/>\n    A gazdas\u00e1gi bizotts\u00e1g fideszes eln\u00f6ke k\u00f6z\u00f6lte: a t\u00f6rv\u00e9nyjavaslat szerint felmen\u0151 rendszerben vezetn\u00e9k ki a programot, \u00edgy az ind\u00edtv\u00e1ny az eddig megk\u00f6t\u00f6tt szerz\u0151d\u00e9seket nem \u00e9rinti, azokra a futamid\u0151 v\u00e9g\u00e9ig j\u00e1r az \u00e9vi maximum 72 ezer forintos \u00e1llami t\u00e1mogat\u00e1s.<br \/>\n<div class=\"ads-in-post2\"><script async src=\"https:\/\/pagead2.googlesyndication.com\/pagead\/js\/adsbygoogle.js\"><\/script>\r\n<ins class=\"adsbygoogle\"\r\n     style=\"display:block\"\r\n     data-ad-format=\"fluid\"\r\n     data-ad-layout-key=\"-6t+ed+2i-1n-4w\"\r\n     data-ad-client=\"ca-pub-1959107119989764\"\r\n     data-ad-slot=\"4008251320\"><\/ins>\r\n<script>\r\n     (adsbygoogle = window.adsbygoogle || []).push({});\r\n<\/script><\/div>\n    Hozz\u00e1tette: a konstrukci\u00f3 fennmaradhat, de a t\u00f6rv\u00e9ny hat\u00e1lyba l\u00e9p\u00e9s\u00e9t k\u00f6vet\u0151en \u00faj lak\u00e1stakar\u00e9kp\u00e9nzt\u00e1ri szerz\u0151d\u00e9st \u00e1llami t\u00e1mogat\u00e1ssal m\u00e1r nem lehet k\u00f6tni.<br \/>\n    Az a c\u00e9l, hogy az extraprofit, ami ezen a ter\u00fcleten realiz\u00e1l\u00f3dott a lak\u00e1stakar\u00e9kp\u00e9nzt\u00e1rak forgalmaz\u00f3inak, az a magyar csal\u00e1dokhoz ker\u00fclj\u00f6n, a magyar csal\u00e1dok otthonteremt\u00e9si programj\u00e1ra tudjuk ford\u00edtani &#8211; hangs\u00falyozta.<br \/>\n    A javaslat el\u0151k\u00e9sz\u00edt\u00e9s\u00e9r\u0151l sz\u00f3lva elmondta: Fidesz gazdas\u00e1gi kabinetje \u00e1ttekintette az elm\u00falt \u00e9vek otthonteremt\u00e9si t\u00e1mogat\u00e1sinak m\u0171k\u00f6d\u00e9si hat\u00e9konys\u00e1g\u00e1t \u00e9s a lak\u00e1stakakara\u00e9kp\u00e9nzt\u00e1rak m\u0171k\u00f6d\u00e9s\u00e9nek az otthonteremt\u00e9sre kifejtett hat\u00e1s\u00e1t, \u00e9s azt \u00e1llap\u00edtotta meg, hogy a lak\u00e1stakar\u00e9kp\u00e9nzt\u00e1ri konstrukci\u00f3k kiemelt t\u00e1mogat\u00e1suk ellen\u00e9re nem v\u00e1ltott\u00e1k be a hozz\u00e1juk f\u0171z\u00f6tt rem\u00e9nyeket. Az esetek nagy r\u00e9sz\u00e9ben &#8211; folytatta &#8211; ezekb\u0151l a megtakar\u00edt\u00e1sokb\u00f3l nem \u00faj lak\u00e1s\u00e9p\u00edt\u00e9s vagy v\u00e1s\u00e1rl\u00e1s t\u00f6rt\u00e9nt meg, hanem olyan fel\u00faj\u00edt\u00e1sokra \u00e1talak\u00edt\u00e1sokra k\u00f6lt\u00f6tt\u00e9k, amelyek szerinte nem szolg\u00e1lj\u00e1k a magyar korm\u00e1ny otthonteremt\u00e9si t\u00e1mogat\u00e1si programj\u00e1t.<br \/>\n    Arra a k\u00e9rd\u00e9sre, hogy van-e elk\u00e9pzel\u00e9s a csok felt\u00e9teleinek v\u00e1ltoztat\u00e1s\u00e1ra, B\u00e1nki Erik azt mondta: a frakci\u00f3 elv\u00e1r\u00e1sa az volt, hogy a lak\u00e1stakar\u00e9kp\u00e9nzt\u00e1rak t\u00e1mogat\u00e1sa az otthonteremt\u00e9si programokban realiz\u00e1l\u00f3djon j\u00f6v\u0151re. Arra k\u00e9rt\u00e9k a korm\u00e1nyt, hogy ezt min\u00e9l el\u0151bb t\u00e1rgyalja meg &#8211; tette hozz\u00e1.<br \/>\n    K\u00e9rd\u00e9sre v\u00e1laszolva k\u00f6z\u00f6lte: a t\u00f6rv\u00e9ny hat\u00e1lybal\u00e9p\u00e9snek napja att\u00f3l f\u00fcgg, mikor fogadja el azt a parlament.(MTI)<\/p>\n","protected":false},"excerpt":{"rendered":"<p>Felmen\u0151 rendszerben megsz\u00fcntetn\u00e9 a lak\u00e1stakar\u00e9kp\u00e9nzt\u00e1rak \u00e1llami t\u00e1mogat\u00e1s\u00e1t az a t\u00f6rv\u00e9nyjavaslat, amelyet B\u00e1nki Erik, a gazdas\u00e1gi bizotts\u00e1g fideszes eln\u00f6ke ny\u00fajtott be az Orsz\u00e1ggy\u0171l\u00e9snek h\u00e9tf\u0151n.<\/p>\n","protected":false},"author":1,"featured_media":0,"comment_status":"closed","ping_status":"open","sticky":false,"template":"","format":"standard","meta":[],"categories":[4,19],"tags":[422,423],"_links":{"self":[{"href":"https:\/\/gazdasagportal.hu\/index.php\/wp-json\/wp\/v2\/posts\/109860"}],"collection":[{"href":"https:\/\/gazdasagportal.hu\/index.php\/wp-json\/wp\/v2\/posts"}],"about":[{"href":"https:\/\/gazdasagportal.hu\/index.php\/wp-json\/wp\/v2\/types\/post"}],"author":[{"embeddable":true,"href":"https:\/\/gazdasagportal.hu\/index.php\/wp-json\/wp\/v2\/users\/1"}],"replies":[{"embeddable":true,"href":"https:\/\/gazdasagportal.hu\/index.php\/wp-json\/wp\/v2\/comments?post=109860"}],"version-history":[{"count":1,"href":"https:\/\/gazdasagportal.hu\/index.php\/wp-json\/wp\/v2\/posts\/109860\/revisions"}],"predecessor-version":[{"id":109861,"href":"https:\/\/gazdasagportal.hu\/index.php\/wp-json\/wp\/v2\/posts\/109860\/revisions\/109861"}],"wp:attachment":[{"href":"https:\/\/gazdasagportal.hu\/index.php\/wp-json\/wp\/v2\/media?parent=109860"}],"wp:term":[{"taxonomy":"category","embeddable":true,"href":"https:\/\/gazdasagportal.hu\/index.php\/wp-json\/wp\/v2\/categories?post=109860"},{"taxonomy":"post_tag","embeddable":true,"href":"https:\/\/gazdasagportal.hu\/index.php\/wp-json\/wp\/v2\/tags?post=109860"}],"curies":[{"name":"wp","href":"https:\/\/api.w.org\/{rel}","templated":true}]}}