{"id":109853,"date":"2018-10-15T13:59:41","date_gmt":"2018-10-15T11:59:41","guid":{"rendered":"http:\/\/gazdasagportal.hu\/?p=109853"},"modified":"2018-10-15T14:33:53","modified_gmt":"2018-10-15T12:33:53","slug":"tuszejtes-tortent-kolnben","status":"publish","type":"post","link":"https:\/\/gazdasagportal.hu\/index.php\/tuszejtes-tortent-kolnben\/","title":{"rendered":"T\u00faszejt\u00e9s t\u00f6rt\u00e9nt K\u00f6lnben"},"content":{"rendered":"<p><strong>T\u00faszejt\u00e9s t\u00f6rt\u00e9nt h\u00e9tf\u0151n a n\u00e9metorsz\u00e1gi K\u00f6lnben, a nagyv\u00e1ros f\u0151p\u00e1lyaudvar\u00e1n\u00e1l.<\/strong><!--more--><\/p>\n<div class=\"ads-in-post1\"><div id=\"gazdasagportal.hu_fullbanner_wideboard\"><\/div>\r\n<\/div>\n<p>A sz\u00f6vets\u00e9gi rend\u0151rs\u00e9g \u00c9szak-Rajna-Vesztf\u00e1lia tartom\u00e1nyi szervezete k\u00f6z\u00f6lte, hogy a t\u00faszejt\u00e9s a f\u0151p\u00e1lyaudvar melletti t\u00e9r, a Breslauer Platz t\u00e9rs\u00e9g\u00e9ben t\u00f6rt\u00e9nt, a helysz\u00ednre bevet\u00e9si egys\u00e9geket k\u00fcldtek, \u00e9s igyekeznek felt\u00e1rni a helyzetet.<br \/>\n    Azzal kapcsolatban, hogy sajt\u00f3jelent\u00e9sek szerint l\u00f6v\u00e9seket lehetett hallani, hangs\u00falyozt\u00e1k, hogy nincsen ilyen inform\u00e1ci\u00f3juk, \u00e9s k\u00e9rik, hogy senki ne terjesszen h\u00edresztel\u00e9seket \u00e9s tal\u00e1lgat\u00e1sokat, hanem v\u00e1rja be a hivatalos t\u00e1j\u00e9koztat\u00e1st.<div class=\"ads-in-post2\"><script async src=\"https:\/\/pagead2.googlesyndication.com\/pagead\/js\/adsbygoogle.js\"><\/script>\r\n<ins class=\"adsbygoogle\"\r\n     style=\"display:block\"\r\n     data-ad-format=\"fluid\"\r\n     data-ad-layout-key=\"-6t+ed+2i-1n-4w\"\r\n     data-ad-client=\"ca-pub-1959107119989764\"\r\n     data-ad-slot=\"4008251320\"><\/ins>\r\n<script>\r\n     (adsbygoogle = window.adsbygoogle || []).push({});\r\n<\/script><\/div>\n    Az Express c\u00edm\u0171 k\u00f6lni lap szerint a t\u00faszejt\u00e9s egy gy\u00f3gyszert\u00e1rban t\u00f6rt\u00e9nt a f\u0151p\u00e1lyaudvar \u00e9p\u00fclet\u00e9ben.<br \/>\n    A p\u00e1lyaudvarok biztons\u00e1g\u00e1\u00e9rt felel\u0151s sz\u00f6vets\u00e9gi rend\u0151rs\u00e9ghez 13 \u00f3ra k\u00f6r\u00fcl jutott el, hogy egy fegyveres tart\u00f3zkodik a gy\u00f3gyszert\u00e1rban. Az \u00fczletb\u0151l f\u00fcst \u00e1ramlott ki, ez\u00e9rt a t\u0171zolt\u00f3kat is riasztott\u00e1k &#8211; \u00e1ll a besz\u00e1mol\u00f3ban.<br \/>\n    A k\u00f6lni belv\u00e1rosban fekv\u0151 f\u0151p\u00e1lyaudvart ki\u00fcr\u00edtett\u00e9k, a k\u00f6rny\u00e9ket lez\u00e1rt\u00e1k.(MTI)<\/p>\n","protected":false},"excerpt":{"rendered":"<p>T\u00faszejt\u00e9s t\u00f6rt\u00e9nt h\u00e9tf\u0151n a n\u00e9metorsz\u00e1gi K\u00f6lnben, a nagyv\u00e1ros f\u0151p\u00e1lyaudvar\u00e1n\u00e1l.<\/p>\n","protected":false},"author":1,"featured_media":0,"comment_status":"closed","ping_status":"open","sticky":false,"template":"","format":"standard","meta":[],"categories":[12,48],"tags":[],"_links":{"self":[{"href":"https:\/\/gazdasagportal.hu\/index.php\/wp-json\/wp\/v2\/posts\/109853"}],"collection":[{"href":"https:\/\/gazdasagportal.hu\/index.php\/wp-json\/wp\/v2\/posts"}],"about":[{"href":"https:\/\/gazdasagportal.hu\/index.php\/wp-json\/wp\/v2\/types\/post"}],"author":[{"embeddable":true,"href":"https:\/\/gazdasagportal.hu\/index.php\/wp-json\/wp\/v2\/users\/1"}],"replies":[{"embeddable":true,"href":"https:\/\/gazdasagportal.hu\/index.php\/wp-json\/wp\/v2\/comments?post=109853"}],"version-history":[{"count":2,"href":"https:\/\/gazdasagportal.hu\/index.php\/wp-json\/wp\/v2\/posts\/109853\/revisions"}],"predecessor-version":[{"id":109856,"href":"https:\/\/gazdasagportal.hu\/index.php\/wp-json\/wp\/v2\/posts\/109853\/revisions\/109856"}],"wp:attachment":[{"href":"https:\/\/gazdasagportal.hu\/index.php\/wp-json\/wp\/v2\/media?parent=109853"}],"wp:term":[{"taxonomy":"category","embeddable":true,"href":"https:\/\/gazdasagportal.hu\/index.php\/wp-json\/wp\/v2\/categories?post=109853"},{"taxonomy":"post_tag","embeddable":true,"href":"https:\/\/gazdasagportal.hu\/index.php\/wp-json\/wp\/v2\/tags?post=109853"}],"curies":[{"name":"wp","href":"https:\/\/api.w.org\/{rel}","templated":true}]}}