{"id":109810,"date":"2018-10-13T13:10:52","date_gmt":"2018-10-13T11:10:52","guid":{"rendered":"http:\/\/gazdasagportal.hu\/?p=109810"},"modified":"2018-10-13T13:10:52","modified_gmt":"2018-10-13T11:10:52","slug":"kettos-allampolgarsagi-vita-klimkin-alaptalan-a-magyarokat-hazaarulassal-vadolni","status":"publish","type":"post","link":"https:\/\/gazdasagportal.hu\/index.php\/kettos-allampolgarsagi-vita-klimkin-alaptalan-a-magyarokat-hazaarulassal-vadolni\/","title":{"rendered":"Kett\u0151s \u00e1llampolg\u00e1rs\u00e1gi vita &#8211; Klimkin: alaptalan a magyarokat haza\u00e1rul\u00e1ssal v\u00e1dolni"},"content":{"rendered":"<p><strong>Alaptalannak nevezte a k\u00e1rp\u00e1taljai magyarokkal szemben felhozott haza\u00e1rul\u00e1s-v\u00e1dat p\u00e9nteken Pavlo Klimkin ukr\u00e1n k\u00fcl\u00fcgyminiszter, kijelentve, hogy a kett\u0151s \u00e1llampolg\u00e1rs\u00e1g k\u00e9rd\u00e9s\u00e9t \u00fagy kell megoldani, hogy ne szenvedjenek k\u00e1rt azok, akiknek m\u00e1r k\u00e9t \u00fatlevel\u00fck van. K\u00f6z\u00f6lte egy\u00fattal, hogy okt\u00f3ber 13-\u00e1n Ungv\u00e1rra l\u00e1togat, ahol t\u00e1rgyal a k\u00e1rp\u00e1taljai magyar k\u00f6z\u00f6ss\u00e9g vezet\u0151ivel.<\/strong><!--more--><\/p>\n<div class=\"ads-in-post1\"><div id=\"gazdasagportal.hu_fullbanner_wideboard\"><\/div>\r\n<\/div>\n<p>    A Facebook-oldal\u00e1n tett bejegyz\u00e9s\u00e9ben Klimkin hozz\u00e1tette, \u00f6r\u00fcl a K\u00e1rp\u00e1taljai Magyar Kultur\u00e1lis Sz\u00f6vets\u00e9g (KMKSZ) megh\u00edv\u00e1s\u00e1nak \u00e9s a tal\u00e1lkoz\u00f3nak, mert &#8211; mint fogalmazott &#8211; szereti a szemt\u0151l szemben folytatott \u0151szinte p\u00e1rbesz\u00e9det, mert ez sokkal hasznosabb \u00e9s tisztess\u00e9gesebb, mint a populista kirohan\u00e1sok vagy a h\u00e1t m\u00f6g\u00f6tti lesz\u00f3l\u00e1s.<br \/>\n    Klimkin jelezte, sz\u00e1m\u00e1ra fontos, hogy besz\u00e9ljen azokkal az ukrajnai magyarokkal, akiknek az \u00e9rdekeit k\u00f6zvetlen\u00fcl \u00e9rinti a Kijev \u00e9s Budapest k\u00f6z\u00f6tti fesz\u00fclt viszony. K\u00e9szen \u00e1llok az elvszer\u0171 vit\u00e1ra a b\u00edr\u00e1l\u00f3immal \u00e9s opponenseimmel &#8211; \u00edrta.<br \/>\n<div class=\"ads-in-post2\"><script async src=\"https:\/\/pagead2.googlesyndication.com\/pagead\/js\/adsbygoogle.js\"><\/script>\r\n<ins class=\"adsbygoogle\"\r\n     style=\"display:block\"\r\n     data-ad-format=\"fluid\"\r\n     data-ad-layout-key=\"-6t+ed+2i-1n-4w\"\r\n     data-ad-client=\"ca-pub-1959107119989764\"\r\n     data-ad-slot=\"4008251320\"><\/ins>\r\n<script>\r\n     (adsbygoogle = window.adsbygoogle || []).push({});\r\n<\/script><\/div>\n    A t\u00e1rcavezet\u0151 \u00fagy v\u00e9lte, minden alapot n\u00e9lk\u00fcl\u00f6z a kett\u0151s \u00e1llampolg\u00e1rs\u00e1g\u00fa k\u00e1rp\u00e1taljai magyarok haza\u00e1rul\u00e1ssal vagy szeparatizmussal t\u00f6rt\u00e9n\u0151 v\u00e1dol\u00e1sa, de &#8211; mint fogalmazott &#8211; szil\u00e1rd meggy\u0151z\u0151d\u00e9se, hogy &#8222;Budapest jelenlegi \u00e1ll\u00e1spontja val\u00f3j\u00e1ban \u00e1rt a k\u00e1rp\u00e1taljai magyaroknak&#8221;. Szerinte ugyanis a magyar fiatalok az iskola befejez\u00e9se ut\u00e1n k\u00e9t mondatot sem tudnak egym\u00e1sba f\u0171zni ukr\u00e1nul.<br \/>\n    Bejegyz\u00e9s\u00e9ben a k\u00fcl\u00fcgyminiszter hangs\u00falyozta, amellett sz\u00e1ll s\u00edkra, hogy a kett\u0151s \u00e1llampolg\u00e1rs\u00e1g k\u00e9rd\u00e9s\u00e9t \u00fagy oldj\u00e1k meg, hogy ne szenvedjenek k\u00e1rt azok, akiknek m\u00e1r k\u00e9t \u00fatlevel\u00fck van. Jelezte, els\u0151k\u00e9nt javasolta, hogy kezd\u0151dj\u00f6n vita a probl\u00e9ma megold\u00e1s\u00e1r\u00f3l, s\u0151t azt, hogy vizsg\u00e1lj\u00e1k meg &#8222;a kett\u0151s \u00e1llampolg\u00e1rs\u00e1g megfontolt \u00e9s kiegyens\u00falyozott alkalmaz\u00e1s\u00e1nak lehet\u0151s\u00e9g\u00e9t&#8221;, de szerinte ez nem jutott el a b\u00edr\u00e1l\u00f3i f\u00fcl\u00e9ig.<br \/>\n    Pavlo Klimkin v\u00e9gezet\u00fcl megjegyezte, hogy a k\u00e1rp\u00e1taljai helyzetet minden bizonnyal a saj\u00e1t haszn\u00e1ra igyekszik felhaszn\u00e1lni Oroszorsz\u00e1g, amely alapvet\u0151 vesz\u00e9lyt jelent Ukrajna, Magyarorsz\u00e1g \u00e9s Eur\u00f3pa sz\u00e1m\u00e1ra.(MTI)<\/p>\n","protected":false},"excerpt":{"rendered":"<p>Alaptalannak nevezte a k\u00e1rp\u00e1taljai magyarokkal szemben felhozott haza\u00e1rul\u00e1s-v\u00e1dat p\u00e9nteken Pavlo Klimkin ukr\u00e1n k\u00fcl\u00fcgyminiszter, kijelentve, hogy a kett\u0151s \u00e1llampolg\u00e1rs\u00e1g k\u00e9rd\u00e9s\u00e9t \u00fagy kell megoldani, hogy ne szenvedjenek k\u00e1rt azok, akiknek m\u00e1r k\u00e9t \u00fatlevel\u00fck van. K\u00f6z\u00f6lte egy\u00fattal, hogy okt\u00f3ber 13-\u00e1n Ungv\u00e1rra l\u00e1togat, ahol t\u00e1rgyal a k\u00e1rp\u00e1taljai magyar k\u00f6z\u00f6ss\u00e9g vezet\u0151ivel.<\/p>\n","protected":false},"author":1,"featured_media":0,"comment_status":"closed","ping_status":"open","sticky":false,"template":"","format":"standard","meta":[],"categories":[4,12],"tags":[],"_links":{"self":[{"href":"https:\/\/gazdasagportal.hu\/index.php\/wp-json\/wp\/v2\/posts\/109810"}],"collection":[{"href":"https:\/\/gazdasagportal.hu\/index.php\/wp-json\/wp\/v2\/posts"}],"about":[{"href":"https:\/\/gazdasagportal.hu\/index.php\/wp-json\/wp\/v2\/types\/post"}],"author":[{"embeddable":true,"href":"https:\/\/gazdasagportal.hu\/index.php\/wp-json\/wp\/v2\/users\/1"}],"replies":[{"embeddable":true,"href":"https:\/\/gazdasagportal.hu\/index.php\/wp-json\/wp\/v2\/comments?post=109810"}],"version-history":[{"count":1,"href":"https:\/\/gazdasagportal.hu\/index.php\/wp-json\/wp\/v2\/posts\/109810\/revisions"}],"predecessor-version":[{"id":109811,"href":"https:\/\/gazdasagportal.hu\/index.php\/wp-json\/wp\/v2\/posts\/109810\/revisions\/109811"}],"wp:attachment":[{"href":"https:\/\/gazdasagportal.hu\/index.php\/wp-json\/wp\/v2\/media?parent=109810"}],"wp:term":[{"taxonomy":"category","embeddable":true,"href":"https:\/\/gazdasagportal.hu\/index.php\/wp-json\/wp\/v2\/categories?post=109810"},{"taxonomy":"post_tag","embeddable":true,"href":"https:\/\/gazdasagportal.hu\/index.php\/wp-json\/wp\/v2\/tags?post=109810"}],"curies":[{"name":"wp","href":"https:\/\/api.w.org\/{rel}","templated":true}]}}