{"id":109808,"date":"2018-10-13T12:30:49","date_gmt":"2018-10-13T10:30:49","guid":{"rendered":"http:\/\/gazdasagportal.hu\/?p=109808"},"modified":"2018-10-13T12:30:49","modified_gmt":"2018-10-13T10:30:49","slug":"juncker-orbannak-nincs-tobbe-helye-az-europai-neppartban","status":"publish","type":"post","link":"https:\/\/gazdasagportal.hu\/index.php\/juncker-orbannak-nincs-tobbe-helye-az-europai-neppartban\/","title":{"rendered":"Juncker: Orb\u00e1nnak nincs t\u00f6bb\u00e9 helye az Eur\u00f3pai N\u00e9pp\u00e1rtban"},"content":{"rendered":"<p><strong>Orb\u00e1n Viktornak nincs t\u00f6bb\u00e9 helye az Eur\u00f3pai N\u00e9pp\u00e1rtban (EPP) &#8211; sz\u00f6gezte le a Le Monde c\u00edm\u0171 francia napilapnak adott, p\u00e9ntek d\u00e9lut\u00e1n megjelent interj\u00faban Jean-Claude Juncker, az Eur\u00f3pai Bizotts\u00e1g n\u00e9pp\u00e1rti eln\u00f6ke.<\/strong><!--more--><\/p>\n<div class=\"ads-in-post1\"><div id=\"gazdasagportal.hu_fullbanner_wideboard\"><\/div>\r\n<\/div>\n<p>    &#8222;Orb\u00e1n Viktornak nincs t\u00f6bb\u00e9 helye az Eur\u00f3pai N\u00e9pp\u00e1rtban. Ezt megmondtam az (EPP) salzburgi cs\u00facstal\u00e1lkoz\u00f3j\u00e1n (szeptember 20-\u00e1n). M\u00e9g ha tisztelem is az embert, sok \u00f6sszef\u00e9rhetetlens\u00e9get l\u00e1tok ak\u00f6z\u00f6tt, amit mond \u00e9s azon kereszt\u00e9nydemokrata \u00e9rt\u00e9kek k\u00f6z\u00f6tt, amelyeken az EPP alapul. Hacsak nem szavatolja nek\u00fcnk, hogy tiszteletben tartja az EPP alap\u00e9rt\u00e9keit \u00e9s v\u00e1laszt\u00e1si programj\u00e1t&#8221; &#8211; fogalmazott a luxemburgi politikus.<br \/>\n    A Le Monde azon k\u00e9rd\u00e9sre, hogy nem a kv\u00f3tak\u00e9rd\u00e9s miatt v\u00e1lt-e fesz\u00fcltt\u00e9 a viszony a kelet-eur\u00f3pai orsz\u00e1gokkal, Jean-Claude Juncker eml\u00e9keztetett: a kv\u00f3t\u00e1kat az uni\u00f3s bel\u00fcgyminiszterek 2015 szeptemberben elfogadt\u00e1k. A probl\u00e9m\u00e1t szerinte ink\u00e1bb a szolidarit\u00e1s defin\u00edci\u00f3ja okozza.<br \/>\n    &#8222;Azt javasoltam a magyaroknak, a cseheknek, a lengyeleknek \u00e9s m\u00e1soknak is, hogy legal\u00e1bb a k\u00eds\u00e9r\u0151 n\u00e9lk\u00fcli, sz\u00fcl\u0151k \u00e9s csal\u00e1dok n\u00e9lk\u00fcli gyerekeket fogadj\u00e1k be. Botr\u00e1nyosnak tal\u00e1lom, ha visszautas\u00edtj\u00e1k \u0151ket, amikor van hely Eur\u00f3p\u00e1ban arra, hogy megv\u00e9dj\u00fck \u0151ket&#8221; &#8211; mondta az Eur\u00f3pai Bizotts\u00e1g eln\u00f6ke. \u00dagy v\u00e9lte, hogy a visegr\u00e1di n\u00e9gyek r\u00e9sz\u00e9r\u0151l ez &#8222;egy szolidarit\u00e1si elem&#8221; lehetne, s a t\u00f6bbi tag\u00e1llam is jobban meg\u00e9rten\u00e9 \u0151ket.<br \/>\n<div class=\"ads-in-post2\"><script async src=\"https:\/\/pagead2.googlesyndication.com\/pagead\/js\/adsbygoogle.js\"><\/script>\r\n<ins class=\"adsbygoogle\"\r\n     style=\"display:block\"\r\n     data-ad-format=\"fluid\"\r\n     data-ad-layout-key=\"-6t+ed+2i-1n-4w\"\r\n     data-ad-client=\"ca-pub-1959107119989764\"\r\n     data-ad-slot=\"4008251320\"><\/ins>\r\n<script>\r\n     (adsbygoogle = window.adsbygoogle || []).push({});\r\n<\/script><\/div>\n    &#8222;A teljes elutas\u00edt\u00e1s a menek\u00fcltekkel szemben \u00e9s azok az \u00e1rtalmas sz\u00f3lamok, hogy az eur\u00f3paiak egy iszl\u00e1m inv\u00e1zi\u00f3val \u00e1llnak szemben, nem elfogadhat\u00f3k&#8221; &#8211; sz\u00f6gezte le.<br \/>\n    A n\u00e9pp\u00e1rti politikus arra is eml\u00e9keztetett, hogy \u0151 m\u00e1r a mand\u00e1tuma elej\u00e9n figyelmeztetett arra, hogy a migr\u00e1ci\u00f3s k\u00e9rd\u00e9s a k\u00f6vetkez\u0151 \u00e9vek egyik nagy probl\u00e9m\u00e1ja lesz, s ez\u00e9rt az Eur\u00f3pai Bizotts\u00e1g m\u00e1r 2015 m\u00e1jus\u00e1ban megfogalmazott javaslatokat, szolidarit\u00e1sra k\u00e9rte a tag\u00e1llamokat Olaszorsz\u00e1ggal, amely 900 milli\u00f3 eur\u00f3t kapott a menek\u00fcltek ell\u00e1t\u00e1s\u00e1ra \u00e9s hat\u00e1rv\u00e9delemre. A T\u00f6r\u00f6korsz\u00e1ggal k\u00f6t\u00f6tt meg\u00e1llapod\u00e1s pedig feltart\u00f3ztatta a G\u00f6r\u00f6gorsz\u00e1g fel\u00f6l Olaszorsz\u00e1g fel\u00e9 tart\u00f3 migr\u00e1ci\u00f3t.<br \/>\n    Jean-Claude Juncker elmondta: egyet\u00e9rt Emmanuel Macron francia eln\u00f6kkel abban, hogy k\u00fczdeni kell &#8222;az \u00e9les populizmusok \u00e9s a meggondolatlan nacionalizmusok ellen&#8221;. Ugyanakkor szerinte a j\u00f6v\u0151 m\u00e1jusi eur\u00f3pai parlamenti v\u00e1laszt\u00e1sok t\u00e9tj\u00e9nek lesz\u0171k\u00edt\u00e9se erre az egyetlen probl\u00e9m\u00e1ra, nem t\u00fckr\u00f6zi vissza a probl\u00e9m\u00e1k \u00f6sszetetts\u00e9g\u00e9t.<br \/>\n    &#8222;Kezdem\u00e9nyez\u00e9seket kell tenni a szoci\u00e1lis Eur\u00f3p\u00e1ra is, az gazdas\u00e1gi \u00e9s monet\u00e1ris uni\u00f3 elm\u00e9ly\u00edt\u00e9s\u00e9nek sz\u00fcks\u00e9gess\u00e9g\u00e9t is hangoztatni kell&#8221; &#8211; mondta Juncker.<br \/>\n    Az Eur\u00f3pai Bizotts\u00e1g eln\u00f6ke \u00fagy l\u00e1tja, hogy  az uni\u00f3s \u00e1llam- \u00e9s korm\u00e1nyf\u0151k j\u00f6v\u0151 heti \u00e9s a novemberi cs\u00facstal\u00e1lkoz\u00f3ja k\u00f6z\u00f6tt megsz\u00fclethet a brit kil\u00e9p\u00e9sr\u0151l sz\u00f3l\u00f3 meg\u00e1llapod\u00e1s az Egyes\u00fclt Kir\u00e1lys\u00e1g \u00e9s az Eur\u00f3pai Uni\u00f3 k\u00f6z\u00f6tt.<br \/>\n    &#8222;Az utols\u00f3 szakaszban vagyunk, vesz\u00e9lyes lenne hozz\u00e1tenni vit\u00e1s elemeket ahhoz a sz\u00e1moshoz, amelyek m\u00e1r az asztalon vannak. Akik arra a felt\u00e9telez\u00e9sre baz\u00edroznak, hogy nem lesz meg\u00e1llapod\u00e1s, t\u00e9vednek. Meg\u00e1llapod\u00e1sra kell jutni. \u00c9s \u00fagy hiszem, hogy meg fogjuk tal\u00e1lni&#8221; &#8211; hangs\u00falyozta Juncker.<br \/>\n    Az Eur\u00f3pai Bizotts\u00e1g eln\u00f6ke ugyanakkor elismerte, hogy \u00cdrorsz\u00e1g k\u00e9rd\u00e9se rendk\u00edv\u00fcl neh\u00e9z, de szerinte nem az Eur\u00f3pai Uni\u00f3 \u00e1ll\u00edtotta a vita el\u00e9 a briteket \u00e9s az \u00edreket, hanem a brit szuverenit\u00e1si d\u00f6nt\u00e9s eredm\u00e9nyezte ezt a neh\u00e9zs\u00e9get.<br \/>\n    N\u00e9metorsz\u00e1g meggyeng\u00fcl\u00e9se, a Brexit, valamint a kelet-eur\u00f3pai orsz\u00e1gok \u00e9s Br\u00fcsszel konfliktusai ellen\u00e9re az Eur\u00f3pai Bizotts\u00e1g eln\u00f6ke nem \u00e9rt egyet azokkal, akik Eur\u00f3pa hanyatl\u00e1s\u00e1r\u00f3l besz\u00e9lnek, de tiszt\u00e1ban van a probl\u00e9m\u00e1kkal. V\u00e9lem\u00e9nye szerint az eur\u00f3pai demokratikus deficit azzal javulhatna, ha Br\u00fcsszelben t\u00f6bb k\u00e9rd\u00e9sben sz\u00fclethetne d\u00f6nt\u00e9s min\u0151s\u00edtett t\u00f6bbs\u00e9ggel, amelyek k\u00f6z\u00fcl a k\u00fclpolitik\u00e1t tartja els\u0151dlegesnek.<br \/>\n    A szeptember 19-20-i salzburgi inform\u00e1lis EU-cs\u00facs el\u0151tt tartott EPP-cs\u00facstal\u00e1lkoz\u00f3n Jean-Claude Juncker m\u00e1r kezdem\u00e9nyezte a Fidesz kiz\u00e1r\u00e1s\u00e1t az EPP-b\u0151l.<br \/>\n    Rog\u00e1n Antal, a Minisztereln\u00f6ki Kabinetirod\u00e1t vezet\u0151 miniszter ezzel kapcsolatban sajn\u00e1latosnak nevezte, hogy az EB eln\u00f6ke ezt a javaslatot akkor tette meg, amikor Orb\u00e1n Viktor m\u00e1r nem tart\u00f3zkodott a teremben, mert el kellett mennie egy n\u00e9gyszemk\u00f6zti tal\u00e1lkoz\u00f3ra Sebastian Kurz osztr\u00e1k kancell\u00e1rral. Ennek ellen\u00e9re a korm\u00e1nyf\u0151 t\u00e1voll\u00e9t\u00e9ben lezajlott vit\u00e1n az EPP cs\u00facstal\u00e1lkoz\u00f3j\u00e1nak r\u00e9sztvev\u0151i egy\u00e9rtelm\u0171en visszautas\u00edtott\u00e1k az EB eln\u00f6k\u00e9nek javaslat\u00e1t, \u00edgy nem ker\u00fcl sor ilyen folyamat elind\u00edt\u00e1s\u00e1ra &#8211; emelte ki a miniszter. 2014 j\u00fanius\u00e1ban a brit mellett a magyar korm\u00e1nyf\u0151 nem t\u00e1mogatta az Eur\u00f3pai Tan\u00e1csban Jean-Claude Juncker jel\u00f6l\u00e9s\u00e9t az EB eln\u00f6ki posztj\u00e1ra.(MTI)<\/p>\n","protected":false},"excerpt":{"rendered":"<p>Orb\u00e1n Viktornak nincs t\u00f6bb\u00e9 helye az Eur\u00f3pai N\u00e9pp\u00e1rtban (EPP) &#8211; sz\u00f6gezte le a Le Monde c\u00edm\u0171 francia napilapnak adott, p\u00e9ntek d\u00e9lut\u00e1n megjelent interj\u00faban Jean-Claude Juncker, az Eur\u00f3pai Bizotts\u00e1g n\u00e9pp\u00e1rti eln\u00f6ke.<\/p>\n","protected":false},"author":1,"featured_media":0,"comment_status":"closed","ping_status":"open","sticky":false,"template":"","format":"standard","meta":[],"categories":[4,18],"tags":[],"_links":{"self":[{"href":"https:\/\/gazdasagportal.hu\/index.php\/wp-json\/wp\/v2\/posts\/109808"}],"collection":[{"href":"https:\/\/gazdasagportal.hu\/index.php\/wp-json\/wp\/v2\/posts"}],"about":[{"href":"https:\/\/gazdasagportal.hu\/index.php\/wp-json\/wp\/v2\/types\/post"}],"author":[{"embeddable":true,"href":"https:\/\/gazdasagportal.hu\/index.php\/wp-json\/wp\/v2\/users\/1"}],"replies":[{"embeddable":true,"href":"https:\/\/gazdasagportal.hu\/index.php\/wp-json\/wp\/v2\/comments?post=109808"}],"version-history":[{"count":1,"href":"https:\/\/gazdasagportal.hu\/index.php\/wp-json\/wp\/v2\/posts\/109808\/revisions"}],"predecessor-version":[{"id":109809,"href":"https:\/\/gazdasagportal.hu\/index.php\/wp-json\/wp\/v2\/posts\/109808\/revisions\/109809"}],"wp:attachment":[{"href":"https:\/\/gazdasagportal.hu\/index.php\/wp-json\/wp\/v2\/media?parent=109808"}],"wp:term":[{"taxonomy":"category","embeddable":true,"href":"https:\/\/gazdasagportal.hu\/index.php\/wp-json\/wp\/v2\/categories?post=109808"},{"taxonomy":"post_tag","embeddable":true,"href":"https:\/\/gazdasagportal.hu\/index.php\/wp-json\/wp\/v2\/tags?post=109808"}],"curies":[{"name":"wp","href":"https:\/\/api.w.org\/{rel}","templated":true}]}}