{"id":109804,"date":"2018-10-13T11:01:45","date_gmt":"2018-10-13T09:01:45","guid":{"rendered":"http:\/\/gazdasagportal.hu\/?p=109804"},"modified":"2018-10-13T11:01:45","modified_gmt":"2018-10-13T09:01:45","slug":"varga-mihaly-a-vilagbank-migraciorol-alkotott-elkepzeleseiben-mar-a-magyar-allaspont-is-ervenyre-jut","status":"publish","type":"post","link":"https:\/\/gazdasagportal.hu\/index.php\/varga-mihaly-a-vilagbank-migraciorol-alkotott-elkepzeleseiben-mar-a-magyar-allaspont-is-ervenyre-jut\/","title":{"rendered":"Varga Mih\u00e1ly: a Vil\u00e1gbank migr\u00e1ci\u00f3r\u00f3l alkotott elk\u00e9pzel\u00e9seiben m\u00e1r a magyar \u00e1ll\u00e1spont is \u00e9rv\u00e9nyre jut"},"content":{"rendered":"<p><strong>A Vil\u00e1gbank migr\u00e1ci\u00f3r\u00f3l alkotott elk\u00e9pzel\u00e9seiben ma m\u00e1r \u00e9rv\u00e9nyre jut a magyar \u00e1ll\u00e1spont is, azaz els\u0151sorban a migr\u00e1ci\u00f3t kiv\u00e1lt\u00f3 okokra, a probl\u00e9m\u00e1k helyben t\u00f6rt\u00e9n\u0151 megold\u00e1s\u00e1ra koncentr\u00e1l\u00f3 fejleszt\u00e9spolitikai ir\u00e1ny jelenik meg &#8211; mondta Varga Mih\u00e1ly p\u00e9nz\u00fcgyminiszter a Nemzetk\u00f6zi Valutalap (IMF) \u00e9s a Vil\u00e1gbank-csoport \u00e9ves k\u00f6zgy\u0171l\u00e9s\u00e9t k\u00f6vet\u0151en a P\u00e9nz\u00fcgyminiszt\u00e9rium (PM) \u00e1ltal szombaton az MTI-nek eljutatott k\u00f6zlem\u00e9ny szerint.<\/strong><!--more--><\/p>\n<div class=\"ads-in-post1\"><div id=\"gazdasagportal.hu_fullbanner_wideboard\"><\/div>\r\n<\/div>\n<p>    A Balin tartott nemzetk\u00f6zi tan\u00e1cskoz\u00e1son elhangzott: a glob\u00e1lis kil\u00e1t\u00e1sok v\u00e1ltoz\u00f3ban vannak, a n\u00f6veked\u00e9s kev\u00e9sb\u00e9 kiegyenl\u00edtett, a kock\u00e1zatok pedig m\u00e1r r\u00f6vid t\u00e1von is er\u0151s\u00f6dnek a p\u00e9nzpiaci nyugtalans\u00e1gok, a kereskedelmi vit\u00e1k eszkal\u00e1l\u00f3d\u00e1sa, a geo- \u00e9s belpolitikai fejlem\u00e9nyek miatt &#8211; k\u00f6z\u00f6lte a PM.<br \/>\n    A k\u00f6zlem\u00e9ny szerint Varga Mih\u00e1ly az esem\u00e9nyen arr\u00f3l is besz\u00e1molt, hogy a k\u00f6zelm\u00faltban v\u00e9grehajtott t\u0151keemel\u00e9sek lehet\u0151v\u00e9 teszik, hogy a Vil\u00e1gbank a p\u00e9nz\u00fcgyi v\u00e9d\u0151h\u00e1l\u00f3k ki\u00e9p\u00edt\u00e9s\u00e9vel hozz\u00e1j\u00e1ruljon a szeg\u00e9nyebb, illetve a migr\u00e1ci\u00f3s v\u00e1ls\u00e1gban \u00e9rintett orsz\u00e1gok megseg\u00edt\u00e9s\u00e9hez, a munkahelyteremt\u00e9shez, az infrastrukt\u00fara-fejleszt\u00e9shez, illetve a kis- \u00e9s k\u00f6z\u00e9pv\u00e1llalkoz\u00e1sok lehet\u0151s\u00e9geinek b\u0151v\u00edt\u00e9s\u00e9hez.<br \/>\n<div class=\"ads-in-post2\"><script async src=\"https:\/\/pagead2.googlesyndication.com\/pagead\/js\/adsbygoogle.js\"><\/script>\r\n<ins class=\"adsbygoogle\"\r\n     style=\"display:block\"\r\n     data-ad-format=\"fluid\"\r\n     data-ad-layout-key=\"-6t+ed+2i-1n-4w\"\r\n     data-ad-client=\"ca-pub-1959107119989764\"\r\n     data-ad-slot=\"4008251320\"><\/ins>\r\n<script>\r\n     (adsbygoogle = window.adsbygoogle || []).push({});\r\n<\/script><\/div>\n    A t\u00e1rcavezet\u0151 eml\u00e9keztetett, a Nemzetk\u00f6zi Valutaalap (IMF) az \u0151szi k\u00f6zgy\u0171l\u00e9s idej\u00e9re id\u0151z\u00edtett kiadv\u00e1ny\u00e1ban Magyarorsz\u00e1g eset\u00e9n sz\u00e1mottev\u0151en jav\u00edtott a kor\u00e1bbi el\u0151rejelz\u00e9s\u00e9n, elismerve ezzel a magyar gazdas\u00e1gpolitika eredm\u00e9nyeit. Mindez figyelemre m\u00e9lt\u00f3, hiszen a szervezet a vil\u00e1ggazdas\u00e1g eg\u00e9sz\u00e9re vonatkoz\u00f3 n\u00f6veked\u00e9si kil\u00e1t\u00e1sokat 0,2 sz\u00e1zal\u00e9kponttal rontotta, de a kor\u00e1bbiakn\u00e1l ugyancsak visszafogottabb b\u0151v\u00fcl\u00e9st jelez t\u00f6bb eur\u00f3pai r\u00e9gi\u00f3ra is &#8211; der\u00fcl ki a k\u00f6zlem\u00e9nyb\u0151l.<br \/>\n    Az IMF az elm\u00falt n\u00e9gy \u00e9vben \u00e9vente k\u00e9tszer megjelen\u0151 kiadv\u00e1ny\u00e1ban folyamatosan, \u00f6sszesen hat alkalommal m\u00f3dos\u00edtotta felfel\u00e9 a Magyarorsz\u00e1gra vonatkoz\u00f3 v\u00e1rakoz\u00e1s\u00e1t, ahogyan a t\u00f6bbi nemzetk\u00f6zi szervezet &#8211; p\u00e9ld\u00e1ul az Eur\u00f3pai Uni\u00f3 \u00e9s a Gazdas\u00e1gi Egy\u00fcttm\u0171k\u00f6d\u00e9si \u00e9s Fejleszt\u00e9si Szervezet (OECD) &#8211; is jav\u00edtotta a Magyarorsz\u00e1gra vonatkoz\u00f3 n\u00f6veked\u00e9si progn\u00f3zis\u00e1t &#8211; olvashat\u00f3 a PM k\u00f6zlem\u00e9ny\u00e9ben.(MTI)<\/p>\n","protected":false},"excerpt":{"rendered":"<p>A Vil\u00e1gbank migr\u00e1ci\u00f3r\u00f3l alkotott elk\u00e9pzel\u00e9seiben ma m\u00e1r \u00e9rv\u00e9nyre jut a magyar \u00e1ll\u00e1spont is, azaz els\u0151sorban a migr\u00e1ci\u00f3t kiv\u00e1lt\u00f3 okokra, a probl\u00e9m\u00e1k helyben t\u00f6rt\u00e9n\u0151 megold\u00e1s\u00e1ra koncentr\u00e1l\u00f3 fejleszt\u00e9spolitikai ir\u00e1ny jelenik meg &#8211; mondta Varga Mih\u00e1ly p\u00e9nz\u00fcgyminiszter a Nemzetk\u00f6zi Valutalap (IMF) \u00e9s a Vil\u00e1gbank-csoport \u00e9ves k\u00f6zgy\u0171l\u00e9s\u00e9t k\u00f6vet\u0151en a P\u00e9nz\u00fcgyminiszt\u00e9rium (PM) \u00e1ltal szombaton az MTI-nek eljutatott k\u00f6zlem\u00e9ny szerint.<\/p>\n","protected":false},"author":1,"featured_media":0,"comment_status":"closed","ping_status":"open","sticky":false,"template":"","format":"standard","meta":[],"categories":[4,19],"tags":[],"_links":{"self":[{"href":"https:\/\/gazdasagportal.hu\/index.php\/wp-json\/wp\/v2\/posts\/109804"}],"collection":[{"href":"https:\/\/gazdasagportal.hu\/index.php\/wp-json\/wp\/v2\/posts"}],"about":[{"href":"https:\/\/gazdasagportal.hu\/index.php\/wp-json\/wp\/v2\/types\/post"}],"author":[{"embeddable":true,"href":"https:\/\/gazdasagportal.hu\/index.php\/wp-json\/wp\/v2\/users\/1"}],"replies":[{"embeddable":true,"href":"https:\/\/gazdasagportal.hu\/index.php\/wp-json\/wp\/v2\/comments?post=109804"}],"version-history":[{"count":1,"href":"https:\/\/gazdasagportal.hu\/index.php\/wp-json\/wp\/v2\/posts\/109804\/revisions"}],"predecessor-version":[{"id":109805,"href":"https:\/\/gazdasagportal.hu\/index.php\/wp-json\/wp\/v2\/posts\/109804\/revisions\/109805"}],"wp:attachment":[{"href":"https:\/\/gazdasagportal.hu\/index.php\/wp-json\/wp\/v2\/media?parent=109804"}],"wp:term":[{"taxonomy":"category","embeddable":true,"href":"https:\/\/gazdasagportal.hu\/index.php\/wp-json\/wp\/v2\/categories?post=109804"},{"taxonomy":"post_tag","embeddable":true,"href":"https:\/\/gazdasagportal.hu\/index.php\/wp-json\/wp\/v2\/tags?post=109804"}],"curies":[{"name":"wp","href":"https:\/\/api.w.org\/{rel}","templated":true}]}}