{"id":109786,"date":"2018-10-12T12:20:11","date_gmt":"2018-10-12T10:20:11","guid":{"rendered":"http:\/\/gazdasagportal.hu\/?p=109786"},"modified":"2018-10-12T12:20:11","modified_gmt":"2018-10-12T10:20:11","slug":"ha-a-z-generacion-mulik-a-kornyezetvedelem-van-miert-aggodnunk","status":"publish","type":"post","link":"https:\/\/gazdasagportal.hu\/index.php\/ha-a-z-generacion-mulik-a-kornyezetvedelem-van-miert-aggodnunk\/","title":{"rendered":"Ha a Z gener\u00e1ci\u00f3n m\u00falik a k\u00f6rnyezetv\u00e9delem, van mi\u00e9rt agg\u00f3dnunk"},"content":{"rendered":"<p><strong>A j\u00f6v\u0151 gener\u00e1ci\u00f3j\u00e1t nem \u00e9rdekli el\u00e9gg\u00e9 a k\u00f6rnyezetv\u00e9delem? Mit tesz\u00fcnk az\u00e9rt, hogy z\u00f6ldebbek legy\u00fcnk? Tudjuk, mit jelent a zero-waste? Mit tartunk vesz\u00e9lyesebbnek a m\u0171anyaghullad\u00e9kot, vagy a l\u00e9gszennyez\u00e9st? A <u><a href=\"https:\/\/www.jofogas.hu\/\" target=\"_blank\" rel=\"noopener\">J\u00f3fog\u00e1s<\/a><\/u> online kutat\u00e1sa a t\u00f6bbi k\u00f6z\u00f6tt ezekre a k\u00e9rd\u00e9sekre kereste a v\u00e1laszt. <\/strong><!--more--><\/p>\n<div class=\"ads-in-post1\"><div id=\"gazdasagportal.hu_fullbanner_wideboard\"><\/div>\r\n<\/div>\n<p><strong>T\u00fal k\u00f6rnyezettudatos a magyar?<\/strong><\/p>\n<p>A magyarok z\u00f6ldebben gondolkoznak, mint ahogy azt a logisztika elb\u00edrn\u00e1. A kutat\u00e1s szerint az internetez\u0151k 95%-\u00e1nak fontos a k\u00f6rnyezetv\u00e9delem, \u00e9s ez a pozit\u00edv hozz\u00e1\u00e1ll\u00e1s a szemet\u00fcnk\u00f6n is megl\u00e1tszik. A kit\u00f6lt\u0151k 89%-a ugyanis szelekt\u00edven gy\u0171jti a szemetet, de hi\u00e1ba a magyarok buzgalma, az orsz\u00e1gban komoly neh\u00e9zs\u00e9get okoz a szelekt\u00edv hullad\u00e9k elsz\u00e1ll\u00edt\u00e1sa. Sajnos nem szokatlan l\u00e1tv\u00e1ny, hogy a szelekt\u00edv hullad\u00e9kgy\u0171jt\u0151kb\u0151l sz\u00f3 szerint kifolyik a szem\u00e9t, s\u0151t Budapesten annyira s\u00falyos a helyzet, hogy az elm\u00falt h\u00e9ten voltak olyan h\u00e1zak, ahol arra sz\u00f3l\u00edtott\u00e1k fel a lakosokat, hogy ne gy\u0171jts\u00e9k szelekt\u00edven a szemetet, ink\u00e1bb keverjenek \u00f6ssze mindent a vegyes hullad\u00e9kkal, mert azt biztosan elsz\u00e1ll\u00edtj\u00e1k.<\/p><div id=\"gazda-398273309\" class=\"gazda-tartalomban gazda-entity-placement\"><script async src=\"https:\/\/pagead2.googlesyndication.com\/pagead\/js\/adsbygoogle.js\"><\/script>\r\n<ins class=\"adsbygoogle\"\r\n     style=\"display:block\"\r\n     data-ad-format=\"fluid\"\r\n     data-ad-layout-key=\"-6t+ed+2i-1n-4w\"\r\n     data-ad-client=\"ca-pub-1959107119989764\"\r\n     data-ad-slot=\"4008251320\"><\/ins>\r\n<script>\r\n     (adsbygoogle = window.adsbygoogle || []).push({});\r\n<\/script><\/div>\n<p>A t\u00f6bb ezer online kit\u00f6lt\u0151 a leg\u00fajabb k\u00f6rnyezetv\u00e9delmi trendekben is otthon van, p\u00e9ld\u00e1ul h\u00e1romnegyed\u00fck tiszt\u00e1ban van a zero-waste fogalm\u00e1val, mely fenntarthat\u00f3, hullad\u00e9kmentes \u00e9letm\u00f3dot vagy arra val\u00f3 t\u00f6rekv\u00e9st jelent. Vannak az\u00e9rt olyanok, akik bizonytalanok a fogalommal kapcsolatban, minden \u00f6t\u00f6dik kit\u00f6lt\u0151 szerint a zero-waste puszt\u00e1n annyit takar, hogy m\u0171anyag palack helyett \u00fcvegkulacsot kell haszn\u00e1lni.<\/p>\n<div class=\"ads-in-post2\"><script async src=\"https:\/\/pagead2.googlesyndication.com\/pagead\/js\/adsbygoogle.js\"><\/script>\r\n<ins class=\"adsbygoogle\"\r\n     style=\"display:block\"\r\n     data-ad-format=\"fluid\"\r\n     data-ad-layout-key=\"-6t+ed+2i-1n-4w\"\r\n     data-ad-client=\"ca-pub-1959107119989764\"\r\n     data-ad-slot=\"4008251320\"><\/ins>\r\n<script>\r\n     (adsbygoogle = window.adsbygoogle || []).push({});\r\n<\/script><\/div>\n<strong>Legkev\u00e9sb\u00e9 a fiataloknak fontos a szelekt\u00edv hullad\u00e9kgy\u0171jt\u00e9s<\/strong><\/p>\n<p>A kutat\u00e1sb\u00f3l kider\u00fclt, hogy sajnos a j\u00f6v\u0151 gener\u00e1ci\u00f3ja gondolkozik legkev\u00e9sb\u00e9 z\u00f6lden. A Z gener\u00e1ci\u00f3 (16-20 \u00e9vesek) harmada nem tartja fontosnak a k\u00f6rnyezetv\u00e9delmet \u00e9s a hullad\u00e9kot sem gy\u0171jti szelekt\u00edven. A Baby boom gener\u00e1ci\u00f3 (51-69 \u00e9vesek) viseli legink\u00e1bb sz\u00edv\u00e9n F\u00f6ld\u00fcnk sors\u00e1t, 98%-uk fontosnak tartja a k\u00f6rnyezetv\u00e9delmet, \u00e9s 94%-uk a hullad\u00e9kot is v\u00e1logatja. Az Y (21-35 \u00e9vesek) \u00e9s az X gener\u00e1ci\u00f3 (36-50 \u00e9vesek) is kiemelked\u0151en z\u00f6lden gondolkozik, de a veter\u00e1noknak (70+ \u00e9vesek) m\u00e1r csak 71%-a szelekt\u00e1l \u00e9s 23%-uk szerint a k\u00f6rnyezetv\u00e9delem sem fontos.<\/p>\n<p><strong>Sajn\u00e1ljuk a nejlonba szorult tekn\u0151s\u00f6ket<\/strong><\/p>\n<p>C\u00e9lba \u00e9rt a sok \u00f3ce\u00e1ni m\u0171anyagszem\u00e9tr\u0151l terjed\u0151 \u00fczenet a k\u00f6z\u00f6ss\u00e9gi m\u00e9dia fel\u00fcletein, mert a magyar internetez\u0151k fele a kutat\u00e1s szerint a m\u0171anyaghullad\u00e9kot tartja a legvesz\u00e9lyesebbnek. 31%-uk a talaj-, v\u00edz- \u00e9s l\u00e9gszennyez\u00e9st\u0151l f\u00e9lti F\u00f6ld\u00fcnket, 16% pedig az erd\u0151irt\u00e1st tartja legpuszt\u00edt\u00f3bbnak k\u00f6rnyezetv\u00e9delmi szempontb\u00f3l.<\/p>\n<p><strong>Felesleges szelekt\u00edven gy\u0171jteni, hiszen \u00fagy is \u00f6sszekeverik a szemetet<\/strong><\/p>\n<p>Ezen az \u00e1ll\u00e1sponton \u00e1ll azoknak a kit\u00f6lt\u0151knek a fele, akik nem gy\u0171jtik szelekt\u00edven szemet\u00fcket. A nem szelekt\u00e1l\u00f3k k\u00f6z\u00fcl minden \u00f6t\u00f6dik ember lustas\u00e1gb\u00f3l nem v\u00e1logat, t\u00fal id\u0151ig\u00e9nyesnek tartja. 16%-uk szerint az \u0151 hullad\u00e9kmennyis\u00e9g\u00fck nem sz\u00e1m\u00edt, ez\u00e9rt nem \u00e9rdekli \u0151ket a k\u00e9rd\u00e9s, 15%-uk pedig \u00fagy gondolja, hogy a szelekt\u00e1l\u00e1s nem oldja meg a k\u00f6rnyezetszennyez\u00e9s probl\u00e9m\u00e1j\u00e1t, ez\u00e9rt feleslegesnek tartja a folyamatot.<\/p>\n<p>Fontos, hogy a legfiatalabbak is meg\u00e9rts\u00e9k a k\u00f6rnyezetv\u00e9delem fontoss\u00e1g\u00e1t, ez\u00e9rt a megfelel\u0151 eduk\u00e1ci\u00f3 kulcsfontoss\u00e1g\u00fa. A magyar internetez\u0151k d\u00f6nt\u0151 t\u00f6bbs\u00e9ge fontosnak tartja a k\u00f6rnyezetv\u00e9delmet \u00e9s tesz is \u00e9rte, ami bizakod\u00e1sra adhat okot z\u00f6ldebb j\u00f6v\u0151nkkel kapcsolatban.<\/p>\n","protected":false},"excerpt":{"rendered":"<p>A j\u00f6v\u0151 gener\u00e1ci\u00f3j\u00e1t nem \u00e9rdekli el\u00e9gg\u00e9 a k\u00f6rnyezetv\u00e9delem? Mit tesz\u00fcnk az\u00e9rt, hogy z\u00f6ldebbek legy\u00fcnk? Tudjuk, mit jelent a zero-waste? Mit tartunk vesz\u00e9lyesebbnek a m\u0171anyaghullad\u00e9kot, vagy a l\u00e9gszennyez\u00e9st? A J\u00f3fog\u00e1s online kutat\u00e1sa a t\u00f6bbi k\u00f6z\u00f6tt ezekre a k\u00e9rd\u00e9sekre kereste a v\u00e1laszt.<\/p>\n","protected":false},"author":1,"featured_media":0,"comment_status":"closed","ping_status":"open","sticky":false,"template":"","format":"standard","meta":[],"categories":[4],"tags":[],"_links":{"self":[{"href":"https:\/\/gazdasagportal.hu\/index.php\/wp-json\/wp\/v2\/posts\/109786"}],"collection":[{"href":"https:\/\/gazdasagportal.hu\/index.php\/wp-json\/wp\/v2\/posts"}],"about":[{"href":"https:\/\/gazdasagportal.hu\/index.php\/wp-json\/wp\/v2\/types\/post"}],"author":[{"embeddable":true,"href":"https:\/\/gazdasagportal.hu\/index.php\/wp-json\/wp\/v2\/users\/1"}],"replies":[{"embeddable":true,"href":"https:\/\/gazdasagportal.hu\/index.php\/wp-json\/wp\/v2\/comments?post=109786"}],"version-history":[{"count":1,"href":"https:\/\/gazdasagportal.hu\/index.php\/wp-json\/wp\/v2\/posts\/109786\/revisions"}],"predecessor-version":[{"id":109787,"href":"https:\/\/gazdasagportal.hu\/index.php\/wp-json\/wp\/v2\/posts\/109786\/revisions\/109787"}],"wp:attachment":[{"href":"https:\/\/gazdasagportal.hu\/index.php\/wp-json\/wp\/v2\/media?parent=109786"}],"wp:term":[{"taxonomy":"category","embeddable":true,"href":"https:\/\/gazdasagportal.hu\/index.php\/wp-json\/wp\/v2\/categories?post=109786"},{"taxonomy":"post_tag","embeddable":true,"href":"https:\/\/gazdasagportal.hu\/index.php\/wp-json\/wp\/v2\/tags?post=109786"}],"curies":[{"name":"wp","href":"https:\/\/api.w.org\/{rel}","templated":true}]}}