{"id":109662,"date":"2018-10-08T20:37:32","date_gmt":"2018-10-08T18:37:32","guid":{"rendered":"http:\/\/gazdasagportal.hu\/?p=109662"},"modified":"2018-10-08T20:37:32","modified_gmt":"2018-10-08T18:37:32","slug":"meteorologiai-szolgalat-egyelore-nem-enyhul-az-aszaly","status":"publish","type":"post","link":"https:\/\/gazdasagportal.hu\/index.php\/meteorologiai-szolgalat-egyelore-nem-enyhul-az-aszaly\/","title":{"rendered":"Meteorol\u00f3giai szolg\u00e1lat: egyel\u0151re nem enyh\u00fcl az asz\u00e1ly"},"content":{"rendered":"<p><strong>Egyel\u0151re nem enyh\u00fcl az asz\u00e1ly, a k\u00f6z\u00e9pt\u00e1v\u00fa csapad\u00e9k-el\u0151rejelz\u00e9sek szerint is leghamarabb a j\u00f6v\u0151 h\u00e9t k\u00f6zep\u00e9n, v\u00e9g\u00e9n j\u00f6het sz\u00e1mottev\u0151 es\u0151 &#8211; \u00edrta az Orsz\u00e1gos Meteorol\u00f3giai Szolg\u00e1lat h\u00e9tf\u0151n a honlapj\u00e1n.<\/strong><!--more--><\/p>\n<div class=\"ads-in-post1\"><div id=\"gazdasagportal.hu_fullbanner_wideboard\"><\/div>\r\n<\/div>\n<p>    Kiemelt\u00e9k: egyre nagyobb a csapad\u00e9khi\u00e1ny, csak az elm\u00falt 30 nap sor\u00e1n 20-50 millim\u00e9terrel kevesebb esett az \u00e1tlagosn\u00e1l. Ennek nyom\u00e1n a talaj egyre sz\u00e1razabb: a fels\u0151 20 centim\u00e9teres r\u00e9teg d\u00e9lnyugaton \u00e9s \u00e9szakkeleten kisebb k\u00f6rzetekben m\u00e9g tartalmaz nedvess\u00e9get, de f\u0151leg a m\u00e9lyebb r\u00e9tegekben \u00e9s els\u0151sorban a Balatont\u00f3l keletre l\u00e9v\u0151 orsz\u00e1gr\u00e9szben m\u00e1r kritikus a nedvess\u00e9ghi\u00e1ny. Sokfel\u00e9 150 millim\u00e9ter k\u00f6r\u00fcli csapad\u00e9kmennyis\u00e9g hi\u00e1nyzik a talajb\u00f3l a fels\u0151 1 m\u00e9teres talajr\u00e9tegben.<br \/>\n    A kikelt \u00e9s jellemz\u0151en 4-6, illetve 6-8 leveles f\u00e1zisban l\u00e9v\u0151 repce fejl\u0151d\u00e9s\u00e9hez a Dun\u00e1nt\u00falon m\u00e9g van nedvess\u00e9g a talajban, s a szeptember v\u00e9gi es\u0151 \u00e9szakkeleten is seg\u00edtett valamit. Azonban az orsz\u00e1g k\u00f6z\u00e9ps\u0151 r\u00e9szein, ahol nagyon r\u00e9g\u00f3ta alig esett, nagy ter\u00fcleten hi\u00e1nyos a kel\u00e9s, sokfel\u00e9 kritikus a helyzet. Az \u0151szi b\u00faza vet\u00e9se \u00e9s az azt megel\u0151z\u0151 talaj-el\u0151k\u00e9sz\u00edt\u00e9s is zajlik, de a sz\u00e1raz talajban nem vagy csak nehezen indul a kel\u00e9s, \u00e9s a talajmunk\u00e1k is nehezen v\u00e9gezhet\u0151k. A kukorica betakar\u00edt\u00e1sa \u00e9s a sz\u0151l\u0151 sz\u00fcrete is a v\u00e9g\u00e9hez k\u00f6zel\u00edt, ezeknek a munkafolyamatnak kedvez\u0151 a sz\u00e1raz id\u0151j\u00e1r\u00e1s.<br \/>\n<div class=\"ads-in-post2\"><script async src=\"https:\/\/pagead2.googlesyndication.com\/pagead\/js\/adsbygoogle.js\"><\/script>\r\n<ins class=\"adsbygoogle\"\r\n     style=\"display:block\"\r\n     data-ad-format=\"fluid\"\r\n     data-ad-layout-key=\"-6t+ed+2i-1n-4w\"\r\n     data-ad-client=\"ca-pub-1959107119989764\"\r\n     data-ad-slot=\"4008251320\"><\/ins>\r\n<script>\r\n     (adsbygoogle = window.adsbygoogle || []).push({});\r\n<\/script><\/div>\n    Az el\u0151rejelz\u00e9s szerint a k\u00f6vetkez\u0151 b\u0151 egy h\u00e9t sor\u00e1n nem sok v\u00e1ltoz\u00e1s v\u00e1rhat\u00f3 az id\u0151j\u00e1r\u00e1sban, enyhe, nagyr\u00e9szt napos, sz\u00e1raz id\u0151 val\u00f3sz\u00edn\u0171. Csapad\u00e9kra ezen a h\u00e9ten egy\u00e1ltal\u00e1n nem lehet sz\u00e1m\u00edtani. Fagymentesek lesznek az \u00e9jszak\u00e1k, a minimumok 4-10, a maximumok eleinte 20-25, a h\u00e9t v\u00e9g\u00e9n 18-23 Celsius-fok k\u00f6z\u00f6tt alakulnak majd. V\u00e1ltoz\u00e1s legk\u00f6zelebb a j\u00f6v\u0151 h\u00e9t k\u00f6zep\u00e9n lehet.<br \/>\n    Az Orsz\u00e1gos Meteorol\u00f3giai Szolg\u00e1lat az agro.met.hu oldal\u00e1n folyamatosan k\u00f6zli a mez\u0151gazdas\u00e1gi termel\u00e9st \u00e9rint\u0151 id\u0151j\u00e1r\u00e1si \u00e9s m\u00e1s term\u00e9szeti kock\u00e1zatok kezel\u00e9s\u00e9r\u0151l sz\u00f3l\u00f3 inform\u00e1ci\u00f3kat. Az aktu\u00e1lis munk\u00e1k tervez\u00e9s\u00e9hez a r\u00f6vid t\u00e1v\u00fa d\u00f6nt\u00e9sekn\u00e9l \u00e9rdemes k\u00f6vetni a t\u00edzpercenk\u00e9nt friss\u00fcl\u0151 radaradatok mellett az el\u0151rejelz\u00e9seket, a speci\u00e1lis agrometeorol\u00f3giai elemeket tartalmaz\u00f3, 12 \u00f3r\u00e1nk\u00e9nt friss\u00fcl\u0151 modell el\u0151rejelz\u00e9seket, de ak\u00e1r a 6-12 \u00f3r\u00e1nk\u00e9nt friss\u00fcl\u0151 t\u00e9rk\u00e9pes modell el\u0151rejelz\u00e9seket is &#8211; \u00edrta a honlapj\u00e1n a meteorol\u00f3giai szolg\u00e1lat.(MTI)<\/p>\n","protected":false},"excerpt":{"rendered":"<p>Egyel\u0151re nem enyh\u00fcl az asz\u00e1ly, a k\u00f6z\u00e9pt\u00e1v\u00fa csapad\u00e9k-el\u0151rejelz\u00e9sek szerint is leghamarabb a j\u00f6v\u0151 h\u00e9t k\u00f6zep\u00e9n, v\u00e9g\u00e9n j\u00f6het sz\u00e1mottev\u0151 es\u0151 &#8211; \u00edrta az Orsz\u00e1gos Meteorol\u00f3giai Szolg\u00e1lat h\u00e9tf\u0151n a honlapj\u00e1n.<\/p>\n","protected":false},"author":1,"featured_media":0,"comment_status":"closed","ping_status":"open","sticky":false,"template":"","format":"standard","meta":[],"categories":[4],"tags":[],"_links":{"self":[{"href":"https:\/\/gazdasagportal.hu\/index.php\/wp-json\/wp\/v2\/posts\/109662"}],"collection":[{"href":"https:\/\/gazdasagportal.hu\/index.php\/wp-json\/wp\/v2\/posts"}],"about":[{"href":"https:\/\/gazdasagportal.hu\/index.php\/wp-json\/wp\/v2\/types\/post"}],"author":[{"embeddable":true,"href":"https:\/\/gazdasagportal.hu\/index.php\/wp-json\/wp\/v2\/users\/1"}],"replies":[{"embeddable":true,"href":"https:\/\/gazdasagportal.hu\/index.php\/wp-json\/wp\/v2\/comments?post=109662"}],"version-history":[{"count":1,"href":"https:\/\/gazdasagportal.hu\/index.php\/wp-json\/wp\/v2\/posts\/109662\/revisions"}],"predecessor-version":[{"id":109663,"href":"https:\/\/gazdasagportal.hu\/index.php\/wp-json\/wp\/v2\/posts\/109662\/revisions\/109663"}],"wp:attachment":[{"href":"https:\/\/gazdasagportal.hu\/index.php\/wp-json\/wp\/v2\/media?parent=109662"}],"wp:term":[{"taxonomy":"category","embeddable":true,"href":"https:\/\/gazdasagportal.hu\/index.php\/wp-json\/wp\/v2\/categories?post=109662"},{"taxonomy":"post_tag","embeddable":true,"href":"https:\/\/gazdasagportal.hu\/index.php\/wp-json\/wp\/v2\/tags?post=109662"}],"curies":[{"name":"wp","href":"https:\/\/api.w.org\/{rel}","templated":true}]}}