{"id":109655,"date":"2018-10-08T16:44:19","date_gmt":"2018-10-08T14:44:19","guid":{"rendered":"http:\/\/gazdasagportal.hu\/?p=109655"},"modified":"2018-10-09T09:21:37","modified_gmt":"2018-10-09T07:21:37","slug":"bovitett-kapacitasokkal-keszul-az-ev-vegere-a-magyar-posta","status":"publish","type":"post","link":"https:\/\/gazdasagportal.hu\/index.php\/bovitett-kapacitasokkal-keszul-az-ev-vegere-a-magyar-posta\/","title":{"rendered":"B\u0151v\u00edtett kapacit\u00e1sokkal k\u00e9sz\u00fcl az \u00e9v v\u00e9g\u00e9re a Magyar Posta"},"content":{"rendered":"<p><strong>Rakt\u00e1rainak b\u0151v\u00edt\u00e9s\u00e9vel \u00e9s egy \u00faj, nagy teljes\u00edtm\u00e9ny\u0171 csomagfeldolgoz\u00f3val k\u00e9sz\u00fcl az \u00e9v v\u00e9gi forgalomra a Magyar Posta.<\/strong><!--more--><\/p>\n<div class=\"ads-in-post1\"><div id=\"gazdasagportal.hu_fullbanner_wideboard\"><\/div>\r\n<\/div>\n    H\u00e9tf\u0151i k\u00f6zlem\u00e9nye szerint a Magyar Posta 5 ezer n\u00e9gyzetm\u00e9teres, h\u00e9tk\u00f6znapokon \u00e9jjel-nappal m\u0171k\u00f6d\u0151 Csomag Logisztikai K\u00f6zpontj\u00e1ban egy hete t\u00f6meg- \u00e9s t\u00e9rfogatm\u00e9r\u00e9sre is k\u00e9pes csomagfeldolgoz\u00f3 rendszer \u00fczemel. A csaknem 1 milli\u00e1rd forint\u00e9rt beszerzett g\u00e9psor \u00f3r\u00e1nk\u00e9nt 10 ezer, egyenk\u00e9nt 10 kilogramm t\u00f6meg\u0171 csomagot is tud kezelni, ezzel a h\u00e1romszoros\u00e1ra b\u0151v\u00fclt a csomagfeldolgoz\u00f3 kapacit\u00e1s.<br \/>\n    A t\u00e1j\u00e9koztat\u00e1s szerint a f\u0151v\u00e1rosi beruh\u00e1z\u00e1s mellett orsz\u00e1gszerte 60 post\u00e1n b\u0151v\u00edtett\u00e9k a rakt\u00e1rakat, t\u00e1rol\u00f3kat \u00e9s csomagkiad\u00f3 helyeket, tov\u00e1bb\u00e1 eszk\u00f6zbeszerz\u00e9sekkel \u00e9s szorosabb partneri egy\u00fcttm\u0171k\u00f6d\u00e9sekkel is k\u00e9sz\u00fclnek a n\u00f6vekv\u0151 terhel\u00e9sre. A november v\u00e9gi \u00e1rlesz\u00e1ll\u00edt\u00e1sokt\u00f3l a majdnem kar\u00e1csonyig tart\u00f3 cs\u00facsid\u00e9nyben a Magyar Posta a tavalyit 30 sz\u00e1zal\u00e9kkal meghalad\u00f3 k\u00fcldem\u00e9nyforgalomra sz\u00e1m\u00edt, ez\u00e9rt meger\u0151s\u00edti a logisztik\u00e1t \u00e9s a k\u00e9zbes\u00edt\u00e9st is &#8211; k\u00f6z\u00f6lt\u00e9k.<br \/>\n<div class=\"ads-in-post2\"><script async src=\"https:\/\/pagead2.googlesyndication.com\/pagead\/js\/adsbygoogle.js\"><\/script>\r\n<ins class=\"adsbygoogle\"\r\n     style=\"display:block\"\r\n     data-ad-format=\"fluid\"\r\n     data-ad-layout-key=\"-6t+ed+2i-1n-4w\"\r\n     data-ad-client=\"ca-pub-1959107119989764\"\r\n     data-ad-slot=\"4008251320\"><\/ins>\r\n<script>\r\n     (adsbygoogle = window.adsbygoogle || []).push({});\r\n<\/script><\/div>\n    Az el\u0151rejelz\u00e9sek \u00e9s az eddigi adatok alapj\u00e1n az \u00e1rutartalm\u00fa k\u00fcldem\u00e9nyek sz\u00e1ma 20 sz\u00e1zal\u00e9kkal n\u0151het, a csomagforgalom id\u00e9n is rekordot d\u00f6nthet &#8211; \u00edrt\u00e1k. Hozz\u00e1tett\u00e9k, hogy 2017-ben a belf\u00f6ldi csomagok sz\u00e1ma meghaladta a 21 milli\u00f3t, a k\u00fclf\u00f6ldr\u0151l bej\u00f6v\u0151 \u00e1rutartalm\u00fa k\u00fcldem\u00e9nyek sz\u00e1ma a 18 milli\u00f3t. Megjegyezt\u00e9k, hogy a nemzetk\u00f6zi web\u00e1ruh\u00e1zak forgalma miatt m\u00e1r kora \u0151sszel megn\u0151, ez\u00e9rt hetekig is elh\u00faz\u00f3dhat a k\u00fclf\u00f6ldr\u0151l \u00e9rkez\u0151 k\u00fcldem\u00e9nyek sz\u00e1ll\u00edt\u00e1si ideje.<br \/>\n    Kifejtett\u00e9k, a Magyar Posta csak a sz\u00e1ll\u00edt\u00e1s utols\u00f3 szakasz\u00e1\u00e9rt felel, az \u00fcgyfeleket pedig arra k\u00e9rik, hogy id\u0151ben rendelj\u00e9k meg a term\u00e9keket.<br \/>\n(MTI)<\/p>\n","protected":false},"excerpt":{"rendered":"<p>Rakt\u00e1rainak b\u0151v\u00edt\u00e9s\u00e9vel \u00e9s egy \u00faj, nagy teljes\u00edtm\u00e9ny\u0171 csomagfeldolgoz\u00f3val k\u00e9sz\u00fcl az \u00e9v v\u00e9gi forgalomra a Magyar Posta.<\/p>\n","protected":false},"author":1,"featured_media":0,"comment_status":"closed","ping_status":"open","sticky":false,"template":"","format":"standard","meta":[],"categories":[4,19],"tags":[],"_links":{"self":[{"href":"https:\/\/gazdasagportal.hu\/index.php\/wp-json\/wp\/v2\/posts\/109655"}],"collection":[{"href":"https:\/\/gazdasagportal.hu\/index.php\/wp-json\/wp\/v2\/posts"}],"about":[{"href":"https:\/\/gazdasagportal.hu\/index.php\/wp-json\/wp\/v2\/types\/post"}],"author":[{"embeddable":true,"href":"https:\/\/gazdasagportal.hu\/index.php\/wp-json\/wp\/v2\/users\/1"}],"replies":[{"embeddable":true,"href":"https:\/\/gazdasagportal.hu\/index.php\/wp-json\/wp\/v2\/comments?post=109655"}],"version-history":[{"count":2,"href":"https:\/\/gazdasagportal.hu\/index.php\/wp-json\/wp\/v2\/posts\/109655\/revisions"}],"predecessor-version":[{"id":109674,"href":"https:\/\/gazdasagportal.hu\/index.php\/wp-json\/wp\/v2\/posts\/109655\/revisions\/109674"}],"wp:attachment":[{"href":"https:\/\/gazdasagportal.hu\/index.php\/wp-json\/wp\/v2\/media?parent=109655"}],"wp:term":[{"taxonomy":"category","embeddable":true,"href":"https:\/\/gazdasagportal.hu\/index.php\/wp-json\/wp\/v2\/categories?post=109655"},{"taxonomy":"post_tag","embeddable":true,"href":"https:\/\/gazdasagportal.hu\/index.php\/wp-json\/wp\/v2\/tags?post=109655"}],"curies":[{"name":"wp","href":"https:\/\/api.w.org\/{rel}","templated":true}]}}