{"id":109631,"date":"2018-10-08T10:21:45","date_gmt":"2018-10-08T08:21:45","guid":{"rendered":"http:\/\/gazdasagportal.hu\/?p=109631"},"modified":"2018-10-08T10:21:45","modified_gmt":"2018-10-08T08:21:45","slug":"erre-a-10-dologra-is-kiterjedhet-a-lakasbiztositas","status":"publish","type":"post","link":"https:\/\/gazdasagportal.hu\/index.php\/erre-a-10-dologra-is-kiterjedhet-a-lakasbiztositas\/","title":{"rendered":"Erre a 10 dologra is kiterjedhet a lak\u00e1sbiztos\u00edt\u00e1s"},"content":{"rendered":"<p><strong>A Groupama Biztos\u00edt\u00f3 legut\u00f3bbi orsz\u00e1gos lak\u00e1sbiztos\u00edt\u00e1si kutat\u00e1sa sor\u00e1n ut\u00e1naj\u00e1rt t\u00f6bbek k\u00f6z\u00f6tt annak is, hogy a magyarok mennyire ismerik lak\u00e1sbiztos\u00edt\u00e1sukat. T\u00edz speci\u00e1lis biztos\u00edt\u00e1si helyzetet t\u00e1rt a megk\u00e9rdezettek el\u00e9, akiknek meg kellett mondaniuk, hogy szerint\u00fck t\u00e9r\u00edten\u00e9-e a biztos\u00edt\u00f3 a felmer\u00fclt k\u00f6lts\u00e9geket a szerz\u0151d\u00e9s alap vagy kieg\u00e9sz\u00edt\u0151 fedezete alapj\u00e1n. Az emberek 31 sz\u00e1zal\u00e9ka nem is tudott v\u00e1laszolni a feltett k\u00e9rd\u00e9sekre, de a \u201elegjobban teljes\u00edt\u0151\u201d k\u00e1resem\u00e9nyr\u0151l is csak a v\u00e1laszad\u00f3k 42 sz\u00e1zal\u00e9ka tudta, hogy bizony vonatkozhat r\u00e1 a lak\u00e1sbiztos\u00edt\u00e1s. Tov\u00e1bbi \u00e9rdekess\u00e9g, hogy az \u00e1tlagn\u00e1l \u00e9ppen csak p\u00e1r sz\u00e1zal\u00e9kkal teljes\u00edtettek jobban azok, akik rendelkeznek biztos\u00edt\u00e1ssal.<\/strong><!--more--><\/p>\n<div class=\"ads-in-post1\"><div id=\"gazdasagportal.hu_fullbanner_wideboard\"><\/div>\r\n<\/div>\n<p>N\u00e9zz\u00fck sorban, hogy az al\u00e1bbi elk\u00e9pzelt esetekr\u0151l <strong>a v\u00e1laszad\u00f3k h\u00e1ny sz\u00e1zal\u00e9ka tudta, hogy egy lak\u00e1sbiztos\u00edt\u00e1s alap vagy kieg\u00e9sz\u00edt\u0151 fedezete is ny\u00fajthat anyagi seg\u00edts\u00e9get!<\/strong><\/p>\n<p><strong>\u00a0<\/strong><\/p>\n<table width=\"604\">\n<tbody>\n<tr>\n<td width=\"523\">1.\u00a0\u00a0\u00a0\u00a0\u00a0\u00a0 Egy vill\u00e1mcsap\u00e1s miatt megs\u00e9r\u00fclt g\u00e1zkaz\u00e1nt az EU-s k\u00f6vetelm\u00e9nyek miatt m\u00e1r csak korszer\u0171bbre lehet kicser\u00e9lni, ez t\u00f6bblet k\u00f6lts\u00e9ggel j\u00e1r.<\/p>\n<p>&nbsp;<\/td>\n<td width=\"81\"><strong>42%<\/strong><\/p>\n<p>&nbsp;<\/td>\n<\/tr>\n<tr>\n<td width=\"523\">2.\u00a0\u00a0\u00a0\u00a0\u00a0\u00a0 A kertben parkol\u00f3 aut\u00f3ra r\u00e1esik egy cser\u00e9p a h\u00e1zunkr\u00f3l, \u00e9s bet\u00f6rik a sz\u00e9lv\u00e9d\u0151je.<\/td>\n<td width=\"81\"><strong>36%<\/strong><\/p>\n<p>&nbsp;<\/td>\n<\/tr>\n<tr>\n<td width=\"523\">3.\u00a0\u00a0\u00a0\u00a0\u00a0\u00a0 Z\u00e1rt \u00e9s magas ker\u00edt\u00e9sen bejutva idegen szem\u00e9ly elviszi a kerti b\u00fatort.<\/p>\n<p>&nbsp;<\/td>\n<td width=\"81\"><strong>35%<\/strong><\/p>\n<p>&nbsp;<\/td>\n<\/tr>\n<tr>\n<td width=\"523\">4.\u00a0\u00a0\u00a0\u00a0\u00a0\u00a0 Vill\u00e1mcsap\u00e1s sor\u00e1n nem csak a sz\u00e1m\u00edt\u00f3g\u00e9p ment t\u00f6nkre, hanem a csal\u00e1di fot\u00f3k is elt\u0171ntek, melyet egy adatment\u0151 c\u00e9g helyre tud \u00e1ll\u00edtani.<\/td>\n<td width=\"81\"><strong>30%<\/strong><\/p>\n<p>&nbsp;<\/td>\n<\/tr>\n<tr>\n<td width=\"523\">5.\u00a0\u00a0\u00a0\u00a0\u00a0\u00a0 \u00d3nos es\u0151 miatt j\u00e9gg\u00e9 fagyott n\u00f6v\u00e9nyzet kid\u0151lve \u00f6sszet\u00f6ri a kerti s\u00fct\u0151t.<\/p>\n<p>&nbsp;<\/td>\n<td width=\"81\"><strong>26%<\/strong><\/p>\n<p>&nbsp;<\/td>\n<\/tr>\n<tr>\n<td width=\"523\">6.\u00a0\u00a0\u00a0\u00a0\u00a0\u00a0 A gyerek biciklivel komoly k\u00e1rt okoz egy \u00e9rt\u00e9kes aut\u00f3 karossz\u00e9ri\u00e1j\u00e1ban.<\/p>\n<p>&nbsp;<\/td>\n<td width=\"81\"><strong>24%<\/strong><\/p>\n<p>&nbsp;<\/td>\n<\/tr>\n<tr>\n<td width=\"523\">7.\u00a0\u00a0\u00a0\u00a0\u00a0\u00a0 A csal\u00e1d Balatonra utazik \u00e9s az aut\u00f3 z\u00e1rhat\u00f3 tet\u0151csomagtart\u00f3j\u00e1r\u00f3l ellopt\u00e1k a felszerelt ker\u00e9kp\u00e1rt.<\/p>\n<p>&nbsp;<\/td>\n<td width=\"81\"><strong>18%<\/strong><\/p>\n<p>&nbsp;<\/td>\n<\/tr>\n<tr>\n<td width=\"523\">8.\u00a0\u00a0\u00a0\u00a0\u00a0\u00a0 Az \u00f6sszet\u00f6rt akv\u00e1riumba \u00fajra kell a halakat telep\u00edteni, \u00e9s az akv\u00e1rium \u00fcveg\u00e9t p\u00f3tolni.<\/p>\n<p>&nbsp;<\/td>\n<td width=\"81\"><strong>16%<\/strong><\/p>\n<p>&nbsp;<\/td>\n<\/tr>\n<tr>\n<td width=\"523\">9.\u00a0\u00a0\u00a0\u00a0\u00a0\u00a0 Az iskol\u00e1s gyerek\u00fcnkt\u0151l az iskol\u00e1ban idegen elk\u00f6vet\u0151 ellopta a h\u00e1tizs\u00e1kot \u00e9s kab\u00e1tot.<\/p>\n<p>&nbsp;<\/td>\n<td width=\"81\"><strong>14%<\/strong><\/p>\n<p>&nbsp;<\/td>\n<\/tr>\n<tr>\n<td width=\"523\">10.\u00a0\u00a0\u00a0 K\u00f3rh\u00e1zi \u00e1pol\u00e1s sor\u00e1n, a k\u00f3rh\u00e1zb\u00f3l ellopt\u00e1k a bevitt v\u00e1lt\u00f3ruh\u00e1nkat.<\/p>\n<p>&nbsp;<\/td>\n<td width=\"81\"><strong>13%<\/strong><\/p>\n<p>&nbsp;<\/td>\n<\/tr>\n<\/tbody>\n<\/table>\n<div class=\"ads-in-post2\"><script async src=\"https:\/\/pagead2.googlesyndication.com\/pagead\/js\/adsbygoogle.js\"><\/script>\r\n<ins class=\"adsbygoogle\"\r\n     style=\"display:block\"\r\n     data-ad-format=\"fluid\"\r\n     data-ad-layout-key=\"-6t+ed+2i-1n-4w\"\r\n     data-ad-client=\"ca-pub-1959107119989764\"\r\n     data-ad-slot=\"4008251320\"><\/ins>\r\n<script>\r\n     (adsbygoogle = window.adsbygoogle || []).push({});\r\n<\/script><\/div>\nK\u00e1d\u00e1r P\u00e9ter, a Groupama Biztos\u00edt\u00f3 term\u00e9kmenedzsment igazgat\u00f3ja elmondta: <em>\u201eAz, hogy a magyar otthonok h\u00e1romnegyede biztos\u00edtva van, nagyon j\u00f3 ar\u00e1ny. Ezen fel\u00fcl az embereknek m\u00e9lyebben kellene ismerni\u00fck a szerz\u0151d\u00e9s\u00fck r\u00e9szleteit ahhoz, nehogy sz\u00e1zezrekkel r\u00f6vid\u00edts\u00e9k meg magukat. Mi most direkt olyan esetekre h\u00edvtuk fel a figyelm\u00fcket, amelyek b\u00e1rkivel el\u0151fordulhattak, m\u00e9gis csak kevesen tudt\u00e1k, hogy j\u00e1rhat ilyenkor is k\u00e1rt\u00e9r\u00edt\u00e9s. A kutat\u00e1sunkb\u00f3l kider\u00fclt, sokaknak \u00fajdons\u00e1g, hogy az ing\u00f3s\u00e1gok jav\u00edttat\u00e1s\u00e1t vagy p\u00f3tl\u00e1s\u00e1t akkor is fizethetj\u00fck, ha az ingatlan falain k\u00edv\u00fcl t\u00f6rt\u00e9nt a k\u00e1reset. \u00c9rdemes teh\u00e1t \u00fajra el\u0151venni \u00e9s \u00e1tolvasni a lak\u00e1sbiztos\u00edt\u00e1st, hogy tudjuk, miben sz\u00e1m\u00edthatunk a biztos\u00edt\u00f3 seg\u00edts\u00e9g\u00e9re.\u201d<\/em><\/p>\n<p>&nbsp;<\/p><div id=\"gazda-1664960366\" class=\"gazda-tartalomban gazda-entity-placement\"><script async src=\"https:\/\/pagead2.googlesyndication.com\/pagead\/js\/adsbygoogle.js\"><\/script>\r\n<ins class=\"adsbygoogle\"\r\n     style=\"display:block\"\r\n     data-ad-format=\"fluid\"\r\n     data-ad-layout-key=\"-6t+ed+2i-1n-4w\"\r\n     data-ad-client=\"ca-pub-1959107119989764\"\r\n     data-ad-slot=\"4008251320\"><\/ins>\r\n<script>\r\n     (adsbygoogle = window.adsbygoogle || []).push({});\r\n<\/script><\/div>\n<p>&nbsp;<\/p>\n<p><strong>Groupama Biztos\u00edt\u00f3 Zrt.<\/strong><\/p>\n<p>A Groupama Biztos\u00edt\u00f3 k\u00f6zel 1,3 milli\u00f3 \u00fcgyfel\u00e9vel, teljes k\u00f6r\u0171 biztos\u00edt\u00e1si k\u00edn\u00e1lat\u00e1val a hazai biztos\u00edt\u00e1si piac egyik legjelent\u0151sebb szerepl\u0151je. 130 saj\u00e1t \u00fcgyf\u00e9lszolg\u00e1lati irod\u00e1j\u00e1n \u00e9s 1000 f\u0151s tan\u00e1csad\u00f3i h\u00e1l\u00f3zat\u00e1n k\u00edv\u00fcl online, a GroupamaDirekten, az OTP Bank 360 fi\u00f3kj\u00e1ban, valamint 400 alkuszpartner\u00e9n kereszt\u00fcl teszi el\u00e9rhet\u0151v\u00e9 szolg\u00e1ltat\u00e1sait.<\/p>\n<p><strong><em>Az online k\u00e9rd\u0151\u00edves felm\u00e9r\u00e9st a Groupama Biztos\u00edt\u00f3 megb\u00edz\u00e1s\u00e1b\u00f3l az NRC Marketingkutat\u00f3 \u00e9s Tan\u00e1csad\u00f3 Kft. v\u00e9gezte 2018 \u00e1prilis\u00e1ban. A 18-59 \u00e9ves koroszt\u00e1ly 1000 f\u0151s mint\u00e1j\u00e1n k\u00e9sz\u00edtett kutat\u00e1s reprezentat\u00edv a magyar lakoss\u00e1gra nem, korcsoport, v\u00e9gzetts\u00e9g, lak\u00f3helyt\u00edpus \u00e9s r\u00e9gi\u00f3 alapj\u00e1n. <\/em><\/strong><\/p>\n","protected":false},"excerpt":{"rendered":"<p>A Groupama Biztos\u00edt\u00f3 legut\u00f3bbi orsz\u00e1gos lak\u00e1sbiztos\u00edt\u00e1si kutat\u00e1sa sor\u00e1n ut\u00e1naj\u00e1rt t\u00f6bbek k\u00f6z\u00f6tt annak is, hogy a magyarok mennyire ismerik lak\u00e1sbiztos\u00edt\u00e1sukat. T\u00edz speci\u00e1lis biztos\u00edt\u00e1si helyzetet t\u00e1rt a megk\u00e9rdezettek el\u00e9, akiknek meg kellett mondaniuk, hogy szerint\u00fck t\u00e9r\u00edten\u00e9-e a biztos\u00edt\u00f3 a felmer\u00fclt k\u00f6lts\u00e9geket a szerz\u0151d\u00e9s alap vagy kieg\u00e9sz\u00edt\u0151 fedezete alapj\u00e1n. Az emberek 31 sz\u00e1zal\u00e9ka nem is tudott v\u00e1laszolni a &#8230;<\/p>\n","protected":false},"author":1,"featured_media":0,"comment_status":"closed","ping_status":"open","sticky":false,"template":"","format":"standard","meta":[],"categories":[4,51,19],"tags":[],"_links":{"self":[{"href":"https:\/\/gazdasagportal.hu\/index.php\/wp-json\/wp\/v2\/posts\/109631"}],"collection":[{"href":"https:\/\/gazdasagportal.hu\/index.php\/wp-json\/wp\/v2\/posts"}],"about":[{"href":"https:\/\/gazdasagportal.hu\/index.php\/wp-json\/wp\/v2\/types\/post"}],"author":[{"embeddable":true,"href":"https:\/\/gazdasagportal.hu\/index.php\/wp-json\/wp\/v2\/users\/1"}],"replies":[{"embeddable":true,"href":"https:\/\/gazdasagportal.hu\/index.php\/wp-json\/wp\/v2\/comments?post=109631"}],"version-history":[{"count":1,"href":"https:\/\/gazdasagportal.hu\/index.php\/wp-json\/wp\/v2\/posts\/109631\/revisions"}],"predecessor-version":[{"id":109632,"href":"https:\/\/gazdasagportal.hu\/index.php\/wp-json\/wp\/v2\/posts\/109631\/revisions\/109632"}],"wp:attachment":[{"href":"https:\/\/gazdasagportal.hu\/index.php\/wp-json\/wp\/v2\/media?parent=109631"}],"wp:term":[{"taxonomy":"category","embeddable":true,"href":"https:\/\/gazdasagportal.hu\/index.php\/wp-json\/wp\/v2\/categories?post=109631"},{"taxonomy":"post_tag","embeddable":true,"href":"https:\/\/gazdasagportal.hu\/index.php\/wp-json\/wp\/v2\/tags?post=109631"}],"curies":[{"name":"wp","href":"https:\/\/api.w.org\/{rel}","templated":true}]}}