{"id":109535,"date":"2018-10-04T14:05:35","date_gmt":"2018-10-04T12:05:35","guid":{"rendered":"http:\/\/gazdasagportal.hu\/?p=109535"},"modified":"2018-10-04T14:05:35","modified_gmt":"2018-10-04T12:05:35","slug":"magyarorszag-valaszlepeskent-kiutasit-egy-ukran-konzult","status":"publish","type":"post","link":"https:\/\/gazdasagportal.hu\/index.php\/magyarorszag-valaszlepeskent-kiutasit-egy-ukran-konzult\/","title":{"rendered":"Magyarorsz\u00e1g v\u00e1laszl\u00e9p\u00e9sk\u00e9nt kiutas\u00edt egy ukr\u00e1n konzult"},"content":{"rendered":"<p><strong>Ukrajna int\u00e9zked\u00e9s\u00e9re tett ar\u00e1nyos v\u00e1laszl\u00e9p\u00e9sk\u00e9nt Magyarorsz\u00e1g kiutas\u00edt egy ukr\u00e1n konzult &#8211; jelentette be Szijj\u00e1rt\u00f3 P\u00e9ter k\u00fclgazdas\u00e1gi \u00e9s k\u00fcl\u00fcgyminiszter cs\u00fct\u00f6rt\u00f6ki sajt\u00f3t\u00e1j\u00e9koztat\u00f3j\u00e1n, Budapesten.<\/strong><!--more--><\/p>\n<div class=\"ads-in-post1\"><div id=\"gazdasagportal.hu_fullbanner_wideboard\"><\/div>\r\n<\/div>\n<p>    Arra reag\u00e1lt, hogy d\u00e9lel\u0151tt az ukr\u00e1n k\u00fcl\u00fcgyminiszt\u00e9rium nemk\u00edv\u00e1natos szem\u00e9lly\u00e9 nyilv\u00e1n\u00edtotta a beregsz\u00e1szi magyar konzult, akinek 72 \u00f3r\u00e1n bel\u00fcl el kell hagynia az orsz\u00e1g ter\u00fclet\u00e9t.<br \/>\n    Szijj\u00e1rt\u00f3 P\u00e9ter hangs\u00falyozta: Magyarorsz\u00e1g a j\u00f3 kapcsolatokban \u00e9rdekelt minden szomsz\u00e9dos orsz\u00e1ggal, de az elm\u00falt h\u00f3napokban Ukrajna folyamatosan \u00e9lezte a konfliktust Magyarorsz\u00e1ggal.<br \/>\n    Kiemelte: az Ukrajna ter\u00fclet\u00e9r\u0151l kiutas\u00edtott magyar konzul semmilyen jogszab\u00e1ly ellen nem v\u00e9tett.<br \/>\n    Cs\u00fct\u00f6rt\u00f6k\u00f6n bek\u00e9rett\u00e9k a t\u00e1rc\u00e1hoz a budapesti ukr\u00e1n nagyk\u00f6vetet, \u00e9s k\u00f6z\u00f6lt\u00e9k vele, hogy 72 \u00f3r\u00e1n bel\u00fcl el kell hagynia Magyarorsz\u00e1got egy, a budapesti ukr\u00e1n nagyk\u00f6vets\u00e9gen dolgoz\u00f3 konzulnak &#8211; k\u00f6z\u00f6lte.<br \/>\n<div class=\"ads-in-post2\"><script async src=\"https:\/\/pagead2.googlesyndication.com\/pagead\/js\/adsbygoogle.js\"><\/script>\r\n<ins class=\"adsbygoogle\"\r\n     style=\"display:block\"\r\n     data-ad-format=\"fluid\"\r\n     data-ad-layout-key=\"-6t+ed+2i-1n-4w\"\r\n     data-ad-client=\"ca-pub-1959107119989764\"\r\n     data-ad-slot=\"4008251320\"><\/ins>\r\n<script>\r\n     (adsbygoogle = window.adsbygoogle || []).push({});\r\n<\/script><\/div>\n    A miniszter t\u00e9nynek nevezte, hogy titkosszolg\u00e1lati akci\u00f3 kert\u00e9ben k\u00e9sz\u00fclt egy n\u00e9h\u00e1ny napja nyilv\u00e1noss\u00e1gra ker\u00fclt videofelv\u00e9tel Magyarorsz\u00e1g beregsz\u00e1szi k\u00fclk\u00e9pviselet\u00e9n, ami a diplom\u00e1cia minden \u00edrott \u00e9s \u00edratlan szab\u00e1ly\u00e1val szembe megy.<br \/>\n    K\u00f6z\u00f6lte azt is: az \u00edg\u00e9retek ellen\u00e9re az ukr\u00e1n parlament cs\u00fct\u00f6rt\u00f6k\u00f6n m\u00e9gis elkezdte a magyarokat szint\u00e9n h\u00e1tr\u00e1nyosan \u00e9rint\u0151 nyelvt\u00f6rv\u00e9ny t\u00e1rgyal\u00e1s\u00e1t, miut\u00e1n m\u00e1r egy szint\u00e9n a kisebbs\u00e9gekre h\u00e1tr\u00e1nyos oktat\u00e1si t\u00f6rv\u00e9nyt fogadott el.<br \/>\n    Szijj\u00e1rt\u00f3 P\u00e9ter elfogadhatatlannak nevezte a nyelvt\u00f6rv\u00e9ny-javaslatot, amely az eddigi 10 sz\u00e1zal\u00e9k helyett 33 sz\u00e1zal\u00e9kos n\u00e9pess\u00e9gar\u00e1nyhoz k\u00f6tne egyes nyelvhaszn\u00e1lati jogos\u00edtv\u00e1nyokat. Ezzel a K\u00e1rp\u00e1talj\u00e1n \u00e9l\u0151 mintegy 150 ezer magyar jelent\u0151s r\u00e9sze elvesz\u00edten\u00e9 jog\u00e1t az anyanyelve haszn\u00e1lat\u00e1hoz, ami a miniszter szerint szint\u00e9n szembe megy minden nemzetk\u00f6zi szab\u00e1llyal.<br \/>\n    Ukrajna emellett katonai \u00e9s rend\u0151ri er\u0151ket is telep\u00edt a magyar hat\u00e1r k\u00f6zel\u00e9be &#8211; sorolta a provokat\u00edvnak \u00edt\u00e9lt l\u00e9p\u00e9seket. Ha egy NATO-ba igyekv\u0151 orsz\u00e1g egy NATO tagorsz\u00e1g hat\u00e1r\u00e1ba telep\u00edti \u00e1t katonai ereje egy r\u00e9sz\u00e9t, akkor nem csatlakozhat a katonai szervezethez &#8211; jelentette ki -, \u00e9s ha egy uni\u00f3ba igyekv\u0151 orsz\u00e1g t\u00e1mad\u00e1st ind\u00edt az uni\u00f3ban bevett kett\u0151s \u00e1llampolg\u00e1rs\u00e1g int\u00e9zm\u00e9nye ellen, akkor az eur\u00f3pai integr\u00e1ci\u00f3s t\u00f6rekv\u00e9seiket sem lehet hitelesnek tekinteni &#8211; sz\u00f6gezte le, hangs\u00falyozva: Magyarorsz\u00e1g tov\u00e1bbra is meg fogja v\u00e9t\u00f3zni Ukrajna ezen k\u00e9t c\u00e9lj\u00e1t.<br \/>\n    Felid\u00e9zte azokat a seg\u00edts\u00e9geket, amelyeket Magyarorsz\u00e1g az elm\u00falt id\u0151szakban adott Ukrajn\u00e1nak, \u00e9s amelyek ut\u00e1n &#8222;ezeket a h\u00e1tba sz\u00far\u00e1sokat nem v\u00e1rtuk&#8221;.<br \/>\n    A miniszter kifejtette: az ukr\u00e1n eln\u00f6k a rendk\u00edv\u00fcl alacsony n\u00e9pszer\u0171s\u00e9ge n\u00f6vel\u00e9s\u00e9re a v\u00e1laszt\u00e1si kamp\u00e1nyban a k\u00e1rp\u00e1taljai magyarokkal szembeni gy\u0171l\u00f6letkelt\u0151 kamp\u00e1nyt v\u00e1lasztotta. Ukrajna azonban nemzetk\u00f6zi szerz\u0151d\u00e9sek sor\u00e1t szegi meg a magyarok \u00e9s m\u00e1s nemzetis\u00e9gi kisebbs\u00e9gek szerzett jogainak elv\u00e9tel\u00e9vel.<br \/>\n    A miniszter k\u00e9rd\u00e9sre elmondta: Ukrajna semmilyen egyeztet\u00e9st nem folytatott a magyar f\u00e9llel a nyelvt\u00f6rv\u00e9nnyel, \u00e9s az oktat\u00e1si t\u00f6rv\u00e9nyr\u0151l folytatott t\u00e1rgyal\u00e1sokkor tett \u00edg\u00e9ret\u00e9t sem tartotta be.<br \/>\n    Szijj\u00e1rt\u00f3 P\u00e9ter a legfontosabbnak a k\u00e1rp\u00e1taljai magyars\u00e1g v\u00e9delm\u00e9t nevezte, amelyet Magyarorsz\u00e1g nem fog geopolitikai j\u00e1tszm\u00e1knak kitenni. Azt mondta: Magyarorsz\u00e1gnak nem \u00e9rdeke a helyzet tov\u00e1bbi m\u00e9rgesed\u00e9se, m\u00e9gis sz\u00e1m\u00edt arra, hogy az ukr\u00e1n f\u00e9l \u00e9l majd azzal a kamp\u00e1nyban. (MTI)<\/p>\n","protected":false},"excerpt":{"rendered":"<p>Ukrajna int\u00e9zked\u00e9s\u00e9re tett ar\u00e1nyos v\u00e1laszl\u00e9p\u00e9sk\u00e9nt Magyarorsz\u00e1g kiutas\u00edt egy ukr\u00e1n konzult &#8211; jelentette be Szijj\u00e1rt\u00f3 P\u00e9ter k\u00fclgazdas\u00e1gi \u00e9s k\u00fcl\u00fcgyminiszter cs\u00fct\u00f6rt\u00f6ki sajt\u00f3t\u00e1j\u00e9koztat\u00f3j\u00e1n, Budapesten.<\/p>\n","protected":false},"author":1,"featured_media":0,"comment_status":"closed","ping_status":"open","sticky":false,"template":"","format":"standard","meta":[],"categories":[4,12],"tags":[],"_links":{"self":[{"href":"https:\/\/gazdasagportal.hu\/index.php\/wp-json\/wp\/v2\/posts\/109535"}],"collection":[{"href":"https:\/\/gazdasagportal.hu\/index.php\/wp-json\/wp\/v2\/posts"}],"about":[{"href":"https:\/\/gazdasagportal.hu\/index.php\/wp-json\/wp\/v2\/types\/post"}],"author":[{"embeddable":true,"href":"https:\/\/gazdasagportal.hu\/index.php\/wp-json\/wp\/v2\/users\/1"}],"replies":[{"embeddable":true,"href":"https:\/\/gazdasagportal.hu\/index.php\/wp-json\/wp\/v2\/comments?post=109535"}],"version-history":[{"count":1,"href":"https:\/\/gazdasagportal.hu\/index.php\/wp-json\/wp\/v2\/posts\/109535\/revisions"}],"predecessor-version":[{"id":109536,"href":"https:\/\/gazdasagportal.hu\/index.php\/wp-json\/wp\/v2\/posts\/109535\/revisions\/109536"}],"wp:attachment":[{"href":"https:\/\/gazdasagportal.hu\/index.php\/wp-json\/wp\/v2\/media?parent=109535"}],"wp:term":[{"taxonomy":"category","embeddable":true,"href":"https:\/\/gazdasagportal.hu\/index.php\/wp-json\/wp\/v2\/categories?post=109535"},{"taxonomy":"post_tag","embeddable":true,"href":"https:\/\/gazdasagportal.hu\/index.php\/wp-json\/wp\/v2\/tags?post=109535"}],"curies":[{"name":"wp","href":"https:\/\/api.w.org\/{rel}","templated":true}]}}