{"id":109462,"date":"2018-10-02T13:00:56","date_gmt":"2018-10-02T11:00:56","guid":{"rendered":"http:\/\/gazdasagportal.hu\/?p=109462"},"modified":"2018-10-02T13:00:56","modified_gmt":"2018-10-02T11:00:56","slug":"kulfoldi-sajto-magyarorszagrol-financial-times-4","status":"publish","type":"post","link":"https:\/\/gazdasagportal.hu\/index.php\/kulfoldi-sajto-magyarorszagrol-financial-times-4\/","title":{"rendered":"K\u00fclf\u00f6ldi Sajt\u00f3 Magyarorsz\u00e1gr\u00f3l &#8211; Financial Times"},"content":{"rendered":"<p><strong>Alexander Stubb volt finn minisztereln\u00f6k, aki harcba sz\u00e1ll az\u00e9rt, hogy az Eur\u00f3pai N\u00e9pp\u00e1rt (EPP) cs\u00facsjel\u00f6ltje lehessen a 2019-es eur\u00f3pai parlamenti v\u00e1laszt\u00e1sokon, nem Manfred Webert, az EPP frakci\u00f3vezet\u0151j\u00e9t tartja politikai ellenfel\u00e9nek, aki szint\u00e9n indulni k\u00edv\u00e1n az uni\u00f3s bizotts\u00e1g eln\u00f6ki sz\u00e9k\u00e9\u00e9rt, hanem Orb\u00e1n Viktor magyar minisztereln\u00f6k\u00f6t &#8211; \u00edrta keddi sz\u00e1m\u00e1ban a Financial Times c\u00edm\u0171 \u00fczleti-politikai napilap br\u00fcsszeli mut\u00e1ci\u00f3ja.<\/strong><!--more--><\/p>\n<div class=\"ads-in-post1\"><div id=\"gazdasagportal.hu_fullbanner_wideboard\"><\/div>\r\n<\/div>\n<p>    A cikk szerint Orb\u00e1n Viktor, az &#8222;illiber\u00e1lis demokr\u00e1cia bajnoka&#8221; &#8222;p\u00e9ld\u00e1tlan megrov\u00e1st&#8221; kapott az Eur\u00f3pai Parlamentt\u0151l (EP) a jog\u00e1llamis\u00e1gra vonatkoz\u00f3 uni\u00f3s szab\u00e1lyok megs\u00e9rt\u00e9s\u00e9\u00e9rt, miut\u00e1n a Sargentini-jelent\u00e9sr\u0151l sz\u00f3l\u00f3 EP-szavaz\u00e1son sz\u00e1zn\u00e1l t\u00f6bb n\u00e9pp\u00e1rti k\u00e9pvisel\u0151 ellene voksolt.<br \/>\n    &#8222;Nem akarok illiber\u00e1lis demokr\u00e1ci\u00e1t. T\u0171r\u00e9shat\u00e1rom az olyan viselked\u00e9ssel szemben, amilyeneket ebben a rendk\u00edv\u00fcli id\u0151szakban l\u00e1thatunk Eur\u00f3pa t\u00f6bb orsz\u00e1g\u00e1ban, bele\u00e9rtve Magyarorsz\u00e1got is, rendk\u00edv\u00fcl alacsony&#8221; &#8211; fogalmazott Stubb a lapnak adott nyilatkozat\u00e1ban.<br \/>\n    A finn politikus azt szeretn\u00e9, ha az EPP e havi tal\u00e1lkoz\u00f3j\u00e1n megvitatn\u00e1 Orb\u00e1n Viktor kiz\u00e1r\u00e1s\u00e1t soraib\u00f3l, annak \u00e9rdek\u00e9ben, hogy megakad\u00e1lyozza a n\u00e9pp\u00e1rt lass\u00fa jobbra tol\u00f3d\u00e1s\u00e1t &#8211; \u00edrta a lap.<br \/>\n<div class=\"ads-in-post2\"><script async src=\"https:\/\/pagead2.googlesyndication.com\/pagead\/js\/adsbygoogle.js\"><\/script>\r\n<ins class=\"adsbygoogle\"\r\n     style=\"display:block\"\r\n     data-ad-format=\"fluid\"\r\n     data-ad-layout-key=\"-6t+ed+2i-1n-4w\"\r\n     data-ad-client=\"ca-pub-1959107119989764\"\r\n     data-ad-slot=\"4008251320\"><\/ins>\r\n<script>\r\n     (adsbygoogle = window.adsbygoogle || []).push({});\r\n<\/script><\/div>\n    A Financial Times m\u00e1sik, a populista mozgalmakkal foglalkoz\u00f3 cikke szerint az ezek k\u00f6z\u00f6tti eur\u00f3pai egy\u00fcttm\u0171k\u00f6d\u00e9st a nemzeti szint\u0171 k\u00fcl\u00f6nbs\u00e9gek nehez\u00edtik. A cikk szerz\u0151je p\u00e9ldak\u00e9nt eml\u00edtette az olasz korm\u00e1ny \u00e9s az osztr\u00e1k korm\u00e1ny k\u00f6z\u00f6tti t\u00e1vols\u00e1gtart\u00e1st a d\u00e9l-tiroli szeparatist\u00e1k miatt. Az \u00edr\u00e1s szerint hasonl\u00f3 s\u00farl\u00f3d\u00e1sok \u00e1ss\u00e1k al\u00e1 a bar\u00e1ts\u00e1got \u00e9s bizalmat a magyar &#8222;nacionalista, konzervat\u00edv Orb\u00e1n-korm\u00e1ny&#8221; \u00e9s a jelent\u0151s magyar kisebbs\u00e9ggel rendelkez\u0151 szomsz\u00e9dos orsz\u00e1gok, Szlov\u00e1kia, Rom\u00e1nia, Ukrajna jobboldali mozgalmai k\u00f6z\u00f6tt.<br \/>\n(MTI)<\/p>\n","protected":false},"excerpt":{"rendered":"<p>Alexander Stubb volt finn minisztereln\u00f6k, aki harcba sz\u00e1ll az\u00e9rt, hogy az Eur\u00f3pai N\u00e9pp\u00e1rt (EPP) cs\u00facsjel\u00f6ltje lehessen a 2019-es eur\u00f3pai parlamenti v\u00e1laszt\u00e1sokon, nem Manfred Webert, az EPP frakci\u00f3vezet\u0151j\u00e9t tartja politikai ellenfel\u00e9nek, aki szint\u00e9n indulni k\u00edv\u00e1n az uni\u00f3s bizotts\u00e1g eln\u00f6ki sz\u00e9k\u00e9\u00e9rt, hanem Orb\u00e1n Viktor magyar minisztereln\u00f6k\u00f6t &#8211; \u00edrta keddi sz\u00e1m\u00e1ban a Financial Times c\u00edm\u0171 \u00fczleti-politikai napilap br\u00fcsszeli &#8230;<\/p>\n","protected":false},"author":1,"featured_media":72548,"comment_status":"closed","ping_status":"open","sticky":false,"template":"","format":"standard","meta":[],"categories":[146,4],"tags":[],"_links":{"self":[{"href":"https:\/\/gazdasagportal.hu\/index.php\/wp-json\/wp\/v2\/posts\/109462"}],"collection":[{"href":"https:\/\/gazdasagportal.hu\/index.php\/wp-json\/wp\/v2\/posts"}],"about":[{"href":"https:\/\/gazdasagportal.hu\/index.php\/wp-json\/wp\/v2\/types\/post"}],"author":[{"embeddable":true,"href":"https:\/\/gazdasagportal.hu\/index.php\/wp-json\/wp\/v2\/users\/1"}],"replies":[{"embeddable":true,"href":"https:\/\/gazdasagportal.hu\/index.php\/wp-json\/wp\/v2\/comments?post=109462"}],"version-history":[{"count":1,"href":"https:\/\/gazdasagportal.hu\/index.php\/wp-json\/wp\/v2\/posts\/109462\/revisions"}],"predecessor-version":[{"id":109463,"href":"https:\/\/gazdasagportal.hu\/index.php\/wp-json\/wp\/v2\/posts\/109462\/revisions\/109463"}],"wp:featuredmedia":[{"embeddable":true,"href":"https:\/\/gazdasagportal.hu\/index.php\/wp-json\/wp\/v2\/media\/72548"}],"wp:attachment":[{"href":"https:\/\/gazdasagportal.hu\/index.php\/wp-json\/wp\/v2\/media?parent=109462"}],"wp:term":[{"taxonomy":"category","embeddable":true,"href":"https:\/\/gazdasagportal.hu\/index.php\/wp-json\/wp\/v2\/categories?post=109462"},{"taxonomy":"post_tag","embeddable":true,"href":"https:\/\/gazdasagportal.hu\/index.php\/wp-json\/wp\/v2\/tags?post=109462"}],"curies":[{"name":"wp","href":"https:\/\/api.w.org\/{rel}","templated":true}]}}