{"id":109454,"date":"2018-10-02T10:10:56","date_gmt":"2018-10-02T08:10:56","guid":{"rendered":"http:\/\/gazdasagportal.hu\/?p=109454"},"modified":"2018-10-02T09:57:41","modified_gmt":"2018-10-02T07:57:41","slug":"iden-magasabb-lesz-nyugdijpremium-mint-tavaly","status":"publish","type":"post","link":"https:\/\/gazdasagportal.hu\/index.php\/iden-magasabb-lesz-nyugdijpremium-mint-tavaly\/","title":{"rendered":"Id\u00e9n magasabb lesz nyugd\u00edjpr\u00e9mium, mint tavaly"},"content":{"rendered":"<p><strong>Id\u00e9n magasabb lesz a nyugd\u00edjpr\u00e9mium, mint tavaly, v\u00e1rhat\u00f3an 18 ezer forint &#8211; mondta Nov\u00e1k Katalin, az Emberi Er\u0151forr\u00e1sok Miniszt\u00e9rium\u00e1nak (Emmi) csal\u00e1d- \u00e9s ifj\u00fas\u00e1g\u00fcgy\u00e9rt felel\u0151s \u00e1llamtitk\u00e1ra a Kossuth R\u00e1di\u00f3 J\u00f3 reggelt, Magyarorsz\u00e1g! c\u00edm\u0171 m\u0171sor\u00e1ban kedd reggel.<\/strong><!--more--><\/p>\n<div class=\"ads-in-post1\"><div id=\"gazdasagportal.hu_fullbanner_wideboard\"><\/div>\r\n<\/div>\n<p>    A nyugd\u00edjpr\u00e9mium alapelve, hogy a gazdas\u00e1gi n\u00f6veked\u00e9sb\u0151l mindenki r\u00e9szes\u00fclj\u00f6n, az id\u0151sek is. Kisz\u00e1m\u00edt\u00e1s\u00e1nak m\u00f3dja, hogy ha az \u00e9ves gazdas\u00e1gi n\u00f6veked\u00e9s meghaladja a 3,5 sz\u00e1zal\u00e9kot, akkor a n\u00f6vekm\u00e9nnyel megszorozz\u00e1k az egyheti nyugd\u00edjat \u00e9s \u00edgy megkapj\u00e1k a nyugd\u00edjpr\u00e9mium \u00f6sszeg\u00e9t &#8211; magyar\u00e1zta az \u00e1llamtitk\u00e1r.<br \/>\n    Tart\u00f3san j\u00f3 p\u00e1ly\u00e1ra \u00e1llt a gazdas\u00e1g, \u00edgy tavaly m\u00e1r fizetett nyugd\u00edjpr\u00e9miumot a korm\u00e1ny, 12 ezer forintot. Id\u00e9n a 4,4 sz\u00e1zal\u00e9kos gazdas\u00e1gi n\u00f6veked\u00e9snek k\u00f6sz\u00f6nhet\u0151en ez az \u00f6sszeg v\u00e1rhat\u00f3an mintegy 18 ezer forint lesz. M\u00e9g az \u00e9v v\u00e9ge el\u0151tt megkapj\u00e1k az \u00e9rintettek, hozz\u00e1vet\u0151leg 2,6 milli\u00f3, nyugd\u00edjban illetve nyugd\u00edjszer\u0171 ell\u00e1t\u00e1sban r\u00e9szes\u00fcl\u0151 ember &#8211; ismertette az M1 aktu\u00e1lis csatorn\u00e1n.<br \/>\n<div class=\"ads-in-post2\"><script async src=\"https:\/\/pagead2.googlesyndication.com\/pagead\/js\/adsbygoogle.js\"><\/script>\r\n<ins class=\"adsbygoogle\"\r\n     style=\"display:block\"\r\n     data-ad-format=\"fluid\"\r\n     data-ad-layout-key=\"-6t+ed+2i-1n-4w\"\r\n     data-ad-client=\"ca-pub-1959107119989764\"\r\n     data-ad-slot=\"4008251320\"><\/ins>\r\n<script>\r\n     (adsbygoogle = window.adsbygoogle || []).push({});\r\n<\/script><\/div>\n    Az \u00e1llamtitk\u00e1r r\u00e1mutatott: a demogr\u00e1fiai kih\u00edv\u00e1sok megold\u00e1s\u00e1ban az id\u0151seknek is nagy szerep\u00fck van, hisz sokat seg\u00edthetnek a csal\u00e1dalap\u00edt\u00e1sban, gyermekv\u00e1llal\u00e1sban.<br \/>\n    A k\u00f6vetkez\u0151 nemzeti konzult\u00e1ci\u00f3 alapvet\u0151 k\u00e9rd\u00e9se, hogy a migr\u00e1ci\u00f3val vagy a csal\u00e1dok t\u00e1mogat\u00e1s\u00e1val kell-e megoldani a demogr\u00e1fiai kih\u00edv\u00e1sokat &#8211; f\u0171zte hozz\u00e1 Nov\u00e1k Katalin.<br \/>\n    Az \u00e1llamtitk\u00e1r elmondta azt is, hogy a k\u00f6vetkez\u0151 h\u00f3napokban \u00e9letbe l\u00e9p\u0151 jogszab\u00e1lyv\u00e1ltoz\u00e1soknak k\u00f6sz\u00f6nhet\u0151en egyre olcs\u00f3bb lesz a nyugd\u00edjasok foglalkoztat\u00e1sa, \u00edgy k\u00f6nnyebb lesz visszat\u00e9r\u00e9s\u00fck a munkaer\u0151piacra.(MTI)<\/p>\n","protected":false},"excerpt":{"rendered":"<p>Id\u00e9n magasabb lesz a nyugd\u00edjpr\u00e9mium, mint tavaly, v\u00e1rhat\u00f3an 18 ezer forint &#8211; mondta Nov\u00e1k Katalin, az Emberi Er\u0151forr\u00e1sok Miniszt\u00e9rium\u00e1nak (Emmi) csal\u00e1d- \u00e9s ifj\u00fas\u00e1g\u00fcgy\u00e9rt felel\u0151s \u00e1llamtitk\u00e1ra a Kossuth R\u00e1di\u00f3 J\u00f3 reggelt, Magyarorsz\u00e1g! c\u00edm\u0171 m\u0171sor\u00e1ban kedd reggel.<\/p>\n","protected":false},"author":1,"featured_media":98358,"comment_status":"closed","ping_status":"open","sticky":false,"template":"","format":"standard","meta":[],"categories":[146,4,19],"tags":[],"_links":{"self":[{"href":"https:\/\/gazdasagportal.hu\/index.php\/wp-json\/wp\/v2\/posts\/109454"}],"collection":[{"href":"https:\/\/gazdasagportal.hu\/index.php\/wp-json\/wp\/v2\/posts"}],"about":[{"href":"https:\/\/gazdasagportal.hu\/index.php\/wp-json\/wp\/v2\/types\/post"}],"author":[{"embeddable":true,"href":"https:\/\/gazdasagportal.hu\/index.php\/wp-json\/wp\/v2\/users\/1"}],"replies":[{"embeddable":true,"href":"https:\/\/gazdasagportal.hu\/index.php\/wp-json\/wp\/v2\/comments?post=109454"}],"version-history":[{"count":1,"href":"https:\/\/gazdasagportal.hu\/index.php\/wp-json\/wp\/v2\/posts\/109454\/revisions"}],"predecessor-version":[{"id":109455,"href":"https:\/\/gazdasagportal.hu\/index.php\/wp-json\/wp\/v2\/posts\/109454\/revisions\/109455"}],"wp:featuredmedia":[{"embeddable":true,"href":"https:\/\/gazdasagportal.hu\/index.php\/wp-json\/wp\/v2\/media\/98358"}],"wp:attachment":[{"href":"https:\/\/gazdasagportal.hu\/index.php\/wp-json\/wp\/v2\/media?parent=109454"}],"wp:term":[{"taxonomy":"category","embeddable":true,"href":"https:\/\/gazdasagportal.hu\/index.php\/wp-json\/wp\/v2\/categories?post=109454"},{"taxonomy":"post_tag","embeddable":true,"href":"https:\/\/gazdasagportal.hu\/index.php\/wp-json\/wp\/v2\/tags?post=109454"}],"curies":[{"name":"wp","href":"https:\/\/api.w.org\/{rel}","templated":true}]}}