{"id":109446,"date":"2018-10-02T10:44:52","date_gmt":"2018-10-02T08:44:52","guid":{"rendered":"http:\/\/gazdasagportal.hu\/?p=109446"},"modified":"2018-10-02T09:41:31","modified_gmt":"2018-10-02T07:41:31","slug":"a-facebook-166-milliard-dollaros-birsagot-is-kaphat-az-ir-adatvedelmi-hatosagtol","status":"publish","type":"post","link":"https:\/\/gazdasagportal.hu\/index.php\/a-facebook-166-milliard-dollaros-birsagot-is-kaphat-az-ir-adatvedelmi-hatosagtol\/","title":{"rendered":"A Facebook 1,66 milli\u00e1rd doll\u00e1ros b\u00edrs\u00e1got is kaphat az \u00edr adatv\u00e9delmi hat\u00f3s\u00e1gt\u00f3l"},"content":{"rendered":"<p><strong>A Facebook ak\u00e1r 1,66 milli\u00e1rd doll\u00e1ros b\u00edrs\u00e1got is kaphat az \u00edr adatv\u00e9delmi hat\u00f3s\u00e1gt\u00f3l, miut\u00e1n mintegy 50 milli\u00f3 felhaszn\u00e1l\u00f3i fi\u00f3kot \u00e9rint\u0151 biztons\u00e1gi probl\u00e9m\u00e1ra der\u00fclt f\u00e9ny.<\/strong><!--more--><\/p>\n<div class=\"ads-in-post1\"><div id=\"gazdasagportal.hu_fullbanner_wideboard\"><\/div>\r\n<\/div>\n<p>    A The Wall Street Journal azt \u00edrta, hogy az EU el\u0151\u00edr\u00e1sai szerint az a c\u00e9g, amely megszegi az adatv\u00e9delmi szab\u00e1lyokat, b\u00edrs\u00e1ggal s\u00fajthat\u00f3, aminek a m\u00e9rt\u00e9ke a c\u00e9g \u00e9ves bev\u00e9tel\u00e9nek ak\u00e1r 4 sz\u00e1zal\u00e9ka is lehet.<br \/>\n    A Facebook eset\u00e9ben \u00edgy j\u00f6het ki az 1,66 milli\u00e1rd doll\u00e1ros b\u00edrs\u00e1g. Az \u00fcgyben az\u00e9rt az \u00edr hat\u00f3s\u00e1g az illet\u00e9kes, mert a Facebook eur\u00f3pai k\u00f6zpontja \u00cdrorsz\u00e1gban van.<br \/>\n    Az adatv\u00e9delmi szab\u00e1lyok megs\u00e9rt\u00e9s\u00e9vel kapcsolatos, a bev\u00e9tel ak\u00e1r 4 sz\u00e1zal\u00e9k\u00e1t is el\u00e9rhet\u0151 b\u00edrs\u00e1g kiszabhat\u00f3s\u00e1g\u00e1r\u00f3l sz\u00f3l\u00f3 EU el\u0151\u00edr\u00e1s az \u00e9v elej\u00e9n l\u00e9pett \u00e9letbe \u00e9s eddig m\u00e9g nem alkalmazt\u00e1k.<br \/>\n<div class=\"ads-in-post2\"><script async src=\"https:\/\/pagead2.googlesyndication.com\/pagead\/js\/adsbygoogle.js\"><\/script>\r\n<ins class=\"adsbygoogle\"\r\n     style=\"display:block\"\r\n     data-ad-format=\"fluid\"\r\n     data-ad-layout-key=\"-6t+ed+2i-1n-4w\"\r\n     data-ad-client=\"ca-pub-1959107119989764\"\r\n     data-ad-slot=\"4008251320\"><\/ins>\r\n<script>\r\n     (adsbygoogle = window.adsbygoogle || []).push({});\r\n<\/script><\/div>\n    A Facebook szerint a kibert\u00e1mad\u00e1st egy hete kedden \u00e9szlelt\u00e9k \u00e9s cs\u00fct\u00f6rt\u00f6k\u00f6n jelentett\u00e9k az illet\u00e9kes hat\u00f3s\u00e1goknak, a  biztons\u00e1gi r\u00e9st az\u00f3ta siker\u00fclt bez\u00e1rniuk.<br \/>\n    A kibert\u00e1mad\u00e1s roppant k\u00e9nyes id\u0151ben \u00e9rte a Facebookot, amely nemr\u00e9g a Cambridge Analytica adatbotr\u00e1ny miatt ker\u00fclt reflektorf\u00e9nybe. A brit-amerikai politikai elemz\u0151 \u00e9s tan\u00e1csad\u00f3 c\u00e9g k\u00f6zel 90 milli\u00f3 Facebook-felhaszn\u00e1l\u00f3 adatainak feldolgoz\u00e1s\u00e1val igyekezett k\u00e9pet alkotni a v\u00e1laszt\u00f3k politikai be\u00e1ll\u00edtotts\u00e1g\u00e1r\u00f3l, \u00e9s ennek alapj\u00e1n szem\u00e9lyre szabott \u00fczenetekkel pr\u00f3b\u00e1lta meg befoly\u00e1solni \u0151ket tudtuk n\u00e9lk\u00fcl p\u00e9ld\u00e1ul a Brexit-kamp\u00e1ny idej\u00e9n \u00e9s az amerikai eln\u00f6kv\u00e1laszt\u00e1skor.(MTI)<\/p>\n","protected":false},"excerpt":{"rendered":"<p>A Facebook ak\u00e1r 1,66 milli\u00e1rd doll\u00e1ros b\u00edrs\u00e1got is kaphat az \u00edr adatv\u00e9delmi hat\u00f3s\u00e1gt\u00f3l, miut\u00e1n mintegy 50 milli\u00f3 felhaszn\u00e1l\u00f3i fi\u00f3kot \u00e9rint\u0151 biztons\u00e1gi probl\u00e9m\u00e1ra der\u00fclt f\u00e9ny.<\/p>\n","protected":false},"author":1,"featured_media":0,"comment_status":"closed","ping_status":"open","sticky":false,"template":"","format":"standard","meta":[],"categories":[246],"tags":[],"_links":{"self":[{"href":"https:\/\/gazdasagportal.hu\/index.php\/wp-json\/wp\/v2\/posts\/109446"}],"collection":[{"href":"https:\/\/gazdasagportal.hu\/index.php\/wp-json\/wp\/v2\/posts"}],"about":[{"href":"https:\/\/gazdasagportal.hu\/index.php\/wp-json\/wp\/v2\/types\/post"}],"author":[{"embeddable":true,"href":"https:\/\/gazdasagportal.hu\/index.php\/wp-json\/wp\/v2\/users\/1"}],"replies":[{"embeddable":true,"href":"https:\/\/gazdasagportal.hu\/index.php\/wp-json\/wp\/v2\/comments?post=109446"}],"version-history":[{"count":1,"href":"https:\/\/gazdasagportal.hu\/index.php\/wp-json\/wp\/v2\/posts\/109446\/revisions"}],"predecessor-version":[{"id":109447,"href":"https:\/\/gazdasagportal.hu\/index.php\/wp-json\/wp\/v2\/posts\/109446\/revisions\/109447"}],"wp:attachment":[{"href":"https:\/\/gazdasagportal.hu\/index.php\/wp-json\/wp\/v2\/media?parent=109446"}],"wp:term":[{"taxonomy":"category","embeddable":true,"href":"https:\/\/gazdasagportal.hu\/index.php\/wp-json\/wp\/v2\/categories?post=109446"},{"taxonomy":"post_tag","embeddable":true,"href":"https:\/\/gazdasagportal.hu\/index.php\/wp-json\/wp\/v2\/tags?post=109446"}],"curies":[{"name":"wp","href":"https:\/\/api.w.org\/{rel}","templated":true}]}}