{"id":109439,"date":"2018-10-02T07:50:36","date_gmt":"2018-10-02T05:50:36","guid":{"rendered":"http:\/\/gazdasagportal.hu\/?p=109439"},"modified":"2018-10-02T07:50:36","modified_gmt":"2018-10-02T05:50:36","slug":"a-mini-rekordevre-szamit-az-iden-magyarorszagon","status":"publish","type":"post","link":"https:\/\/gazdasagportal.hu\/index.php\/a-mini-rekordevre-szamit-az-iden-magyarorszagon\/","title":{"rendered":"A MINI rekord\u00e9vre sz\u00e1m\u00edt az id\u00e9n Magyarorsz\u00e1gon"},"content":{"rendered":"<p><strong>A BMW Group &#8222;lovebrand&#8221; m\u00e1rk\u00e1ja, a Mini is profit\u00e1l a magyarorsz\u00e1gi aut\u00f3piac \u00e9l\u00e9nk\u00fcl\u00e9s\u00e9b\u0151l, az els\u0151 h\u00e1romnegyed \u00e9v eredm\u00e9nyei alapj\u00e1n v\u00e1rhat\u00f3an siker\u00fcl a tavalyi, 224 darabos rekordelad\u00e1st fel\u00fclm\u00falni.    <\/strong><!--more--><\/p>\n<div class=\"ads-in-post1\"><div id=\"gazdasagportal.hu_fullbanner_wideboard\"><\/div>\r\n<\/div>\n<p>    A BMW Magyarorsz\u00e1g t\u00e1j\u00e9koztat\u00e1sa szerint az els\u0151 kilenc h\u00f3napban 184 MINI-t adtak el Magyarorsz\u00e1gon a m\u00e1rkakeresked\u00e9sek. A pr\u00e9mium szegmensben szerepl\u0151 &#8222;\u00e9letm\u00f3daut\u00f3&#8221; ezzel ugyan mind\u00f6ssze 0,18 sz\u00e1zal\u00e9kos r\u00e9szt tudhat mag\u00e1\u00e9nak a piacon, er\u0151s\u00f6d\u00e9se 2017-ben azonban er\u0151teljes volt, amikor 2016 \u00e9vi elad\u00e1sait t\u00f6bb mint 80 sz\u00e1zal\u00e9kkal teljes\u00edtette t\u00fal.<br \/>\n    Salg\u00f3 Andr\u00e1s kommunik\u00e1ci\u00f3s vezet\u0151 jelezte: a k\u00f6rnyezetbar\u00e1t j\u00e1rm\u0171vek ir\u00e1nti fokoz\u00f3d\u00f3 \u00e9rdekl\u0151d\u00e9s is t\u00e1mogatja a MINI-t, amely 2017 j\u00fanius\u00e1ban vezette be els\u0151, konnektorr\u00f3l t\u00f6lthet\u0151 hibid modellj\u00e9t. Az elektromos meghajt\u00e1st k\u00edn\u00e1l\u00f3 aut\u00f3k \u00e9rt\u00e9kes\u00edt\u00e9s\u00e9ben a BMW \u00e9s a MINI a pr\u00e9mium szegmens legsikeresebb m\u00e1rk\u00e1ja &#8211; emelte ki, ismertetve: az id\u00e9n janu\u00e1r \u00e9s augusztus k\u00f6z\u00f6tt 272 darab BMW i \u00e9s iPerformance, valamint plug-in-hibrid MINI modellt adtak el Magyarorsz\u00e1gon.<br \/>\n<div class=\"ads-in-post2\"><script async src=\"https:\/\/pagead2.googlesyndication.com\/pagead\/js\/adsbygoogle.js\"><\/script>\r\n<ins class=\"adsbygoogle\"\r\n     style=\"display:block\"\r\n     data-ad-format=\"fluid\"\r\n     data-ad-layout-key=\"-6t+ed+2i-1n-4w\"\r\n     data-ad-client=\"ca-pub-1959107119989764\"\r\n     data-ad-slot=\"4008251320\"><\/ins>\r\n<script>\r\n     (adsbygoogle = window.adsbygoogle || []).push({});\r\n<\/script><\/div>\n    A Datahouse kedden nyilv\u00e1noss\u00e1gra hozott adatai szerint  Magyarorsz\u00e1gon az id\u00e9n az els\u0151 h\u00e1romnegyed \u00e9vben 1452 elektromos \u00e9s plug-in hibrid szem\u00e9lyaut\u00f3 kelt el.<br \/>\n    A MINI 2019-ben \u00e1ll el\u0151 teljesen elektromos v\u00e1ltozattal.<br \/>\n    Orsz\u00e1gszerte m\u00e1r \u00f6t MINI m\u00e1rkakeresked\u00e9s tal\u00e1lhat\u00f3, az elm\u00falt napokban ny\u00edlt meg a miskolci, valamint a p\u00e9csi szalon.<br \/>\n    A MINI legnagyobb piaca Nyugat-Eur\u00f3p\u00e1ban Nagy-Britannia, N\u00e9metorsz\u00e1g, Franciaorsz\u00e1g \u00e9s Olaszorsz\u00e1g. A 12 orsz\u00e1got mag\u00e1ba foglal\u00f3 kelet-k\u00f6z\u00e9p-eur\u00f3pai r\u00e9gi\u00f3ban pedig G\u00f6r\u00f6g-, Lengyel- \u00e9s Csehorsz\u00e1gban szerepel a legjobban.(MTI)<\/p>\n","protected":false},"excerpt":{"rendered":"<p>A BMW Group &#8222;lovebrand&#8221; m\u00e1rk\u00e1ja, a Mini is profit\u00e1l a magyarorsz\u00e1gi aut\u00f3piac \u00e9l\u00e9nk\u00fcl\u00e9s\u00e9b\u0151l, az els\u0151 h\u00e1romnegyed \u00e9v eredm\u00e9nyei alapj\u00e1n v\u00e1rhat\u00f3an siker\u00fcl a tavalyi, 224 darabos rekordelad\u00e1st fel\u00fclm\u00falni.<\/p>\n","protected":false},"author":1,"featured_media":0,"comment_status":"closed","ping_status":"open","sticky":false,"template":"","format":"standard","meta":[],"categories":[19],"tags":[],"_links":{"self":[{"href":"https:\/\/gazdasagportal.hu\/index.php\/wp-json\/wp\/v2\/posts\/109439"}],"collection":[{"href":"https:\/\/gazdasagportal.hu\/index.php\/wp-json\/wp\/v2\/posts"}],"about":[{"href":"https:\/\/gazdasagportal.hu\/index.php\/wp-json\/wp\/v2\/types\/post"}],"author":[{"embeddable":true,"href":"https:\/\/gazdasagportal.hu\/index.php\/wp-json\/wp\/v2\/users\/1"}],"replies":[{"embeddable":true,"href":"https:\/\/gazdasagportal.hu\/index.php\/wp-json\/wp\/v2\/comments?post=109439"}],"version-history":[{"count":1,"href":"https:\/\/gazdasagportal.hu\/index.php\/wp-json\/wp\/v2\/posts\/109439\/revisions"}],"predecessor-version":[{"id":109440,"href":"https:\/\/gazdasagportal.hu\/index.php\/wp-json\/wp\/v2\/posts\/109439\/revisions\/109440"}],"wp:attachment":[{"href":"https:\/\/gazdasagportal.hu\/index.php\/wp-json\/wp\/v2\/media?parent=109439"}],"wp:term":[{"taxonomy":"category","embeddable":true,"href":"https:\/\/gazdasagportal.hu\/index.php\/wp-json\/wp\/v2\/categories?post=109439"},{"taxonomy":"post_tag","embeddable":true,"href":"https:\/\/gazdasagportal.hu\/index.php\/wp-json\/wp\/v2\/tags?post=109439"}],"curies":[{"name":"wp","href":"https:\/\/api.w.org\/{rel}","templated":true}]}}