{"id":109411,"date":"2018-10-01T07:08:26","date_gmt":"2018-10-01T05:08:26","guid":{"rendered":"http:\/\/gazdasagportal.hu\/?p=109411"},"modified":"2018-10-01T07:08:26","modified_gmt":"2018-10-01T05:08:26","slug":"amerikai-sajto-washington-es-ottawa-megallapodott-a-nafta-megujitasaban","status":"publish","type":"post","link":"https:\/\/gazdasagportal.hu\/index.php\/amerikai-sajto-washington-es-ottawa-megallapodott-a-nafta-megujitasaban\/","title":{"rendered":"Amerikai sajt\u00f3: Washington \u00e9s Ottawa meg\u00e1llapodott a NAFTA meg\u00faj\u00edt\u00e1s\u00e1ban"},"content":{"rendered":"<p><strong>Washington \u00e9s Ottawa meg\u00e1llapodott az \u00c9szak-amerikai Szabadkereskedelmi Egyezm\u00e9ny (NAFTA) meg\u00faj\u00edt\u00e1s\u00e1ban &#8211; jelentett\u00e9k vas\u00e1rnap \u00e9jjel amerikai lapok. <\/strong><!--more--><\/p>\n<div class=\"ads-in-post1\"><div id=\"gazdasagportal.hu_fullbanner_wideboard\"><\/div>\r\n<\/div>\n    A The Wall Street Journal pontosan meg nem nevezett forr\u00e1sb\u00f3l, de a t\u00e1rgyal\u00f3 deleg\u00e1ci\u00f3kt\u00f3l sz\u00e1rmaz\u00f3 \u00e9rtes\u00fcl\u00e9sei szerint Kanada csatlakozik az Egyes\u00fclt \u00c1llamok \u00e9s Mexik\u00f3 k\u00f6z\u00f6tt augusztusban megsz\u00fcletett egyezs\u00e9ghez, s ezzel v\u00e9get \u00e9r a h\u00f3napok \u00f3ta tart\u00f3 bizonytalans\u00e1g a negyedsz\u00e1zados kereskedelmi egyezm\u00e9ny j\u00f6v\u0151j\u00e9t illet\u0151en. A lap meglepet\u00e9snek min\u0151s\u00edtette a meg\u00e1llapod\u00e1st, utalva arra, hogy alig n\u00e9gy nappal kor\u00e1bban Robert Lighthizer amerikai f\u0151t\u00e1rgyal\u00f3 a kongresszusban azt mondta, az Egyes\u00fclt \u00c1llamok \u00e9s Kanada n\u00e9zetei k\u00f6z\u00f6tt olyan nagy a k\u00fcl\u00f6nbs\u00e9g, hogy lehetetlens\u00e9g a Washington \u00e1ltal kijel\u00f6lt vas\u00e1rnapi hat\u00e1rid\u0151ig meg\u00e1llapodni, \u00edgy az Egyes\u00fclt \u00c1llamok arra k\u00e9sz\u00fcl, hogy csakis Mexik\u00f3val \u00faj\u00edtja meg a NAFTA-t.<br \/>\n<div class=\"ads-in-post2\"><script async src=\"https:\/\/pagead2.googlesyndication.com\/pagead\/js\/adsbygoogle.js\"><\/script>\r\n<ins class=\"adsbygoogle\"\r\n     style=\"display:block\"\r\n     data-ad-format=\"fluid\"\r\n     data-ad-layout-key=\"-6t+ed+2i-1n-4w\"\r\n     data-ad-client=\"ca-pub-1959107119989764\"\r\n     data-ad-slot=\"4008251320\"><\/ins>\r\n<script>\r\n     (adsbygoogle = window.adsbygoogle || []).push({});\r\n<\/script><\/div>\n    A h\u00e9ten New Yorkban az ENSZ-k\u00f6zgy\u0171l\u00e9s \u00fcl\u00e9sszak\u00e1nak idej\u00e9n tartott megbesz\u00e9l\u00e9seken nagyon intenz\u00edv egyeztet\u00e9sek folytak Washington \u00e9s Ottawa k\u00f6z\u00f6tt, \u00e9s a t\u00e1rgyal\u00e1sokba &#8211; a The Wall Street Journal inform\u00e1ci\u00f3i szerint &#8211; bekapcsol\u00f3dott Donald Trump amerikai eln\u00f6k veje \u00e9s tan\u00e1csad\u00f3ja, Jared Kushner is.<br \/>\n    Az els\u0151 kisziv\u00e1rgott inform\u00e1ci\u00f3k szerint Kanada tett engedm\u00e9nyeket: a t\u00f6bbi k\u00f6z\u00f6tt p\u00e9ld\u00e1ul megnyitja majd az eddig z\u00e1rt piac\u00e1t az amerikai tejterm\u00e9kek el\u0151tt, \u00e9s beleegyezett az Egyes\u00fclt \u00c1llamokba v\u00e1mmentesen export\u00e1lhat\u00f3 g\u00e9pj\u00e1rm\u0171vek Trump \u00e1ltal megszabott kv\u00f3t\u00e1j\u00e1ba. Nem siker\u00fclt viszont meg\u00e1llapodni az ac\u00e9l- \u00e9s alum\u00edniumterm\u00e9kekre Washington \u00e1ltal kivetett v\u00e9d\u0151v\u00e1mok \u00fcgy\u00e9ben.<br \/>\n(MTI)<\/p>\n","protected":false},"excerpt":{"rendered":"<p>Washington \u00e9s Ottawa meg\u00e1llapodott az \u00c9szak-amerikai Szabadkereskedelmi Egyezm\u00e9ny (NAFTA) meg\u00faj\u00edt\u00e1s\u00e1ban &#8211; jelentett\u00e9k vas\u00e1rnap \u00e9jjel amerikai lapok.<\/p>\n","protected":false},"author":1,"featured_media":0,"comment_status":"closed","ping_status":"open","sticky":false,"template":"","format":"standard","meta":[],"categories":[13,5],"tags":[],"_links":{"self":[{"href":"https:\/\/gazdasagportal.hu\/index.php\/wp-json\/wp\/v2\/posts\/109411"}],"collection":[{"href":"https:\/\/gazdasagportal.hu\/index.php\/wp-json\/wp\/v2\/posts"}],"about":[{"href":"https:\/\/gazdasagportal.hu\/index.php\/wp-json\/wp\/v2\/types\/post"}],"author":[{"embeddable":true,"href":"https:\/\/gazdasagportal.hu\/index.php\/wp-json\/wp\/v2\/users\/1"}],"replies":[{"embeddable":true,"href":"https:\/\/gazdasagportal.hu\/index.php\/wp-json\/wp\/v2\/comments?post=109411"}],"version-history":[{"count":1,"href":"https:\/\/gazdasagportal.hu\/index.php\/wp-json\/wp\/v2\/posts\/109411\/revisions"}],"predecessor-version":[{"id":109412,"href":"https:\/\/gazdasagportal.hu\/index.php\/wp-json\/wp\/v2\/posts\/109411\/revisions\/109412"}],"wp:attachment":[{"href":"https:\/\/gazdasagportal.hu\/index.php\/wp-json\/wp\/v2\/media?parent=109411"}],"wp:term":[{"taxonomy":"category","embeddable":true,"href":"https:\/\/gazdasagportal.hu\/index.php\/wp-json\/wp\/v2\/categories?post=109411"},{"taxonomy":"post_tag","embeddable":true,"href":"https:\/\/gazdasagportal.hu\/index.php\/wp-json\/wp\/v2\/tags?post=109411"}],"curies":[{"name":"wp","href":"https:\/\/api.w.org\/{rel}","templated":true}]}}