{"id":109406,"date":"2018-09-30T19:12:17","date_gmt":"2018-09-30T17:12:17","guid":{"rendered":"http:\/\/gazdasagportal.hu\/?p=109406"},"modified":"2018-09-30T19:12:17","modified_gmt":"2018-09-30T17:12:17","slug":"fokozott-ellenorzest-rendelt-el-az-orszagos-rendorfokapitany-az-orszag-tobb-megyejeben","status":"publish","type":"post","link":"https:\/\/gazdasagportal.hu\/index.php\/fokozott-ellenorzest-rendelt-el-az-orszagos-rendorfokapitany-az-orszag-tobb-megyejeben\/","title":{"rendered":"Fokozott ellen\u0151rz\u00e9st rendelt el az orsz\u00e1gos rend\u0151rf\u0151kapit\u00e1ny az orsz\u00e1g t\u00f6bb megy\u00e9j\u00e9ben"},"content":{"rendered":"<p><strong>Fokozott ellen\u0151rz\u00e9st rendelt el az orsz\u00e1g nyolc megy\u00e9j\u00e9ben az orsz\u00e1gos rend\u0151rf\u0151kapit\u00e1ny okt\u00f3ber elsej\u00e9t\u0151l 2019. m\u00e1rcius 6-ig &#8211; k\u00f6z\u00f6lte az Orsz\u00e1gos Rend\u0151r-f\u0151kapit\u00e1nys\u00e1g kommunik\u00e1ci\u00f3s szolg\u00e1lata a rend\u0151rs\u00e9g honlapj\u00e1n vas\u00e1rnap.<\/strong><!--more--><\/p>\n<div class=\"ads-in-post1\"><div id=\"gazdasagportal.hu_fullbanner_wideboard\"><\/div>\r\n<\/div>\n<p>    Az orsz\u00e1gos rend\u0151rf\u0151kapit\u00e1ny Zala, Somogy, Baranya, B\u00e1cs-Kiskun, Csongr\u00e1d, B\u00e9k\u00e9s, Hajd\u00fa-Bihar, valamint Szabolcs-Szatm\u00e1r-Bereg megye k\u00f6zigazgat\u00e1si ter\u00fclet\u00e9re vonatkoz\u00f3an fokozott ellen\u0151rz\u00e9st rendelt el a jogs\u00e9rt\u0151 cselekm\u00e9nyek elk\u00f6vet\u00e9s\u00e9nek megel\u0151z\u00e9s\u00e9\u00e9rt, felder\u00edt\u00e9s\u00e9\u00e9rt, illetve megszak\u00edt\u00e1s\u00e1\u00e9rt &#8211; olvashat\u00f3 a police.hu oldalon.(MTI)<br \/>\n<div class=\"ads-in-post2\"><script async src=\"https:\/\/pagead2.googlesyndication.com\/pagead\/js\/adsbygoogle.js\"><\/script>\r\n<ins class=\"adsbygoogle\"\r\n     style=\"display:block\"\r\n     data-ad-format=\"fluid\"\r\n     data-ad-layout-key=\"-6t+ed+2i-1n-4w\"\r\n     data-ad-client=\"ca-pub-1959107119989764\"\r\n     data-ad-slot=\"4008251320\"><\/ins>\r\n<script>\r\n     (adsbygoogle = window.adsbygoogle || []).push({});\r\n<\/script><\/div>\n","protected":false},"excerpt":{"rendered":"<p>Fokozott ellen\u0151rz\u00e9st rendelt el az orsz\u00e1g nyolc megy\u00e9j\u00e9ben az orsz\u00e1gos rend\u0151rf\u0151kapit\u00e1ny okt\u00f3ber elsej\u00e9t\u0151l 2019. m\u00e1rcius 6-ig &#8211; k\u00f6z\u00f6lte az Orsz\u00e1gos Rend\u0151r-f\u0151kapit\u00e1nys\u00e1g kommunik\u00e1ci\u00f3s szolg\u00e1lata a rend\u0151rs\u00e9g honlapj\u00e1n vas\u00e1rnap.<\/p>\n","protected":false},"author":1,"featured_media":0,"comment_status":"closed","ping_status":"open","sticky":false,"template":"","format":"standard","meta":[],"categories":[4],"tags":[],"_links":{"self":[{"href":"https:\/\/gazdasagportal.hu\/index.php\/wp-json\/wp\/v2\/posts\/109406"}],"collection":[{"href":"https:\/\/gazdasagportal.hu\/index.php\/wp-json\/wp\/v2\/posts"}],"about":[{"href":"https:\/\/gazdasagportal.hu\/index.php\/wp-json\/wp\/v2\/types\/post"}],"author":[{"embeddable":true,"href":"https:\/\/gazdasagportal.hu\/index.php\/wp-json\/wp\/v2\/users\/1"}],"replies":[{"embeddable":true,"href":"https:\/\/gazdasagportal.hu\/index.php\/wp-json\/wp\/v2\/comments?post=109406"}],"version-history":[{"count":1,"href":"https:\/\/gazdasagportal.hu\/index.php\/wp-json\/wp\/v2\/posts\/109406\/revisions"}],"predecessor-version":[{"id":109407,"href":"https:\/\/gazdasagportal.hu\/index.php\/wp-json\/wp\/v2\/posts\/109406\/revisions\/109407"}],"wp:attachment":[{"href":"https:\/\/gazdasagportal.hu\/index.php\/wp-json\/wp\/v2\/media?parent=109406"}],"wp:term":[{"taxonomy":"category","embeddable":true,"href":"https:\/\/gazdasagportal.hu\/index.php\/wp-json\/wp\/v2\/categories?post=109406"},{"taxonomy":"post_tag","embeddable":true,"href":"https:\/\/gazdasagportal.hu\/index.php\/wp-json\/wp\/v2\/tags?post=109406"}],"curies":[{"name":"wp","href":"https:\/\/api.w.org\/{rel}","templated":true}]}}