{"id":109365,"date":"2018-09-29T04:04:39","date_gmt":"2018-09-29T02:04:39","guid":{"rendered":"http:\/\/gazdasagportal.hu\/?p=109365"},"modified":"2018-09-28T22:05:09","modified_gmt":"2018-09-28T20:05:09","slug":"orban-iden-is-lesz-nyugdijpremium","status":"publish","type":"post","link":"https:\/\/gazdasagportal.hu\/index.php\/orban-iden-is-lesz-nyugdijpremium\/","title":{"rendered":"Orb\u00e1n: id\u00e9n is lesz nyugd\u00edjpr\u00e9mium"},"content":{"rendered":"<p><strong>Id\u00e9n is lesz nyugd\u00edjpr\u00e9mium &#8211; er\u0151s\u00edtette meg Orb\u00e1n Viktor minisztereln\u00f6k p\u00e9nteken a Kossuth R\u00e1di\u00f3 J\u00f3 reggelt, Magyarorsz\u00e1g! c\u00edm\u0171 m\u0171sor\u00e1ban.<\/strong><!--more--><\/p>\n<div class=\"ads-in-post1\"><div id=\"gazdasagportal.hu_fullbanner_wideboard\"><\/div>\r\n<\/div>\n<p>    Elmondta, cs\u00fct\u00f6rt\u00f6k d\u00e9lut\u00e1n Varga Mih\u00e1ly p\u00e9nz\u00fcgyminiszter azt a t\u00e1j\u00e9koztat\u00e1st adta neki, hogy a gazdas\u00e1gi adatokb\u00f3l teljesen egy\u00e9rtelm\u0171: az \u00e9v v\u00e9g\u00e9n, novemberben, lesz nyugd\u00edjpr\u00e9mium, a gazdas\u00e1gi n\u00f6veked\u00e9s ugyanis el\u00e9rte azt a szintet, amely alapj\u00e1n ez megilleti a nyugd\u00edjasokat.<br \/>\n(MTI)<br \/>\n<div class=\"ads-in-post2\"><script async src=\"https:\/\/pagead2.googlesyndication.com\/pagead\/js\/adsbygoogle.js\"><\/script>\r\n<ins class=\"adsbygoogle\"\r\n     style=\"display:block\"\r\n     data-ad-format=\"fluid\"\r\n     data-ad-layout-key=\"-6t+ed+2i-1n-4w\"\r\n     data-ad-client=\"ca-pub-1959107119989764\"\r\n     data-ad-slot=\"4008251320\"><\/ins>\r\n<script>\r\n     (adsbygoogle = window.adsbygoogle || []).push({});\r\n<\/script><\/div>\n","protected":false},"excerpt":{"rendered":"<p>Id\u00e9n is lesz nyugd\u00edjpr\u00e9mium &#8211; er\u0151s\u00edtette meg Orb\u00e1n Viktor minisztereln\u00f6k p\u00e9nteken a Kossuth R\u00e1di\u00f3 J\u00f3 reggelt, Magyarorsz\u00e1g! c\u00edm\u0171 m\u0171sor\u00e1ban.<\/p>\n","protected":false},"author":1,"featured_media":0,"comment_status":"closed","ping_status":"open","sticky":false,"template":"","format":"standard","meta":[],"categories":[4,19],"tags":[],"_links":{"self":[{"href":"https:\/\/gazdasagportal.hu\/index.php\/wp-json\/wp\/v2\/posts\/109365"}],"collection":[{"href":"https:\/\/gazdasagportal.hu\/index.php\/wp-json\/wp\/v2\/posts"}],"about":[{"href":"https:\/\/gazdasagportal.hu\/index.php\/wp-json\/wp\/v2\/types\/post"}],"author":[{"embeddable":true,"href":"https:\/\/gazdasagportal.hu\/index.php\/wp-json\/wp\/v2\/users\/1"}],"replies":[{"embeddable":true,"href":"https:\/\/gazdasagportal.hu\/index.php\/wp-json\/wp\/v2\/comments?post=109365"}],"version-history":[{"count":1,"href":"https:\/\/gazdasagportal.hu\/index.php\/wp-json\/wp\/v2\/posts\/109365\/revisions"}],"predecessor-version":[{"id":109366,"href":"https:\/\/gazdasagportal.hu\/index.php\/wp-json\/wp\/v2\/posts\/109365\/revisions\/109366"}],"wp:attachment":[{"href":"https:\/\/gazdasagportal.hu\/index.php\/wp-json\/wp\/v2\/media?parent=109365"}],"wp:term":[{"taxonomy":"category","embeddable":true,"href":"https:\/\/gazdasagportal.hu\/index.php\/wp-json\/wp\/v2\/categories?post=109365"},{"taxonomy":"post_tag","embeddable":true,"href":"https:\/\/gazdasagportal.hu\/index.php\/wp-json\/wp\/v2\/tags?post=109365"}],"curies":[{"name":"wp","href":"https:\/\/api.w.org\/{rel}","templated":true}]}}