{"id":10935,"date":"2013-06-30T19:22:31","date_gmt":"2013-06-30T17:22:31","guid":{"rendered":"http:\/\/stockportal.hu\/?p=10935"},"modified":"2013-06-30T19:22:45","modified_gmt":"2013-06-30T17:22:45","slug":"orban-magyarorszag-jobban-teljesit-a-rendvedelemben-is","status":"publish","type":"post","link":"https:\/\/gazdasagportal.hu\/index.php\/orban-magyarorszag-jobban-teljesit-a-rendvedelemben-is\/","title":{"rendered":"Orb\u00e1n: Magyarorsz\u00e1g jobban teljes\u00edt a rendv\u00e9delemben is"},"content":{"rendered":"<p><strong>Magyarorsz\u00e1g ma m\u00e1r er\u0151s, \u00e9s jobban teljes\u00edt a rend \u00e9s a biztons\u00e1g v\u00e9delme ter\u00fclet\u00e9n is &#8211; jelentette ki Orb\u00e1n Viktor minisztereln\u00f6k vas\u00e1rnap a Nemzeti K\u00f6zszolg\u00e1lati Egyetem Rend\u00e9szettudom\u00e1nyi Kara tisztavat\u00e1si \u00fcnneps\u00e9g\u00e9n, a budai V\u00e1rban.<!--more--><\/strong><\/p>\n<p>Az elm\u00falt h\u00e1rom \u00e9vben az orsz\u00e1g \u00e1llampolg\u00e1rainak nem kellett csal\u00f3dniuk a rend\u0151rs\u00e9gben, az ugyanis az \u00e1talak\u00edt\u00e1sokkal alkalmass\u00e1 v\u00e1lt arra, hogy megv\u00e9dje az embereket &#8211; mondta a korm\u00e1nyf\u0151, hangs\u00falyozva, ma m\u00e1r nem kell att\u00f3l f\u00e9lni, hogy egyenruh\u00e1ba b\u00fajtatott f\u00e9lkatonai szervezetek mas\u00edroznak az utc\u00e1kon.<br \/>\nOrb\u00e1n Viktor kiemelte: Magyarorsz\u00e1g ma m\u00e1r jobban teljes\u00edt a rend- \u00e9s biztons\u00e1gv\u00e9delem ter\u00fclet\u00e9n is, k\u00e9pes megv\u00e9deni mag\u00e1t \u00e9s polg\u00e1rait ak\u00e1r a b\u0171n\u00f6z\u0151kkel, ak\u00e1r a term\u00e9szeti csap\u00e1sokkal vagy a k\u00f6rnyezeti katasztr\u00f3f\u00e1kkal szemben is. Az elm\u00falt h\u00f3napokban ezt t\u00f6bbsz\u00f6r is meg lehetett tapasztalni, legut\u00f3bb a dunai \u00e1rv\u00edzn\u00e9l &#8211; tette hozz\u00e1, majd az \u00e1rhull\u00e1mmal szembeni v\u00e9dekez\u00e9s\u00e9rt k\u00fcl\u00f6n k\u00f6sz\u00f6netet mondott, hiszen &#8222;rend\u0151r\u00f6k, honv\u00e9dek, t\u0171zolt\u00f3k, a katasztr\u00f3fav\u00e9delem munkat\u00e1rsai \u00e9s az \u00f6nk\u00e9ntesek egy\u00fctt \u00e1lltak helyt a g\u00e1takon&#8221;.<br \/>\nAz eg\u00e9sz vil\u00e1g \u00e9s eg\u00e9sz Magyarorsz\u00e1g l\u00e1thatta, &#8222;mi komolyan gondoljuk, hogy minden magyar felel\u0151s minden magyar\u00e9rt&#8221; &#8211; fogalmazott a korm\u00e1nyf\u0151.<br \/>\nA minisztereln\u00f6k azt mondta a v\u00e9gz\u0151s\u00f6knek, hivat\u00e1suk a b\u00e1trak hivat\u00e1sa, a b\u00e1trak pedig nem engedik, hogy f\u00e9lelmeik ir\u00e1ny\u00edts\u00e1k \u0151ket. Hozz\u00e1f\u0171zte, hogy a rend\u00e9szeti hivat\u00e1s a b\u00e1tors\u00e1gon k\u00edv\u00fcl felk\u00e9sz\u00fclts\u00e9get, fegyelmet, hat\u00e1rozotts\u00e1got, al\u00e1zatot \u00e9s seg\u00edt\u0151k\u00e9szs\u00e9get is k\u00f6vetel. &#8222;M\u00e1t\u00f3l \u00f6n\u00f6k\u00f6n is m\u00falik, hogy olyan orsz\u00e1gban \u00e9lj\u00fcnk, ahol minden becs\u00fcletes magyar ember biztons\u00e1gban \u00e9rezheti mag\u00e1t, biztons\u00e1gban tudhatja szeretteit, saj\u00e1t \u00e9rt\u00e9keit \u00e9s a k\u00f6zvagyont&#8221; &#8211; h\u00edvta fel az \u00faj tisztek figyelm\u00e9t.<br \/>\nOrb\u00e1n Viktor v\u00e9g\u00fcl azt k\u00e9rte t\u0151l\u00fck, ragaszkodjanak \u00e1llhatatosan az alapt\u00f6rv\u00e9nyhez, az abb\u00f3l fakad\u00f3 jogszab\u00e1lyokhoz, haz\u00e1jukhoz, nemzet\u00fckh\u00f6z, \u00e9s legyenek b\u00fcszk\u00e9k arra, hogy a rend\u00e9szettudom\u00e1nyi karon v\u00e9geztek, \u00e9s ezt a hivat\u00e1st v\u00e1lasztott\u00e1k. K\u00e9rte azt is, hogy legyenek p\u00e9ldamutat\u00f3k \u00e9s feddhetetlenek.<br \/>\nA 135 v\u00e9gzett hallgat\u00f3 a Szent Korona m\u00e1solata \u00e9s a t\u00f6rt\u00e9nelmi z\u00e1szl\u00f3k el\u0151tt, a minisztereln\u00f6k \u00e9s Pint\u00e9r S\u00e1ndor bel\u00fcgyminiszter, illetve a t\u00e1bornoki kar jelenl\u00e9t\u00e9ben tette le a tiszti esk\u00fct. A karr\u00f3l id\u00e9n 85-en ker\u00fclnek a rend\u0151rs\u00e9ghez &#8211; \u0151k b\u0171n\u00fcgyi nyomoz\u00f3i, gazdas\u00e1gv\u00e9delmi nyomoz\u00f3i, igazgat\u00e1srend\u00e9szeti, illetve hat\u00e1rrend\u00e9szeti szakir\u00e1nyon v\u00e9geztek -, a t\u00f6bbi v\u00e9gz\u0151s a Nemzeti Ad\u00f3- \u00e9s V\u00e1mhivatal, a b\u00fcntet\u00e9s-v\u00e9grehajt\u00e1s \u00e9s az Orsz\u00e1gos Katasztr\u00f3fav\u00e9delmi F\u0151igazgat\u00f3s\u00e1g tisztje lesz.<br \/>\nA tisztavat\u00e1si \u00fcnneps\u00e9g k\u00fcl\u00f6nlegess\u00e9ge, hogy az id\u00e9n v\u00e9gzettek\u00e9 az els\u0151 olyan \u00e9vfolyam a rend\u00e9szettudom\u00e1nyi karon, amely teljes egyetemi tan\u00e9vet t\u00f6lt\u00f6tt el a m\u0171k\u00f6d\u00e9s\u00e9t 2012-ben megkezd\u0151 Nemzeti K\u00f6zszolg\u00e1lati Egyetemen.(MTI)<\/p>\n","protected":false},"excerpt":{"rendered":"<p>Magyarorsz\u00e1g ma m\u00e1r er\u0151s, \u00e9s jobban teljes\u00edt a rend \u00e9s a biztons\u00e1g v\u00e9delme ter\u00fclet\u00e9n is &#8211; jelentette ki Orb\u00e1n Viktor minisztereln\u00f6k vas\u00e1rnap a Nemzeti K\u00f6zszolg\u00e1lati Egyetem Rend\u00e9szettudom\u00e1nyi Kara tisztavat\u00e1si \u00fcnneps\u00e9g\u00e9n, a budai V\u00e1rban.<\/p>\n","protected":false},"author":1,"featured_media":0,"comment_status":"open","ping_status":"closed","sticky":false,"template":"","format":"standard","meta":[],"categories":[18],"tags":[],"_links":{"self":[{"href":"https:\/\/gazdasagportal.hu\/index.php\/wp-json\/wp\/v2\/posts\/10935"}],"collection":[{"href":"https:\/\/gazdasagportal.hu\/index.php\/wp-json\/wp\/v2\/posts"}],"about":[{"href":"https:\/\/gazdasagportal.hu\/index.php\/wp-json\/wp\/v2\/types\/post"}],"author":[{"embeddable":true,"href":"https:\/\/gazdasagportal.hu\/index.php\/wp-json\/wp\/v2\/users\/1"}],"replies":[{"embeddable":true,"href":"https:\/\/gazdasagportal.hu\/index.php\/wp-json\/wp\/v2\/comments?post=10935"}],"version-history":[{"count":4,"href":"https:\/\/gazdasagportal.hu\/index.php\/wp-json\/wp\/v2\/posts\/10935\/revisions"}],"predecessor-version":[{"id":10952,"href":"https:\/\/gazdasagportal.hu\/index.php\/wp-json\/wp\/v2\/posts\/10935\/revisions\/10952"}],"wp:attachment":[{"href":"https:\/\/gazdasagportal.hu\/index.php\/wp-json\/wp\/v2\/media?parent=10935"}],"wp:term":[{"taxonomy":"category","embeddable":true,"href":"https:\/\/gazdasagportal.hu\/index.php\/wp-json\/wp\/v2\/categories?post=10935"},{"taxonomy":"post_tag","embeddable":true,"href":"https:\/\/gazdasagportal.hu\/index.php\/wp-json\/wp\/v2\/tags?post=10935"}],"curies":[{"name":"wp","href":"https:\/\/api.w.org\/{rel}","templated":true}]}}