{"id":109333,"date":"2018-09-28T10:23:12","date_gmt":"2018-09-28T08:23:12","guid":{"rendered":"http:\/\/gazdasagportal.hu\/?p=109333"},"modified":"2018-09-28T10:23:12","modified_gmt":"2018-09-28T08:23:12","slug":"orban-majusban-meg-kell-valtoztatni-az-europai-politikat","status":"publish","type":"post","link":"https:\/\/gazdasagportal.hu\/index.php\/orban-majusban-meg-kell-valtoztatni-az-europai-politikat\/","title":{"rendered":"Orb\u00e1n: m\u00e1jusban meg kell v\u00e1ltoztatni az eur\u00f3pai politik\u00e1t"},"content":{"rendered":"<p><strong>A bev\u00e1ndorl\u00e1sp\u00e1rti \u00e9s a bev\u00e1ndorl\u00e1sellenes eur\u00f3pai k\u00e9pvisel\u0151k csat\u00e1ja m\u00e9g nem d\u0151lt el, a m\u00e9rk\u0151z\u00e9st meg kell v\u00edvni, \u00e9s m\u00e1jusban az eur\u00f3pai parlamenti (EP) v\u00e1laszt\u00e1son meg kell v\u00e1ltoztatni az eur\u00f3pai politik\u00e1t &#8211; mondta Orb\u00e1n Viktor minisztereln\u00f6k p\u00e9nteken a Kossuth R\u00e1di\u00f3 J\u00f3 reggelt, Magyarorsz\u00e1g! c\u00edm\u0171 m\u0171sor\u00e1ban.<\/strong><!--more--><\/p>\n<div class=\"ads-in-post1\"><div id=\"gazdasagportal.hu_fullbanner_wideboard\"><\/div>\r\n<\/div>\n<p>    A korm\u00e1nyf\u0151 kifejtette: ma az EP-ben \u00e9s az Eur\u00f3pai Bizotts\u00e1gban is els\u00f6pr\u0151 t\u00f6bbs\u00e9gben vannak a bev\u00e1ndorl\u00e1st t\u00e1mogat\u00f3k, akik &#8222;egyben egy komoly demokr\u00e1ciaprobl\u00e9m\u00e1t is jelentenek&#8221;, hiszen olyasmit k\u00e9pviselnek, amit egy\u00e9bk\u00e9nt az eur\u00f3pai emberek nem akarnak.<br \/>\n    Az eur\u00f3pai emberek azt v\u00e1rj\u00e1k a vezet\u0151ikt\u0151l, hogy \u00f6ntsenek tiszta vizet a poh\u00e1rba, \u00e9s mondj\u00e1k ki: helyesnek vagy rossz dolognak tartj\u00e1k a migr\u00e1ci\u00f3t &#8211; jelentette ki Orb\u00e1n Viktor. Szerinte a d\u00f6nt\u0151 mondat az, hogy a migr\u00e1ci\u00f3 rossz dolog, az val\u00f3j\u00e1ban lakoss\u00e1gcser\u00e9t jelent.<br \/>\n    &#8222;Egyre kevesebb eur\u00f3pai ember sz\u00fcletik, \u00e9s egyre t\u00f6bb idegent hoznak ide. Ez meg fogja v\u00e1ltoztatni a kult\u00far\u00e1nkat, \u00e9s egy-k\u00e9t \u00e9v eltelt\u00e9vel nem ismer\u00fcnk r\u00e1 a saj\u00e1t falunkra, a saj\u00e1t v\u00e1rosunkra, a saj\u00e1t orsz\u00e1gunkra \u00e9s a saj\u00e1t kontinens\u00fcnkre&#8221; &#8211; mondta.<br \/>\n    Hozz\u00e1tette: aki nem mondja ki, hogy a migr\u00e1ci\u00f3 rossz dolog, &#8222;ez\u00e9rt mi az emberek oldal\u00e1n \u00e1llunk&#8221;, az hi\u00e1ba akarja korl\u00e1tozni a migr\u00e1ci\u00f3t, nem tudja megnyerni az emberek bizalm\u00e1t.<br \/>\n<div class=\"ads-in-post2\"><script async src=\"https:\/\/pagead2.googlesyndication.com\/pagead\/js\/adsbygoogle.js\"><\/script>\r\n<ins class=\"adsbygoogle\"\r\n     style=\"display:block\"\r\n     data-ad-format=\"fluid\"\r\n     data-ad-layout-key=\"-6t+ed+2i-1n-4w\"\r\n     data-ad-client=\"ca-pub-1959107119989764\"\r\n     data-ad-slot=\"4008251320\"><\/ins>\r\n<script>\r\n     (adsbygoogle = window.adsbygoogle || []).push({});\r\n<\/script><\/div>\n    Vannak olyan eur\u00f3pai orsz\u00e1gok &#8211; folytatta a minisztereln\u00f6k -, ahol a politikusok nem merik k\u00e9pviselni az emberek v\u00e9lem\u00e9ny\u00e9t, \u00e1m &#8222;r\u00e1nk ez nem jellemz\u0151&#8221;, \u00e9s &#8222;ha benn\u00fcnket megt\u00e1madnak, akkor abban mindenki biztos lehet, hogy megfelel\u0151 s\u00fallyal fogunk v\u00e1laszolni&#8221;.<br \/>\n    Orb\u00e1n Viktor kit\u00e9rt az ENSZ-k\u00f6zgy\u0171l\u00e9s New Yorkban zajl\u00f3 \u00fcl\u00e9sszak\u00e1n \u00e9s annak k\u00eds\u00e9r\u0151rendezv\u00e9nyein elhangzottakra is, k\u00fcl\u00f6n\u00f6sen k\u00e9t besz\u00e9dre, Dimitrisz Avramopulosz eur\u00f3pai bizotts\u00e1gi migr\u00e1ci\u00f3s biztos \u00e9s Donald Trump amerikai eln\u00f6k felsz\u00f3lal\u00e1s\u00e1ra.<br \/>\n    El\u0151bbir\u0151l azt mondta, &#8222;a g\u00f6r\u00f6g ember&#8221; m\u00e9giscsak &#8222;a mi alkalmazottunk, mi fizetj\u00fck, teh\u00e1t neki az volna a dolga mint az Eur\u00f3pai Bizotts\u00e1g tagj\u00e1nak, hogy benn\u00fcnket k\u00e9pviseljen&#8221;. Ha pedig nem tud minden eur\u00f3pai uni\u00f3s tag\u00e1llamot k\u00e9pviselni, tart\u00f3zkodnia kellene att\u00f3l, hogy az EU nev\u00e9ben nyilv\u00e1n\u00edtson v\u00e9lem\u00e9nyt, mert ez egy s\u00falyos demokr\u00e1ciaprobl\u00e9m\u00e1t vet fel &#8211; fejtette ki.<br \/>\n    A g\u00f6r\u00f6g biztos azonban New Yorkban \u00fagy nyilatkozott &#8211; id\u00e9zte -, a migr\u00e1ci\u00f3 j\u00f3 dolog, folytatni kell, betelep\u00edt\u00e9si programot kell v\u00e9grehajtani.<br \/>\n    A minisztereln\u00f6k kijelentette: erre senkit\u0151l nem kapott felhatalmaz\u00e1st a migr\u00e1ci\u00f3\u00fcgyi biztos. Orb\u00e1n Viktor megism\u00e9telte: ezt egy demokr\u00e1ciaprobl\u00e9m\u00e1nak tartja, hogy az uni\u00f3s tag\u00e1llamok egy r\u00e9sz\u00e9nek \u00e1ll\u00e1spontj\u00e1val sz\u00f6gesen ellent\u00e9tes v\u00e9lem\u00e9nyt k\u00e9pvisel a g\u00f6r\u00f6g biztos.<br \/>\n    &#8222;Nem v\u00e9letlen, hogy sokan vagyunk itt, ezen a kontinensen, akik v\u00e1rj\u00e1k az EP-v\u00e1laszt\u00e1st j\u00f6v\u0151 m\u00e1jusban, hogy az ilyen embereknek v\u00e9gre \u00fatilaput k\u00f6thess\u00fcnk a talp\u00e1ra&#8221; &#8211; mondta.<br \/>\n    K\u00e9rd\u00e9sre jelezte, rem\u00e9nyei szerint Federica Mogherini, az EU k\u00fcl- \u00e9s biztons\u00e1gpolitikai f\u0151k\u00e9pvisel\u0151je szint\u00e9n t\u00e1vozik m\u00e1jusban.<br \/>\n    Megjegyezte azt is, hogy migr\u00e1ci\u00f3\u00fcgyben Magyarorsz\u00e1gnak nem kedvez\u0151 terep az ENSZ, mert a vil\u00e1gban a migr\u00e1nsokat kibocs\u00e1t\u00f3 orsz\u00e1gok vannak t\u00f6bbs\u00e9gben, a vil\u00e1gszervezetben pedig lek\u00e9pz\u0151dik ez az ar\u00e1ny, \u00e9s &#8222;mi, akik ilyen eur\u00f3pai bennsz\u00fcl\u00f6ttek vagyunk, \u00e9rtelemszer\u0171en kisebbs\u00e9gben vagyunk&#8221;. \u00cdgy az ENSZ-ben nem k\u00f6nny\u0171 egyenes der\u00e9kkal k\u00e9pviselni a magyar \u00e1ll\u00e1spontot, de szerencs\u00e9re Szijj\u00e1rt\u00f3 P\u00e9ter k\u00fclgazdas\u00e1gi \u00e9s k\u00fcl\u00fcgyminiszternek ez nem okoz probl\u00e9m\u00e1t &#8211; tette hozz\u00e1 a korm\u00e1nyf\u0151.<br \/>\n    Donald Trump besz\u00e9d\u00e9t Orb\u00e1n Viktor \u00fagy komment\u00e1lta: az amerikai eln\u00f6k &#8222;m\u00e1r egy jelens\u00e9gk\u00e9nt, egy ikonk\u00e9nt&#8221; k\u00e9pvisel egy \u00e1ll\u00e1spontot. Kor\u00e1bban az l\u00e1tsz\u00f3dott &#8211; fejtette ki -, hogy az Egyes\u00fclt \u00c1llamok \u00fagy tekint mag\u00e1ra, mint a helyes \u00e9let b\u00f6lcsek k\u00f6v\u00e9nek birtokos\u00e1ra, \u00e9s ezt r\u00e1 akarja er\u0151ltetni a vil\u00e1gra, benne Magyarorsz\u00e1gra is. Ezzel kapcsolatban \u00fagy eml\u00e9kezett vissza: Hillary Clinton kor\u00e1bbi amerikai k\u00fcl\u00fcgyminiszterrel &#8222;annyit szenvedtem, hogy azt el sem tudom \u00f6nnek mondani&#8221;.<br \/>\n    Donald Trumpot hallgatva azonban az t\u0171nik ki &#8211; folytatta -, hogy az amerikaiak ezt \u00fagy \u00e9lt\u00e9k meg, hogy \u0151k v\u00e1llaltak egy vil\u00e1gjobb\u00edt\u00f3 szerepet, ami val\u00f3j\u00e1ban ellent\u00e9tes volt a saj\u00e1t nemzeti \u00e9rdekeikkel.<br \/>\n    A minisztereln\u00f6k szerint ennek kijelent\u00e9se ut\u00e1n az Egyes\u00fclt \u00c1llamokra nem \u00fagy kell tekinteni, mint kor\u00e1bban, vagyis nem v\u00e9dekezni kell vele \u00e9s az illet\u00e9ktelen kultur\u00e1lis befoly\u00e1sol\u00e1si k\u00eds\u00e9rleteivel szemben, hanem &#8222;megpr\u00f3b\u00e1lhatunk \u00e9rdekalapon partneri viszonyt kialak\u00edtani&#8221;.<br \/>\n    A belpolitik\u00e1ra r\u00e1t\u00e9rve Orb\u00e1n Viktor elmondta: a demogr\u00e1fia \u00fcgy\u00e9ben tervezett nemzeti konzult\u00e1ci\u00f3 k\u00e9rd\u00e9ssor\u00e1t p\u00e9ntek d\u00e9lut\u00e1n szeretn\u00e9 v\u00e9gleges\u00edteni.<br \/>\n    M\u00edg az EU-ban a demogr\u00e1fia a sz\u00e1mok tudom\u00e1nya &#8211; ha &#8222;hi\u00e1nyoznak emberek, legyen helyett\u00fcnk m\u00e1shonnan&#8221;, Afrik\u00e1b\u00f3l, \u00c1zsi\u00e1b\u00f3l -, addig Magyarorsz\u00e1gnak &#8222;nem sz\u00e1mok kellenek, hanem magyar emberek&#8221; &#8211; fogalmazott, \u00fagy folytatva, hogy a min\u00e9l t\u00f6bb gyermekhez csal\u00e1d kell, ahhoz pedig egy \u00e9desanya \u00e9s egy \u00e9desapa kell, &#8222;lehet\u0151leg egy n\u0151 meg egy f\u00e9rfi&#8221;. A c\u00e9lnak azt nevezte, hogy minden tervezett gyermek megsz\u00fclessen.<br \/>\n    A korm\u00e1nyf\u0151 v\u00e9g\u00fcl meger\u0151s\u00edtette: id\u00e9n is lesz nyugd\u00edjpr\u00e9mium. Elmondta, cs\u00fct\u00f6rt\u00f6k d\u00e9lut\u00e1n Varga Mih\u00e1ly p\u00e9nz\u00fcgyminiszter azt a t\u00e1j\u00e9koztat\u00e1st adta neki, hogy a gazdas\u00e1gi adatokb\u00f3l teljesen egy\u00e9rtelm\u0171: az \u00e9v v\u00e9g\u00e9n, novemberben, lesz nyugd\u00edjpr\u00e9mium, a gazdas\u00e1gi n\u00f6veked\u00e9s ugyanis el\u00e9rte azt a szintet, amely alapj\u00e1n ez megilleti a nyugd\u00edjasokat.(MTI)<br \/>\n(MTI)<\/p>\n","protected":false},"excerpt":{"rendered":"<p>A bev\u00e1ndorl\u00e1sp\u00e1rti \u00e9s a bev\u00e1ndorl\u00e1sellenes eur\u00f3pai k\u00e9pvisel\u0151k csat\u00e1ja m\u00e9g nem d\u0151lt el, a m\u00e9rk\u0151z\u00e9st meg kell v\u00edvni, \u00e9s m\u00e1jusban az eur\u00f3pai parlamenti (EP) v\u00e1laszt\u00e1son meg kell v\u00e1ltoztatni az eur\u00f3pai politik\u00e1t &#8211; mondta Orb\u00e1n Viktor minisztereln\u00f6k p\u00e9nteken a Kossuth R\u00e1di\u00f3 J\u00f3 reggelt, Magyarorsz\u00e1g! c\u00edm\u0171 m\u0171sor\u00e1ban.<\/p>\n","protected":false},"author":1,"featured_media":0,"comment_status":"closed","ping_status":"open","sticky":false,"template":"","format":"standard","meta":[],"categories":[4,12,5,18],"tags":[],"_links":{"self":[{"href":"https:\/\/gazdasagportal.hu\/index.php\/wp-json\/wp\/v2\/posts\/109333"}],"collection":[{"href":"https:\/\/gazdasagportal.hu\/index.php\/wp-json\/wp\/v2\/posts"}],"about":[{"href":"https:\/\/gazdasagportal.hu\/index.php\/wp-json\/wp\/v2\/types\/post"}],"author":[{"embeddable":true,"href":"https:\/\/gazdasagportal.hu\/index.php\/wp-json\/wp\/v2\/users\/1"}],"replies":[{"embeddable":true,"href":"https:\/\/gazdasagportal.hu\/index.php\/wp-json\/wp\/v2\/comments?post=109333"}],"version-history":[{"count":1,"href":"https:\/\/gazdasagportal.hu\/index.php\/wp-json\/wp\/v2\/posts\/109333\/revisions"}],"predecessor-version":[{"id":109334,"href":"https:\/\/gazdasagportal.hu\/index.php\/wp-json\/wp\/v2\/posts\/109333\/revisions\/109334"}],"wp:attachment":[{"href":"https:\/\/gazdasagportal.hu\/index.php\/wp-json\/wp\/v2\/media?parent=109333"}],"wp:term":[{"taxonomy":"category","embeddable":true,"href":"https:\/\/gazdasagportal.hu\/index.php\/wp-json\/wp\/v2\/categories?post=109333"},{"taxonomy":"post_tag","embeddable":true,"href":"https:\/\/gazdasagportal.hu\/index.php\/wp-json\/wp\/v2\/tags?post=109333"}],"curies":[{"name":"wp","href":"https:\/\/api.w.org\/{rel}","templated":true}]}}