{"id":109319,"date":"2018-09-28T06:58:40","date_gmt":"2018-09-28T04:58:40","guid":{"rendered":"http:\/\/gazdasagportal.hu\/?p=109319"},"modified":"2018-09-28T06:58:40","modified_gmt":"2018-09-28T04:58:40","slug":"a-hetvegen-kevesbe-lesznek-hidegek-a-hajnalok","status":"publish","type":"post","link":"https:\/\/gazdasagportal.hu\/index.php\/a-hetvegen-kevesbe-lesznek-hidegek-a-hajnalok\/","title":{"rendered":"A h\u00e9tv\u00e9g\u00e9n kev\u00e9sb\u00e9 lesznek hidegek a hajnalok"},"content":{"rendered":"<p><strong>Az elm\u00falt napokhoz k\u00e9pest a h\u00e9tv\u00e9g\u00e9n kev\u00e9sb\u00e9 lesznek h\u0171v\u00f6sek a hajnalok, de helyenk\u00e9nt lehetnek fagypont k\u00f6r\u00fcli \u00e9rt\u00e9kek. Napk\u00f6zben sok lesz a naps\u00fct\u00e9s, a maximumok 15, n\u00e9hol 20 fok k\u00f6r\u00fcl alakulnak.<\/strong><!--more--><\/p>\n<div class=\"ads-in-post1\"><div id=\"gazdasagportal.hu_fullbanner_wideboard\"><\/div>\r\n<\/div>\n<p>Szombaton csapad\u00e9kosabb, szelesebb id\u0151re van kil\u00e1t\u00e1s &#8211; der\u00fcl ki az Orsz\u00e1gos Meteorol\u00f3giai Szolg\u00e1lat el\u0151rejelz\u00e9s\u00e9b\u0151l.<br \/>\nP\u00e9nteken t\u00falnyom\u00f3an der\u00fclt, napos id\u0151 v\u00e1rhat\u00f3, csapad\u00e9k nem lesz. A legalacsonyabb h\u0151m\u00e9rs\u00e9klet \u00e1ltal\u00e1ban plusz 3-8 fok k\u00f6z\u00f6tt alakul, a fagyra \u00e9rz\u00e9keny ter\u00fcleteken lehet enn\u00e9l h\u0171v\u00f6sebb is. A legmagasabb h\u0151m\u00e9rs\u00e9klet 19-23 fok k\u00f6z\u00f6tt v\u00e1rhat\u00f3.<br \/>\n<div class=\"ads-in-post2\"><script async src=\"https:\/\/pagead2.googlesyndication.com\/pagead\/js\/adsbygoogle.js\"><\/script>\r\n<ins class=\"adsbygoogle\"\r\n     style=\"display:block\"\r\n     data-ad-format=\"fluid\"\r\n     data-ad-layout-key=\"-6t+ed+2i-1n-4w\"\r\n     data-ad-client=\"ca-pub-1959107119989764\"\r\n     data-ad-slot=\"4008251320\"><\/ins>\r\n<script>\r\n     (adsbygoogle = window.adsbygoogle || []).push({});\r\n<\/script><\/div>\nSzombaton kezdetben sz\u00f3rv\u00e1nyosan, d\u00e9lut\u00e1n m\u00e1r csak n\u00e9hol val\u00f3sz\u00edn\u0171 es\u0151, z\u00e1por. A sz\u00e9l is t\u00f6bbfel\u00e9 meger\u0151s\u00f6dik, els\u0151sorban a Dun\u00e1nt\u00falon helyenk\u00e9nt vihaross\u00e1 fokoz\u00f3dik. A leghidegebb \u00f3r\u00e1kban plusz 6-12, napk\u00f6zben 13-19 fok k\u00f6z\u00f6tt alakul a h\u0151m\u00e9rs\u00e9klet.<br \/>\nVas\u00e1rnap t\u00f6bbnyire der\u00fclt vagy gyeng\u00e9n felh\u0151s id\u0151 v\u00e1rhat\u00f3, d\u00e9len lehet n\u00e9hol t\u00f6bb a felh\u0151. Csapad\u00e9k nem lesz. A minimumh\u0151m\u00e9rs\u00e9klet plusz 2-8, a maximum 15-19 fok k\u00f6z\u00f6tt v\u00e1rhat\u00f3 &#8211; olvashat\u00f3 az el\u0151rejelz\u00e9sben.(MTI)<\/p>\n<p>&nbsp;<\/p><div id=\"gazda-1940733130\" class=\"gazda-tartalomban gazda-entity-placement\"><script async src=\"https:\/\/pagead2.googlesyndication.com\/pagead\/js\/adsbygoogle.js\"><\/script>\r\n<ins class=\"adsbygoogle\"\r\n     style=\"display:block\"\r\n     data-ad-format=\"fluid\"\r\n     data-ad-layout-key=\"-6t+ed+2i-1n-4w\"\r\n     data-ad-client=\"ca-pub-1959107119989764\"\r\n     data-ad-slot=\"4008251320\"><\/ins>\r\n<script>\r\n     (adsbygoogle = window.adsbygoogle || []).push({});\r\n<\/script><\/div>\n","protected":false},"excerpt":{"rendered":"<p>Az elm\u00falt napokhoz k\u00e9pest a h\u00e9tv\u00e9g\u00e9n kev\u00e9sb\u00e9 lesznek h\u0171v\u00f6sek a hajnalok, de helyenk\u00e9nt lehetnek fagypont k\u00f6r\u00fcli \u00e9rt\u00e9kek. Napk\u00f6zben sok lesz a naps\u00fct\u00e9s, a maximumok 15, n\u00e9hol 20 fok k\u00f6r\u00fcl alakulnak.<\/p>\n","protected":false},"author":1,"featured_media":0,"comment_status":"closed","ping_status":"open","sticky":false,"template":"","format":"standard","meta":[],"categories":[4],"tags":[],"_links":{"self":[{"href":"https:\/\/gazdasagportal.hu\/index.php\/wp-json\/wp\/v2\/posts\/109319"}],"collection":[{"href":"https:\/\/gazdasagportal.hu\/index.php\/wp-json\/wp\/v2\/posts"}],"about":[{"href":"https:\/\/gazdasagportal.hu\/index.php\/wp-json\/wp\/v2\/types\/post"}],"author":[{"embeddable":true,"href":"https:\/\/gazdasagportal.hu\/index.php\/wp-json\/wp\/v2\/users\/1"}],"replies":[{"embeddable":true,"href":"https:\/\/gazdasagportal.hu\/index.php\/wp-json\/wp\/v2\/comments?post=109319"}],"version-history":[{"count":1,"href":"https:\/\/gazdasagportal.hu\/index.php\/wp-json\/wp\/v2\/posts\/109319\/revisions"}],"predecessor-version":[{"id":109320,"href":"https:\/\/gazdasagportal.hu\/index.php\/wp-json\/wp\/v2\/posts\/109319\/revisions\/109320"}],"wp:attachment":[{"href":"https:\/\/gazdasagportal.hu\/index.php\/wp-json\/wp\/v2\/media?parent=109319"}],"wp:term":[{"taxonomy":"category","embeddable":true,"href":"https:\/\/gazdasagportal.hu\/index.php\/wp-json\/wp\/v2\/categories?post=109319"},{"taxonomy":"post_tag","embeddable":true,"href":"https:\/\/gazdasagportal.hu\/index.php\/wp-json\/wp\/v2\/tags?post=109319"}],"curies":[{"name":"wp","href":"https:\/\/api.w.org\/{rel}","templated":true}]}}