{"id":109301,"date":"2018-09-27T16:14:26","date_gmt":"2018-09-27T14:14:26","guid":{"rendered":"http:\/\/gazdasagportal.hu\/?p=109301"},"modified":"2018-09-27T16:14:26","modified_gmt":"2018-09-27T14:14:26","slug":"minimalisan-nott-a-munkanelkuli-segelyt-kerok-szama-az-egyesult-allamokban","status":"publish","type":"post","link":"https:\/\/gazdasagportal.hu\/index.php\/minimalisan-nott-a-munkanelkuli-segelyt-kerok-szama-az-egyesult-allamokban\/","title":{"rendered":"Minim\u00e1lisan n\u0151tt a munkan\u00e9lk\u00fcli seg\u00e9lyt k\u00e9r\u0151k sz\u00e1ma az Egyes\u00fclt \u00c1llamokban"},"content":{"rendered":"<p><strong>Minim\u00e1lisan n\u0151tt a m\u00falt h\u00e9ten a munkan\u00e9lk\u00fcli seg\u00e9lyt k\u00e9r\u0151k sz\u00e1ma az Egyes\u00fclt \u00c1llamokban, miut\u00e1n egy h\u00e9ttel kor\u00e1bbi rekordalacsony szinten \u00e1llt.  <\/strong><!--more--><\/p>\n<div class=\"ads-in-post1\"><div id=\"gazdasagportal.hu_fullbanner_wideboard\"><\/div>\r\n<\/div>\n<p>    A washingtoni munka\u00fcgyi miniszt\u00e9rium cs\u00fct\u00f6rt\u00f6k\u00f6n azt k\u00f6z\u00f6lte, hogy a szezon\u00e1lisan kiigaz\u00edtott adatok szerint az els\u0151 alkalommal munkan\u00e9lk\u00fcli seg\u00e9ly\u00e9rt folyamod\u00f3k sz\u00e1ma 12 ezerrel, 214 ezerre n\u0151tt a szeptember 22-\u00e9n z\u00e1rult h\u00e9ten. Az egy h\u00e9ttel kor\u00e1bbi seg\u00e9lyk\u00e9r\u0151k sz\u00e1ma 1969. november 15. \u00f3ta a legalacsonyabb \u00e9rt\u00e9k volt.<br \/>\n    Elemz\u0151k kev\u00e9sb\u00e9 nagy emelked\u00e9sre, 210 ezerre sz\u00e1m\u00edtottak az egy h\u00e9ttel kor\u00e1bbi 202 ezres adat ut\u00e1n.<br \/>\n    M\u00e1r a 184. egym\u00e1st k\u00f6vet\u0151 h\u00e9ten, 2015. m\u00e1rcius 6. \u00f3ta \u00e1ll 300 ezer alatt ez a sz\u00e1m. A 300 ezer alatti \u00e9rt\u00e9ket a munkaer\u0151piac robusztus er\u0151s\u00f6d\u00e9s\u00e9nek jelek\u00e9nt \u00e9rtelmezik az elemz\u0151k.<br \/>\n    A seg\u00e9lyk\u00e9relmek sz\u00e1m\u00e1t m\u00e9r\u0151 n\u00e9gyhetes mozg\u00f3\u00e1tlag 250-nel, 206 ezer 250-re n\u0151tt.<br \/>\n    A tart\u00f3san munkan\u00e9lk\u00fcli seg\u00e9lyt k\u00e9r\u0151k sz\u00e1ma 16 ezerrel, 1 milli\u00f3 661 ezerre emelkedett a szeptember 15-\u00e9n z\u00e1rult h\u00e9ten. M\u00e1r a 74. egym\u00e1st k\u00f6vet\u0151 h\u00e9ten \u00e1llt k\u00e9tmilli\u00f3 alatt ez a sz\u00e1m, t\u00fckr\u00f6zve a munkaer\u0151piac feszess\u00e9g\u00e9t.<br \/>\n    A tart\u00f3san munkan\u00e9lk\u00fcli seg\u00e9lyt k\u00e9r\u0151k sz\u00e1m\u00e1t m\u00e9r\u0151 n\u00e9gyhetes mozg\u00f3\u00e1tlag 12 ezer 250-nel, 1 milli\u00f3 679 ezer 250-re cs\u00f6kkent, ami 1973. november 10. \u00f3ta a legkisebb \u00e9rt\u00e9k. Ez a sz\u00e1m a 70. hete volt k\u00e9tmilli\u00f3 alatt.<br \/>\n    Az amerikai munkaer\u0151piac a teljes foglalkoztatotts\u00e1g k\u00f6r\u00fcli szinten mozog, a munkan\u00e9lk\u00fclis\u00e9gi r\u00e1ta augusztusban a j\u00faliusival megegyez\u0151 szinten, 3,9 sz\u00e1zal\u00e9kon maradt.<br \/>\n(MTI)<\/p>\n","protected":false},"excerpt":{"rendered":"<p>Minim\u00e1lisan n\u0151tt a m\u00falt h\u00e9ten a munkan\u00e9lk\u00fcli seg\u00e9lyt k\u00e9r\u0151k sz\u00e1ma az Egyes\u00fclt \u00c1llamokban, miut\u00e1n egy h\u00e9ttel kor\u00e1bbi rekordalacsony szinten \u00e1llt.<\/p>\n","protected":false},"author":1,"featured_media":0,"comment_status":"closed","ping_status":"open","sticky":false,"template":"","format":"standard","meta":[],"categories":[246],"tags":[],"_links":{"self":[{"href":"https:\/\/gazdasagportal.hu\/index.php\/wp-json\/wp\/v2\/posts\/109301"}],"collection":[{"href":"https:\/\/gazdasagportal.hu\/index.php\/wp-json\/wp\/v2\/posts"}],"about":[{"href":"https:\/\/gazdasagportal.hu\/index.php\/wp-json\/wp\/v2\/types\/post"}],"author":[{"embeddable":true,"href":"https:\/\/gazdasagportal.hu\/index.php\/wp-json\/wp\/v2\/users\/1"}],"replies":[{"embeddable":true,"href":"https:\/\/gazdasagportal.hu\/index.php\/wp-json\/wp\/v2\/comments?post=109301"}],"version-history":[{"count":1,"href":"https:\/\/gazdasagportal.hu\/index.php\/wp-json\/wp\/v2\/posts\/109301\/revisions"}],"predecessor-version":[{"id":109302,"href":"https:\/\/gazdasagportal.hu\/index.php\/wp-json\/wp\/v2\/posts\/109301\/revisions\/109302"}],"wp:attachment":[{"href":"https:\/\/gazdasagportal.hu\/index.php\/wp-json\/wp\/v2\/media?parent=109301"}],"wp:term":[{"taxonomy":"category","embeddable":true,"href":"https:\/\/gazdasagportal.hu\/index.php\/wp-json\/wp\/v2\/categories?post=109301"},{"taxonomy":"post_tag","embeddable":true,"href":"https:\/\/gazdasagportal.hu\/index.php\/wp-json\/wp\/v2\/tags?post=109301"}],"curies":[{"name":"wp","href":"https:\/\/api.w.org\/{rel}","templated":true}]}}