{"id":109293,"date":"2018-09-27T14:38:57","date_gmt":"2018-09-27T12:38:57","guid":{"rendered":"http:\/\/gazdasagportal.hu\/?p=109293"},"modified":"2018-09-27T14:38:57","modified_gmt":"2018-09-27T12:38:57","slug":"mi-a-titka-a-sikeres-1-ot-gyujto-civil-szervezeteknek-es-mik-az-idei-tendenciak","status":"publish","type":"post","link":"https:\/\/gazdasagportal.hu\/index.php\/mi-a-titka-a-sikeres-1-ot-gyujto-civil-szervezeteknek-es-mik-az-idei-tendenciak\/","title":{"rendered":"Mi a titka a sikeres 1%-ot gy\u0171jt\u0151 civil szervezeteknek \u00e9s mik az idei tendenci\u00e1k?"},"content":{"rendered":"<p><strong>A tavalyi visszaes\u00e9s ut\u00e1n \u00f6r\u00f6mteli m\u00f3don id\u00e9n 1 milli\u00e1rd forinttal t\u00f6bb szja 1% jut a jogosult t\u00f6bb t\u00edzezer civil szervezethez, m\u00e9g ha a felaj\u00e1nl\u00f3k sz\u00e1ma enyh\u00e9n cs\u00f6kkent is. A siker z\u00e1loga a tudatos kamp\u00e1nytervez\u00e9s \u00e9s a hat\u00e9kony eszk\u00f6zv\u00e1laszt\u00e1s, ami egyre ink\u00e1bb az adatvez\u00e9relt marketinget \u00e9s a digit\u00e1lis eszk\u00f6z\u00f6ket jelenti.<\/strong><!--more--><\/p>\n<div class=\"ads-in-post1\"><div id=\"gazdasagportal.hu_fullbanner_wideboard\"><\/div>\r\n<\/div>\n<p><strong>\u00a0<\/strong><\/p>\n<p><strong>Nem igazol\u00f3dtak be a f\u00e9lelmek, hogy az e-szja rendszer kiterjeszt\u00e9se nyom\u00e1n tov\u00e1bb cs\u00f6kken majd a civil szja 1%<\/strong> \u2013 <strong>Miha Tam\u00e1s civil kommunik\u00e1ci\u00f3s szak\u00e9rt\u0151 (<\/strong><a href=\"http:\/\/www.humandialog.hu\" target=\"_blank\" rel=\"noopener\"><strong>Human Dialog<\/strong><\/a><strong>)<\/strong> szerint ez az idei 1% felaj\u00e1nl\u00e1sok egyik legf\u0151bb tapasztalata.<\/p>\n<p>B\u00e1r az egyes civil szervezetek eredm\u00e9nye elt\u00e9r\u0151, az \u00e9lmez\u0151ny \u00e9vek \u00f3ta stabilan ugyanazokb\u00f3l \u00e1ll. A legt\u00f6bb 1%-ot ism\u00e9t a Heim P\u00e1l Gyermekk\u00f3rh\u00e1z Fejleszt\u00e9s\u00e9\u00e9rt Alap\u00edtv\u00e1ny gy\u0171jt\u00f6tte, imm\u00e1r 5. \u00e9ve tartva els\u0151s\u00e9g\u00e9t, a top 10 klubban pedig 8 civil szervezet m\u00e1r 4 \u00e9ve stabilan tag. A k\u00f6vetkeztet\u00e9s egy\u00e9rtelm\u0171: <strong>azok szerepelnek j\u00f3l, akik \u00e1tgondolt, eg\u00e9sz \u00e9vre sz\u00f3l\u00f3 strat\u00e9gi\u00e1val dolgoznak<\/strong> &#8211; \u00e9rt\u00e9keli az eredm\u00e9nyeket <strong>Gandera Bal\u00e1zs online marketing szak\u00e9rt\u0151 (<\/strong><a href=\"http:\/\/www.intren.hu\" target=\"_blank\" rel=\"noopener\"><strong>INTREN<\/strong><\/a><strong>).<\/strong> Az \u00e9vek \u00f3ta pr\u00e9mium kamp\u00e1nyokban \u00e9s kiemelked\u0151 eredm\u00e9nyek el\u00e9r\u00e9s\u00e9ben (B\u00e1tor T\u00e1bor, Magyar Hospice Alap\u00edtv\u00e1ny, Orsz\u00e1gos Ment\u0151szolg\u00e1lat Alap\u00edtv\u00e1ny, Piros Orr Boh\u00f3cdoktorok) k\u00f6zrem\u0171k\u00f6d\u0151 szakmai p\u00e1ros szerint a k\u00e9plet egyszer\u0171. <strong>Az \u201eaz kap, aki k\u00e9r\u201d elve nem csak az adom\u00e1nygy\u0171jt\u00e9sre, az szja 1% felaj\u00e1nl\u00e1sokra is igaz.<\/strong><\/p><div id=\"gazda-1245166931\" class=\"gazda-tartalomban gazda-entity-placement\"><script async src=\"https:\/\/pagead2.googlesyndication.com\/pagead\/js\/adsbygoogle.js\"><\/script>\r\n<ins class=\"adsbygoogle\"\r\n     style=\"display:block\"\r\n     data-ad-format=\"fluid\"\r\n     data-ad-layout-key=\"-6t+ed+2i-1n-4w\"\r\n     data-ad-client=\"ca-pub-1959107119989764\"\r\n     data-ad-slot=\"4008251320\"><\/ins>\r\n<script>\r\n     (adsbygoogle = window.adsbygoogle || []).push({});\r\n<\/script><\/div>\n<p><strong>Az e-szja tavalyi bevezet\u00e9se komoly visszaes\u00e9st hozott a felaj\u00e1nl\u00e1si hajland\u00f3s\u00e1gban<\/strong>: \u00f6nmag\u00e1ban a t\u00e9ny, hogy a NAV elk\u00e9sz\u00edti az ad\u00f3bevall\u00e1st \u00e9s az ad\u00f3fizet\u0151nek l\u00e9nyeg\u00e9ben m\u00e1r semmi dolga vele, <strong>\u00e9rthet\u0151en az \u00e9rdektelens\u00e9g ir\u00e1ny\u00e1ba hatott<\/strong>. Id\u00e9n m\u00e1r a munk\u00e1ltat\u00f3kt\u00f3l is \u00e1tvette a bevall\u00e1sk\u00e9sz\u00edt\u00e9st a NAV, <strong>a felaj\u00e1nl\u00f3k sz\u00e1ma<\/strong> azonban \u00edgy is <strong>csak 1,2 %-kal apadt<\/strong>. Ezt a kis m\u00e9rt\u00e9k\u0171 cs\u00f6kken\u00e9st <strong>b\u0151s\u00e9gesen ellens\u00falyozta a b\u00e9rek n\u00f6veked\u00e9se<\/strong>. A magasabb szem\u00e9lyi j\u00f6vedelmek ad\u00f3ja is t\u00f6bb, \u00edgy ennek az 1%-a is jelent\u0151sebb t\u00e9tel: <strong>az \u00e1tlagos ad\u00f3 1% \u00e9rt\u00e9ke a tavalyi 4102 Ft-r\u00f3l 4631 Ft-ra ugrott<\/strong>. A szeptemberi sz\u00e1mok \u00f6sszevet\u00e9se alapj\u00e1n a v\u00e9geredm\u00e9ny pedig <strong>a tavalyihoz k\u00e9pest csaknem 1 milli\u00e1rd forinttal (+13%) t\u00f6bb szja 1% felaj\u00e1nl\u00e1st jelen<\/strong>t. \u00c9ppen ez\u00e9rt Miha \u00e9s Gandera az idei <strong>1% kamp\u00e1nyok eredm\u00e9nyess\u00e9gi fokm\u00e9r\u0151j\u00e9nek a felaj\u00e1nl\u00f3k sz\u00e1m\u00e1<\/strong>t tekinti.<\/p>\n<div class=\"ads-in-post2\"><script async src=\"https:\/\/pagead2.googlesyndication.com\/pagead\/js\/adsbygoogle.js\"><\/script>\r\n<ins class=\"adsbygoogle\"\r\n     style=\"display:block\"\r\n     data-ad-format=\"fluid\"\r\n     data-ad-layout-key=\"-6t+ed+2i-1n-4w\"\r\n     data-ad-client=\"ca-pub-1959107119989764\"\r\n     data-ad-slot=\"4008251320\"><\/ins>\r\n<script>\r\n     (adsbygoogle = window.adsbygoogle || []).push({});\r\n<\/script><\/div>\n<strong>A kiugr\u00f3 teljes\u00edtm\u00e9nyek m\u00f6g\u00f6tt kitart\u00f3 munka \u00e1ll.<\/strong> A t\u00f6bb \u00e9ve Bal\u00e1val \u00e9s gengsztereivel kamp\u00e1nyol\u00f3 <strong>Orsz\u00e1gos Ment\u0151szolg\u00e1lat Alap\u00edtv\u00e1ny 81-r\u0151l 112 milli\u00f3ra n\u00f6velte<\/strong> bev\u00e9tel\u00e9t, \u00e1m fontos tudni, hogy a Ment\u0151alap\u00edtv\u00e1ny megszem\u00e9lyes\u00edtett h\u00edrlevelek \u00fatj\u00e1n eg\u00e9sz \u00e9vben akt\u00edv kapcsolatot \u00e1pol t\u00f6bbezer t\u00e1mogat\u00f3j\u00e1val. Ugyancsak a folyamatos professzion\u00e1lis kommunik\u00e1ci\u00f3 \u00e1ll a <strong>B\u00e1tor T\u00e1bor <\/strong>sikerei m\u00f6g\u00f6tt, akik<strong> 14%-kos n\u00f6veked\u00e9ssel 124 milli\u00f3t kapnak<\/strong> most az ad\u00f3fizet\u0151kt\u0151l. <strong>A 10 milli\u00f3 f\u00f6l\u00f6tt szerz\u0151 civilek k\u00f6z\u00fcl az egyik legnagyobb n\u00f6veked\u00e9s id\u00e9n a Magyar Hospice Alap\u00edtv\u00e1ny\u00e9<\/strong>. \u0150k l\u00e9nyeg\u00e9ben megdupl\u00e1zt\u00e1k 1%-os bev\u00e9teleiket, 37 milli\u00f3t kapva most, h\u00e1la az eg\u00e9sz \u00e9ves er\u0151fesz\u00edt\u00e9seik nyom\u00e1n er\u0151s\u00f6d\u0151 ismerts\u00e9g\u00fcknek, valamint adatvez\u00e9relt mozg\u00f3s\u00edt\u00f3 kamp\u00e1nyaiknak.<\/p>\n<p>Az 1%-\u00e9rt verseng\u0151 civilek mez\u0151ny\u00e9ben persze akadnak <strong>vesztesek<\/strong> is: tov\u00e1bb estek a p\u00e1r \u00e9vvel ezel\u0151tt m\u00e9g listavezet\u0151 <strong>Gyermekr\u00e1k Alap\u00edtv\u00e1ny<\/strong> bev\u00e9telei, az idei 41 milli\u00f3 m\u00e1r alig \u00f6t\u00f6de csup\u00e1n 5 \u00e9vvel ezel\u0151tti eredm\u00e9ny\u00fcknek.<\/p>\n<p>A sz\u00e1mokb\u00f3l kiolvashat\u00f3, hogy az am\u00fagy az szja 1%-ban kiemelten sikeres, <strong>a beteg gyermekeket, \u00e9s k\u00fcl\u00f6n\u00f6sen a r\u00e1kos megbeteged\u00e9sekkel k\u00fczd\u0151ket seg\u00edt\u0151 civilek felaj\u00e1nl\u00e1sainak \u00e1tlag\u00e9rt\u00e9ke alacsony<\/strong>, sok ad\u00f3fizet\u0151t\u0151l kapnak kisebb \u00f6sszegeket. <strong>Ezzel szemben a k\u00f6z\u00e9leti t\u00e9m\u00e1kkal foglalkoz\u00f3 alap\u00edtv\u00e1nyok t\u00e1mogat\u00f3i tehet\u0151sebbek, felaj\u00e1nl\u00e1saik j\u00f3csk\u00e1n a 4631 Ft-os \u00e1tlag\u00e9rt\u00e9k felett alakulnak<\/strong> (\u00c1tl\u00e1tsz\u00f3net 7774 Ft, TASZ 6997 Ft, Szabad S\u00e1v\u00e9rt Alap\u00edtv\u00e1ny 6701 Ft). Hasonl\u00f3an er\u0151s t\u00e1mogatotts\u00e1ggal b\u00fcszk\u00e9lkedhetnek az <strong>oktat\u00e1si int\u00e9zm\u00e9nyek<\/strong> m\u00f6g\u00f6tt \u00e1ll\u00f3 alap\u00edtv\u00e1nyok (ELTE Radn\u00f3ti Mikl\u00f3s Gyakorl\u00f3iskola 8961 Ft, Pannonhalmi Benc\u00e9s Gin\u00e1zium 6833 Ft). Ez egybecseng a Human Dialog 2015-\u00f6s \u00e9s 2016-os nagymint\u00e1s reprezentat\u00edv 1%-os motiv\u00e1ci\u00f3s kutat\u00e1sainak egyik f\u0151 k\u00f6vetkeztet\u00e9s\u00e9vel is: az ad\u00f3fizet\u0151k szeretik visszacsatorn\u00e1zni az ad\u00f3 1%-ukat olyan civil szervezetekhez, melyek m\u0171k\u00f6d\u00e9se k\u00f6zvetlen\u00fcl \u00e9rinti \u0151ket vagy k\u00f6rnyezet\u00fcket.<\/p>\n<p><strong>Sz\u00e9ls\u0151s\u00e9ges esetekre is akadnak p\u00e9ld\u00e1k<\/strong>, \u00e9ppen az oktat\u00e1s\u00fcgyben, hiszen a j\u00f6vedelmekben hatalmas a sz\u00f3r\u00e1s. A Szil\u00e1gyi Erzs\u00e9bet Gimn\u00e1zium Alap\u00edtv\u00e1ny\u00e1t a tavalyi 166 f\u0151 ut\u00e1n id\u00e9n 176-an t\u00e1mogatt\u00e1k, de ez a 10 ember, vagy val\u00f3sz\u00edn\u0171leg k\u00f6z\u00fcl\u00fck egyvalaki, sokat sz\u00e1m\u00edt: az 1% bev\u00e9teleik ugyanis hatszoros\u00e1ra ugrottak, 1,4 milli\u00f3r\u00f3l 9,6-ra, azaz egy felaj\u00e1nl\u00f3 54 499 Ft-ot \u00e9rt eset\u00fckben.<\/p>\n<p>Az id\u00e9n tavasszal <strong>majdnem 1,8 milli\u00f3 ad\u00f3fizet\u0151<\/strong> vette a f\u00e1radts\u00e1got, \u00e9s rendelkezett a civilek jav\u00e1ra szja 1%-\u00e1r\u00f3l. Ez a sz\u00e1m a potenci\u00e1lis felaj\u00e1nl\u00f3k fel\u00e9t sem \u00e9ri el, \u00edgy a szak\u00e9rt\u0151k szerint tov\u00e1bbra is hatalmas tartal\u00e9kok vannak az id\u00e9n m\u00e1r 21 \u00e9ves m\u00faltra visszatekint\u0151 1% felaj\u00e1nl\u00e1si rendszerben, ha csak a v\u00e1rhat\u00f3an j\u00f6v\u0151re is folytat\u00f3d\u00f3 b\u00e9rn\u00f6veked\u00e9sre gondolunk. Az INTREN <a href=\"https:\/\/intren.hu\/hu\/blog\/2018\/09\/26\/mit-csinalnak-maskepp-a-sikeres-1-ot-gyujto-civil-szervezetek\/\" target=\"_blank\" rel=\"noopener\">honlapj\u00e1n k\u00f6zz\u00e9 tett r\u00f6vid kommunik\u00e1ci\u00f3s seg\u00e9dlettel<\/a> azok a civil szervezetek is versenybe sz\u00e1llhatnak 2019-ben, akik id\u00e9n kev\u00e9sb\u00e9 voltak m\u00e9g sikeresek.<\/p>\n","protected":false},"excerpt":{"rendered":"<p>A tavalyi visszaes\u00e9s ut\u00e1n \u00f6r\u00f6mteli m\u00f3don id\u00e9n 1 milli\u00e1rd forinttal t\u00f6bb szja 1% jut a jogosult t\u00f6bb t\u00edzezer civil szervezethez, m\u00e9g ha a felaj\u00e1nl\u00f3k sz\u00e1ma enyh\u00e9n cs\u00f6kkent is. A siker z\u00e1loga a tudatos kamp\u00e1nytervez\u00e9s \u00e9s a hat\u00e9kony eszk\u00f6zv\u00e1laszt\u00e1s, ami egyre ink\u00e1bb az adatvez\u00e9relt marketinget \u00e9s a digit\u00e1lis eszk\u00f6z\u00f6ket jelenti.<\/p>\n","protected":false},"author":1,"featured_media":0,"comment_status":"closed","ping_status":"open","sticky":false,"template":"","format":"standard","meta":[],"categories":[4,19],"tags":[],"_links":{"self":[{"href":"https:\/\/gazdasagportal.hu\/index.php\/wp-json\/wp\/v2\/posts\/109293"}],"collection":[{"href":"https:\/\/gazdasagportal.hu\/index.php\/wp-json\/wp\/v2\/posts"}],"about":[{"href":"https:\/\/gazdasagportal.hu\/index.php\/wp-json\/wp\/v2\/types\/post"}],"author":[{"embeddable":true,"href":"https:\/\/gazdasagportal.hu\/index.php\/wp-json\/wp\/v2\/users\/1"}],"replies":[{"embeddable":true,"href":"https:\/\/gazdasagportal.hu\/index.php\/wp-json\/wp\/v2\/comments?post=109293"}],"version-history":[{"count":1,"href":"https:\/\/gazdasagportal.hu\/index.php\/wp-json\/wp\/v2\/posts\/109293\/revisions"}],"predecessor-version":[{"id":109294,"href":"https:\/\/gazdasagportal.hu\/index.php\/wp-json\/wp\/v2\/posts\/109293\/revisions\/109294"}],"wp:attachment":[{"href":"https:\/\/gazdasagportal.hu\/index.php\/wp-json\/wp\/v2\/media?parent=109293"}],"wp:term":[{"taxonomy":"category","embeddable":true,"href":"https:\/\/gazdasagportal.hu\/index.php\/wp-json\/wp\/v2\/categories?post=109293"},{"taxonomy":"post_tag","embeddable":true,"href":"https:\/\/gazdasagportal.hu\/index.php\/wp-json\/wp\/v2\/tags?post=109293"}],"curies":[{"name":"wp","href":"https:\/\/api.w.org\/{rel}","templated":true}]}}