{"id":10929,"date":"2013-06-30T18:12:02","date_gmt":"2013-06-30T16:12:02","guid":{"rendered":"http:\/\/stockportal.hu\/?p=10929"},"modified":"2013-06-30T18:12:48","modified_gmt":"2013-06-30T16:12:48","slug":"navracsics-hatszaznal-is-tobb-torvenyt-fogadott-el-a-haz-harom-ev-alatt","status":"publish","type":"post","link":"https:\/\/gazdasagportal.hu\/index.php\/navracsics-hatszaznal-is-tobb-torvenyt-fogadott-el-a-haz-harom-ev-alatt\/","title":{"rendered":"Navracsics: hatsz\u00e1zn\u00e1l is t\u00f6bb t\u00f6rv\u00e9nyt fogadott el a H\u00e1z h\u00e1rom \u00e9v alatt"},"content":{"rendered":"<p><strong>T\u00f6bb mint hatsz\u00e1z t\u00f6rv\u00e9nyt fogadott el h\u00e1rom \u00e9v alatt a parlament, ezek azonban semmilyen vesz\u00e9lyt nem jelentenek a demokr\u00e1ci\u00e1ra &#8211; k\u00f6z\u00f6lte Navracsics Tibor minisztereln\u00f6k-helyettes, k\u00f6zigazgat\u00e1si \u00e9s igazs\u00e1g\u00fcgyi miniszter a Kossuth R\u00e1di\u00f3 Vas\u00e1rnapi \u00fajs\u00e1g c\u00edm\u0171 m\u0171sor\u00e1ban.<!--more--><\/strong><\/p>\n<p>&#8222;Az elm\u00falt h\u00e1rom \u00e9vben nemcsak mennyis\u00e9g\u00e9t tekintve fogadtunk el rengeteg jogszab\u00e1lyt (&#8230;), hanem min\u0151s\u00e9g\u00e9ben is&#8221;, hiszen az Orsz\u00e1ggy\u0171l\u00e9s \u00fajraalkotta az alapt\u00f6rv\u00e9nyt, az \u00f6sszes sarkalatos jogszab\u00e1lyt \u00e9s a legjelent\u0151sebb szakpolitikai t\u00f6rv\u00e9nyeket &#8211; mondta Navracsics Tibor, hangs\u00falyozva, hogy ezek azonban nem jelentenek semmilyen vesz\u00e9lyt a demokr\u00e1ci\u00e1ra, ez\u00e9rt egy id\u0151 ut\u00e1n a k\u00fclf\u00f6ldi aggodalmak is lehiggadnak majd.<br \/>\nAz Alkotm\u00e1nyb\u00edr\u00f3s\u00e1got (Ab) \u00e9rint\u0151 velencei bizotts\u00e1gi kritik\u00e1r\u00f3l a korm\u00e1nyf\u0151 helyettese azt mondta, ha a bizotts\u00e1gban helyet foglal\u00f3 alkotm\u00e1nyjog\u00e1szok amellett \u00e9rvelnek, hogy az Ab-n\u00e1l nincs fontosabb test\u00fclet, az felveti &#8222;a szakmai sovinizmus v\u00e1dj\u00e1t&#8221;. &#8222;A Velencei Bizotts\u00e1gnak &#8211; \u00fagy t\u0171nik &#8211; pontosan az a probl\u00e9m\u00e1ja, hogy egy rendk\u00edv\u00fcl soksz\u00edn\u0171 int\u00e9zm\u00e9nyrendszerrel rendelkez\u0151 Eur\u00f3p\u00e1ban egy pontosan meg nem hat\u00e1rozott alapr\u00f3l valamilyen uniformit\u00e1st k\u00edv\u00e1n bevezetni. Abszol\u00fat \u00e9rt\u00e9keket \u00e9s abszol\u00fat k\u00f6vetelm\u00e9nyeket fogalmaz meg, amelyek egy\u00e1ltal\u00e1n nem biztos, hogy meg\u00e1llj\u00e1k a hely\u00fcket&#8221; &#8211; fejtette ki v\u00e9lem\u00e9ny\u00e9t. Hozz\u00e1tette, m\u00edg a Velencei Bizotts\u00e1g &#8211; az Eur\u00f3pa Tan\u00e1cs alkotm\u00e1nyjogi szak\u00e9rt\u0151i test\u00fclete &#8211; azt mondja, Magyarorsz\u00e1g s\u00falyosan csorb\u00edtotta az Ab hat\u00e1sk\u00f6r\u00e9t, addig maga az Ab jelentette ki, hogy a mostani hat\u00e1sk\u00f6ri rendszerben a test\u00fclet j\u00f3l tud m\u0171k\u00f6dni.<br \/>\nNavracsics Tibort az interj\u00faban k\u00e9rdezt\u00e9k a b\u00edr\u00f3s\u00e1gi \u00fcgy\u00e1thelyez\u00e9s megsz\u00fcntet\u00e9s\u00e9t is tartalmaz\u00f3 \u00f6t\u00f6dik alkotm\u00e1nym\u00f3dos\u00edt\u00e1si javaslatr\u00f3l, amelyr\u0151l azt mondta: a korm\u00e1ny azt l\u00e1tta, hogy az eur\u00f3pai f\u00f3rumon nem szakmai, hanem politikai ellen\u00e1ll\u00e1s alakult ki az \u00fcgy\u00e1thelyez\u00e9ssel kapcsolatban. Ez\u00e9rt &#8211; noha m\u00e1s uni\u00f3s tag\u00e1llamok gyakorlat\u00e1ban is ismert az \u00e1thelyez\u00e9s, amelyet a magyar korm\u00e1ny egy\u00e9bk\u00e9nt is csak r\u00f6vid t\u00e1v\u00fa megold\u00e1snak tervezett a b\u00edr\u00f3s\u00e1gok leterhelts\u00e9g\u00e9nek cs\u00f6kkent\u00e9s\u00e9re &#8211; a megsz\u00fcntet\u00e9s mellett d\u00f6nt\u00f6ttek, \u00e9s el\u0151rehozz\u00e1k az igazs\u00e1gszolg\u00e1ltat\u00e1s-fejleszt\u00e9si terveinek a megval\u00f3s\u00edt\u00e1s\u00e1t &#8211; magyar\u00e1zta.<br \/>\nArra a felvet\u00e9sre, hogy ha az \u00f6t\u00f6dik alkotm\u00e1nym\u00f3dos\u00edt\u00e1sban is hib\u00e1t tal\u00e1l Br\u00fcsszel vagy a Velencei Bizotts\u00e1g, akkor ism\u00e9t v\u00e1ltoztatnak-e az alapt\u00f6rv\u00e9nyen, a t\u00e1rcavezet\u0151 azt felelte: mivel a negyedik alkotm\u00e1nym\u00f3dos\u00edt\u00e1s vitatott pontjai k\u00f6z\u00fcl kett\u0151ben megegyeztek, a harmadik eset\u00e9ben pedig nagyon k\u00f6zel \u00e1llnak hozz\u00e1, &#8222;nem lesz m\u00e1r \u00fajabb k\u00f6re ennek&#8221;.<br \/>\nAz eur\u00f3pai uni\u00f3s tags\u00e1got firtat\u00f3 felvet\u00e9sre Navracsics Tibor kifejtette: K\u00f6z\u00e9p-Eur\u00f3pa sohasem volt \u00e9s soha nem is lesz a senki f\u00f6ldje, ez a r\u00e9gi\u00f3 ugyanis mind fekv\u00e9s\u00e9t, mind hagyom\u00e1nyait, mind pedig nemzeteit tekintve \u00e9rt\u00e9kesebb ann\u00e1l, hogy &#8222;szabadon hagyj\u00e1k&#8221;, ez\u00e9rt valamilyen \u00e9rdekszf\u00e9r\u00e1ba, sz\u00f6vets\u00e9gi rendszerbe mindig tartoznak ezek az orsz\u00e1gok.<br \/>\n&#8222;Mindig jelentkezik valaki, aki erre a r\u00e9gi\u00f3ra ig\u00e9nyt form\u00e1l&#8221; &#8211; fogalmazott a minisztereln\u00f6k-helyettes, azzal folytatva, hogy ebb\u0151l a szempontb\u00f3l is \u00e9rt\u00e9kelni kell az uni\u00f3s tags\u00e1got, \u00e9s \u00edgy azt l\u00e1tni, hogy Magyarorsz\u00e1g eddigi geopolitikai elk\u00f6telezetts\u00e9gei k\u00f6z\u00fcl az EU a legjobb. Egyr\u00e9szt &#8222;itt legal\u00e1bb vit\u00e1ink lehetnek&#8221;, hiszen kor\u00e1bban meg sem hallgatt\u00e1k a magyarokat. M\u00e1sr\u00e9szt &#8222;\u00e9rv\u00e9nyes\u00edthetj\u00fck &#8211; m\u00e9g ha s\u00falyos vit\u00e1k \u00e1r\u00e1n is &#8211; a saj\u00e1t megold\u00e1sainkat, \u00e9s belesz\u00f3lhatunk Eur\u00f3pa j\u00f6v\u0151j\u00e9nek alak\u00edt\u00e1s\u00e1ba&#8221; &#8211; mondta. Megjegyezte, hogy a bankad\u00f3t\u00f3l kezdve a rom\u00e1k felz\u00e1rk\u00f3ztat\u00e1si strat\u00e9gi\u00e1j\u00e1n kereszt\u00fcl a totalit\u00e1rius rendszerek \u00e1ldozatainak eur\u00f3pai eml\u00e9knapj\u00e1ig &#8222;mi mindent hoztunk mi be az Eur\u00f3pai Uni\u00f3ba&#8221;.<br \/>\nEz, szerinte, j\u00f3l mutatja, hogy Magyarorsz\u00e1g a j\u00f6v\u0151ben is tudja \u00e9rv\u00e9nyes\u00edteni a hangj\u00e1t az EU-ban, amihez azonban az \u00e9rdekek pontos meghat\u00e1roz\u00e1sa \u00e9s az azok\u00e9rt val\u00f3 k\u00fczd\u00e9s is sz\u00fcks\u00e9ges. Ez a magyaroknak kicsit tal\u00e1n \u00fajdons\u00e1g, mert arra neveltek, hogy &#8222;mi csak h\u00fazzuk meg magunkat&#8221; &#8211; fogalmazott Navracsics Tibor.<br \/>\nEbb\u0151l a szempontb\u00f3l &#8211; mint mondta &#8211; nem f\u00e9lti az uni\u00f3hoz h\u00e9tf\u0151n csatlakoz\u00f3 horv\u00e1tokat, akik term\u00e9szetesnek veszik, hogy az EU a nemzeti \u00e9rdekek k\u00e9pviselet\u00e9nek a helysz\u00edne.(MTI)<\/p>\n","protected":false},"excerpt":{"rendered":"<p>T\u00f6bb mint hatsz\u00e1z t\u00f6rv\u00e9nyt fogadott el h\u00e1rom \u00e9v alatt a parlament, ezek azonban semmilyen vesz\u00e9lyt nem jelentenek a demokr\u00e1ci\u00e1ra &#8211; k\u00f6z\u00f6lte Navracsics Tibor minisztereln\u00f6k-helyettes, k\u00f6zigazgat\u00e1si \u00e9s igazs\u00e1g\u00fcgyi miniszter a Kossuth R\u00e1di\u00f3 Vas\u00e1rnapi \u00fajs\u00e1g c\u00edm\u0171 m\u0171sor\u00e1ban.<\/p>\n","protected":false},"author":1,"featured_media":0,"comment_status":"open","ping_status":"closed","sticky":false,"template":"","format":"standard","meta":[],"categories":[18],"tags":[],"_links":{"self":[{"href":"https:\/\/gazdasagportal.hu\/index.php\/wp-json\/wp\/v2\/posts\/10929"}],"collection":[{"href":"https:\/\/gazdasagportal.hu\/index.php\/wp-json\/wp\/v2\/posts"}],"about":[{"href":"https:\/\/gazdasagportal.hu\/index.php\/wp-json\/wp\/v2\/types\/post"}],"author":[{"embeddable":true,"href":"https:\/\/gazdasagportal.hu\/index.php\/wp-json\/wp\/v2\/users\/1"}],"replies":[{"embeddable":true,"href":"https:\/\/gazdasagportal.hu\/index.php\/wp-json\/wp\/v2\/comments?post=10929"}],"version-history":[{"count":2,"href":"https:\/\/gazdasagportal.hu\/index.php\/wp-json\/wp\/v2\/posts\/10929\/revisions"}],"predecessor-version":[{"id":10951,"href":"https:\/\/gazdasagportal.hu\/index.php\/wp-json\/wp\/v2\/posts\/10929\/revisions\/10951"}],"wp:attachment":[{"href":"https:\/\/gazdasagportal.hu\/index.php\/wp-json\/wp\/v2\/media?parent=10929"}],"wp:term":[{"taxonomy":"category","embeddable":true,"href":"https:\/\/gazdasagportal.hu\/index.php\/wp-json\/wp\/v2\/categories?post=10929"},{"taxonomy":"post_tag","embeddable":true,"href":"https:\/\/gazdasagportal.hu\/index.php\/wp-json\/wp\/v2\/tags?post=10929"}],"curies":[{"name":"wp","href":"https:\/\/api.w.org\/{rel}","templated":true}]}}