{"id":109285,"date":"2018-09-27T12:02:43","date_gmt":"2018-09-27T10:02:43","guid":{"rendered":"http:\/\/gazdasagportal.hu\/?p=109285"},"modified":"2018-09-27T12:02:43","modified_gmt":"2018-09-27T10:02:43","slug":"szlovak-ujsagiro-gyilkossag-tobb-gyanusitottat-vett-orizetbe-a-rendorseg","status":"publish","type":"post","link":"https:\/\/gazdasagportal.hu\/index.php\/szlovak-ujsagiro-gyilkossag-tobb-gyanusitottat-vett-orizetbe-a-rendorseg\/","title":{"rendered":"Szlov\u00e1k \u00fajs\u00e1g\u00edr\u00f3-gyilkoss\u00e1g &#8211; T\u00f6bb gyan\u00fas\u00edtottat vett \u0151rizetbe a rend\u0151rs\u00e9g"},"content":{"rendered":"<p><strong>\u0150rizetbe vette cs\u00fct\u00f6rt\u00f6k reggel a szlov\u00e1k rend\u0151rs\u00e9g J\u00e1n Kuciak oknyomoz\u00f3 \u00fajs\u00e1g\u00edr\u00f3 \u00e9s mennyasszonya meggyilkol\u00e1s\u00e1nak gyan\u00fas\u00edtottjait &#8211; \u00e9rtes\u00fclt a helyi m\u00e9dia, melynek inform\u00e1ci\u00f3i szerint az egyik letart\u00f3ztatott kor\u00e1bban rend\u0151rs\u00e9gi nyomoz\u00f3k\u00e9nt dolgozott.<\/strong><!--more--><\/p>\n<div class=\"ads-in-post1\"><div id=\"gazdasagportal.hu_fullbanner_wideboard\"><\/div>\r\n<\/div>\n<p>    &#8222;Jelenleg h\u00e1zkutat\u00e1sok folynak, tov\u00e1bbi inform\u00e1ci\u00f3kat akkor tesz\u00fcnk k\u00f6zz\u00e9, ha a helyzet megengedi&#8221; &#8211; id\u00e9zte a rend\u0151rs\u00e9g k\u00f6zlem\u00e9ny\u00e9t a TASR szlov\u00e1k k\u00f6zszolg\u00e1lati h\u00edr\u00fcgyn\u00f6ks\u00e9g, amely jelent\u00e9s\u00e9ben saj\u00e1t \u00e9rtes\u00fcl\u00e9s\u00e9re hivatkozva is azt \u00edrta, hogy a Kuciak-gyilkoss\u00e1g gyan\u00fas\u00edtottjair\u00f3l van sz\u00f3.<br \/>\n    A d\u00e9l-szlov\u00e1kiai G\u00fat\u00e1n (Kol\u00e1rovo) cs\u00fct\u00f6rt\u00f6k\u00f6n hajnalban t\u00f6bb helysz\u00ednen nyolc szem\u00e9lyt vettek \u0151rizetbe a rend\u0151r\u00f6k, egyik\u00fck kor\u00e1bban rend\u0151rs\u00e9gi nyomoz\u00f3k\u00e9nt dolgozott R\u00e9vkom\u00e1romban &#8211; \u00edrta saj\u00e1t inform\u00e1ci\u00f3kra hivatkozva a tvnoviny.sk szlov\u00e1k h\u00edrport\u00e1l.<br \/>\n    A meggyilkolt \u00fajs\u00e1g\u00edr\u00f3 csal\u00e1dj\u00e1nak \u00fcgyv\u00e9dje, a kor\u00e1bban bel\u00fcgyminiszteri posztot is bet\u00f6lt\u00f6tt Daniel Lipsic a gyan\u00fas\u00edtottak letart\u00f3ztat\u00e1s\u00e1nak h\u00edr\u00e9re reag\u00e1lva Facebook bejegyz\u00e9s\u00e9ben \u00e9rt\u00e9kelte az \u00fcgyet vizsg\u00e1l\u00f3 \u00fcgy\u00e9szs\u00e9g \u00e9s a rend\u0151rs\u00e9g munk\u00e1j\u00e1t \u00e9s arra sz\u00f3l\u00edtotta fel az embereket, hogy b\u00edzzanak a b\u0171n\u00fcgyi szervek munk\u00e1j\u00e1ban \u00e9s annak eredm\u00e9nyeiben. Hozz\u00e1tette: a vizsg\u00e1lat addig azonban nem \u00e9rhet v\u00e9get, am\u00edg nem siker\u00fcl k\u00e9zre ker\u00edteni a gyilkoss\u00e1g megrendel\u0151it is.<br \/>\n<div class=\"ads-in-post2\"><script async src=\"https:\/\/pagead2.googlesyndication.com\/pagead\/js\/adsbygoogle.js\"><\/script>\r\n<ins class=\"adsbygoogle\"\r\n     style=\"display:block\"\r\n     data-ad-format=\"fluid\"\r\n     data-ad-layout-key=\"-6t+ed+2i-1n-4w\"\r\n     data-ad-client=\"ca-pub-1959107119989764\"\r\n     data-ad-slot=\"4008251320\"><\/ins>\r\n<script>\r\n     (adsbygoogle = window.adsbygoogle || []).push({});\r\n<\/script><\/div>\n    Peter Pellegrini szlov\u00e1k korm\u00e1nyf\u0151 szint\u00e9n a Facebookon \u00fcdv\u00f6z\u00f6lte az el\u0151rel\u00e9p\u00e9st az \u00fcgyben. &#8222;Hiszek abban, hogy siker\u00fcl felt\u00e1rni ezt a brut\u00e1lis tettet, az ind\u00edt\u00e9kait illetve megrendel\u0151it is, hogy a tov\u00e1bbiakban m\u00e1r ne ossza meg t\u00e1rsadalmunkat &#8221; &#8211; \u00edrta Pellegrini.<br \/>\n    Az \u0151rizetbe v\u00e9telekre reag\u00e1lt a kett\u0151s gyilkoss\u00e1got k\u00f6vet\u0151en kezd\u0151d\u00f6tt t\u00fcntet\u00e9ssorozat f\u0151 szervez\u0151j\u00e9nek tartott Tisztess\u00e9ges Szlov\u00e1ki\u00e1\u00e9rt mozgalom is, amely m\u00e9g kor\u00e1bban \u00fajabb t\u00fcntet\u00e9seket jelentett be t\u00f6bb szlov\u00e1kiai v\u00e1rosban p\u00e9ntekre a korm\u00e1ny elmozd\u00edt\u00e1s\u00e1nak sz\u00e1nd\u00e9k\u00e1val. K\u00f6zlem\u00e9ny\u00fckben azt \u00edrt\u00e1k: hisznek abban, hogy a rend\u0151rs\u00e9g akci\u00f3ja elvezet a gyilkoss\u00e1g elk\u00f6vet\u0151inek felder\u00edt\u00e9s\u00e9hez, de a p\u00e9ntekre jelzett megmozdul\u00e1sokat m\u00e9gis megtartj\u00e1k, mivel &#8211; v\u00e9lem\u00e9ny\u00fck szerint &#8211; Peter Pellegrini korm\u00e1nya nem tett semmit az\u00e9rt, hogy meg\u00faj\u00edtsa az \u00e1llamhatalomba vetett hitet.<br \/>\n    J\u00e1n Kuciakot \u00e9s bar\u00e1tn\u0151j\u00e9t febru\u00e1r v\u00e9g\u00e9n tal\u00e1lt\u00e1k holtan a gal\u00e1ntai j\u00e1r\u00e1sban l\u00e9v\u0151 Nagym\u00e1cs\u00e9don l\u00e9v\u0151 csal\u00e1di h\u00e1zukban. A p\u00e1rnak v\u00e9lhet\u0151en Kuciak munk\u00e1ja miatt kellett meghalnia. Kuciak utols\u00f3, hal\u00e1la ut\u00e1n megjelent cikk\u00e9t Szlov\u00e1ki\u00e1ban tev\u00e9kenyked\u0151 olasz v\u00e1llalkoz\u00f3k korrupci\u00f3s \u00fcgyeir\u0151l \u00edrta.<br \/>\n    A p\u00e1r hal\u00e1la \u00f3ri\u00e1si k\u00f6zfelh\u00e1borod\u00e1st v\u00e1ltott ki az orsz\u00e1gban, \u00e9s heteken bel\u00fcl kor\u00e1bban sosem l\u00e1tott t\u00fcntet\u00e9ssorozathoz \u00e9s belpolitikai v\u00e1ls\u00e1ghoz vezetett. A t\u00f6rt\u00e9n\u00e9sek v\u00e9g\u00fcl a korm\u00e1ny t\u00f6bb tagj\u00e1nak, k\u00f6zt\u00fck Robert Kalin\u00e1k bel\u00fcgyminiszter \u00e9s Robert Fico minisztereln\u00f6k t\u00e1voz\u00e1s\u00e1hoz vezettek.(MTI)<\/p>\n","protected":false},"excerpt":{"rendered":"<p>\u0150rizetbe vette cs\u00fct\u00f6rt\u00f6k reggel a szlov\u00e1k rend\u0151rs\u00e9g J\u00e1n Kuciak oknyomoz\u00f3 \u00fajs\u00e1g\u00edr\u00f3 \u00e9s mennyasszonya meggyilkol\u00e1s\u00e1nak gyan\u00fas\u00edtottjait &#8211; \u00e9rtes\u00fclt a helyi m\u00e9dia, melynek inform\u00e1ci\u00f3i szerint az egyik letart\u00f3ztatott kor\u00e1bban rend\u0151rs\u00e9gi nyomoz\u00f3k\u00e9nt dolgozott.<\/p>\n","protected":false},"author":1,"featured_media":0,"comment_status":"closed","ping_status":"open","sticky":false,"template":"","format":"standard","meta":[],"categories":[12,5],"tags":[],"_links":{"self":[{"href":"https:\/\/gazdasagportal.hu\/index.php\/wp-json\/wp\/v2\/posts\/109285"}],"collection":[{"href":"https:\/\/gazdasagportal.hu\/index.php\/wp-json\/wp\/v2\/posts"}],"about":[{"href":"https:\/\/gazdasagportal.hu\/index.php\/wp-json\/wp\/v2\/types\/post"}],"author":[{"embeddable":true,"href":"https:\/\/gazdasagportal.hu\/index.php\/wp-json\/wp\/v2\/users\/1"}],"replies":[{"embeddable":true,"href":"https:\/\/gazdasagportal.hu\/index.php\/wp-json\/wp\/v2\/comments?post=109285"}],"version-history":[{"count":1,"href":"https:\/\/gazdasagportal.hu\/index.php\/wp-json\/wp\/v2\/posts\/109285\/revisions"}],"predecessor-version":[{"id":109286,"href":"https:\/\/gazdasagportal.hu\/index.php\/wp-json\/wp\/v2\/posts\/109285\/revisions\/109286"}],"wp:attachment":[{"href":"https:\/\/gazdasagportal.hu\/index.php\/wp-json\/wp\/v2\/media?parent=109285"}],"wp:term":[{"taxonomy":"category","embeddable":true,"href":"https:\/\/gazdasagportal.hu\/index.php\/wp-json\/wp\/v2\/categories?post=109285"},{"taxonomy":"post_tag","embeddable":true,"href":"https:\/\/gazdasagportal.hu\/index.php\/wp-json\/wp\/v2\/tags?post=109285"}],"curies":[{"name":"wp","href":"https:\/\/api.w.org\/{rel}","templated":true}]}}