{"id":10927,"date":"2013-06-30T15:45:20","date_gmt":"2013-06-30T13:45:20","guid":{"rendered":"http:\/\/stockportal.hu\/?p=10927"},"modified":"2013-06-30T15:45:45","modified_gmt":"2013-06-30T13:45:45","slug":"titkos-adatgyujtes-schulz-tisztazast-kovetel-washingtontol","status":"publish","type":"post","link":"https:\/\/gazdasagportal.hu\/index.php\/titkos-adatgyujtes-schulz-tisztazast-kovetel-washingtontol\/","title":{"rendered":"Titkos adatgy\u0171jt\u00e9s &#8211; Schulz tiszt\u00e1z\u00e1st k\u00f6vetel Washingtont\u00f3l"},"content":{"rendered":"<p><strong>Martin Schulz, az Eur\u00f3pai Parlament eln\u00f6ke teljes k\u00f6r\u0171 tiszt\u00e1z\u00e1st \u00e9s s\u00fcrg\u0151s t\u00e1j\u00e9koztat\u00e1st k\u00f6vetelt Washingtont\u00f3l annak nyom\u00e1n, hogy a Der Spiegel \u00e9rtes\u00fcl\u00e9se szerint az amerikai Nemzetbiztons\u00e1g \u00dcgyn\u00f6ks\u00e9g (NSA) c\u00e9lir\u00e1nyosan lehallgatja, kif\u00fcrk\u00e9szi az Eur\u00f3pai Uni\u00f3 tiszts\u00e9gvisel\u0151t.<!--more--><\/strong><\/p>\n<p>Nyilatkozata szerint Schulzot m\u00e9lys\u00e9ges aggodalommal t\u00f6ltik el a n\u00e9met h\u00edrmagazin megd\u00f6bbent\u0151 \u00e1ll\u00edt\u00e1sai.<br \/>\n&#8222;Ha az \u00e1ll\u00edt\u00e1sok igaznak bizonyulnak, az rendk\u00edv\u00fcl komoly \u00fcgy, \u00e9s s\u00falyos k\u00f6vetkezm\u00e9nyei lesznek az EU-USA viszonyra n\u00e9zve&#8221; &#8211; fogalmazott az Eur\u00f3pai Parlament eln\u00f6ke, \u00e9s az \u00e1ltala ir\u00e1ny\u00edtott test\u00fclet nev\u00e9ben teljes k\u00f6r\u0171 tiszt\u00e1z\u00e1st, s\u00fcrg\u0151s t\u00e1j\u00e9koztat\u00e1st k\u00f6vetelt az Egyes\u00fclt \u00c1llamokt\u00f3l.<br \/>\nA Der Spiegel olyan titkos dokumentumokra alapozza \u00e1ll\u00edt\u00e1s\u00e1t, amelyeket az NSA kor\u00e1bbi munkat\u00e1rsa, Edward Snowden vitt mag\u00e1val, \u00e9s amelyekbe betekint\u00e9st nyertek a h\u00edrmagazin munkat\u00e1rsai.<br \/>\nEgy 2010 szeptemberi keltez\u00e9s\u0171 iratb\u00f3l kit\u0171nik, hogy az NSA &#8222;polosk\u00e1kat&#8221; telep\u00edtett a EU washingtoni, illetve New York-i ENSZ-k\u00e9pviselet\u00e9nek irod\u00e1iba. Emellett behatolt az eur\u00f3pai integr\u00e1ci\u00f3s szervezet bels\u0151 sz\u00e1m\u00edt\u00f3g\u00e9pes h\u00e1l\u00f3zat\u00e1ba is. Ez\u00e1ltal az amerikai \u00fcgyn\u00f6k\u00f6knek lehet\u0151s\u00e9g\u00fck ny\u00edlt besz\u00e9lget\u00e9sek lehallgat\u00e1s\u00e1ra, valamint dokumentumok \u00e9s e-mailek olvas\u00e1s\u00e1ra. Az id\u00e9zett dokumentum kifejezetten &#8222;t\u00e1mad\u00e1si c\u00e9lpontk\u00e9nt&#8221; eml\u00edti az eur\u00f3paiakat.<br \/>\nA h\u00edrmagazin szerint az NSA mintegy \u00f6t \u00e9vvel ezel\u0151tt az EU br\u00fcsszeli k\u00f6zpontj\u00e1ban is lehallgat\u00e1st kezdem\u00e9nyezett. A helyi biztons\u00e1gi appar\u00e1tus embereinek akkoriban felt\u0171nt sz\u00e1mos sikertelen telefonh\u00edv\u00e1s, amelyeknek c\u00e9lpontja a Justus Lipsius H\u00e1zban (a miniszterek tan\u00e1cs\u00e1nak \u00e9p\u00fclet\u00e9ben) l\u00e9v\u0151 t\u00e1vkarbantart\u00f3 berendez\u00e9s volt. A h\u00edv\u00f3 f\u00e9l &#8222;nyoma&#8221; az Evere nev\u0171 br\u00fcsszeli ker\u00fcletben fekv\u0151 NATO-k\u00f6zpontba vezetett, ahol egy idegenekt\u0151l elz\u00e1rt helyis\u00e9gben az NSA emberei &#8222;dolgoztak&#8221;.(MTI)<\/p>\n","protected":false},"excerpt":{"rendered":"<p>Martin Schulz, az Eur\u00f3pai Parlament eln\u00f6ke teljes k\u00f6r\u0171 tiszt\u00e1z\u00e1st \u00e9s s\u00fcrg\u0151s t\u00e1j\u00e9koztat\u00e1st k\u00f6vetelt Washingtont\u00f3l annak nyom\u00e1n, hogy a Der Spiegel \u00e9rtes\u00fcl\u00e9se szerint az amerikai Nemzetbiztons\u00e1g \u00dcgyn\u00f6ks\u00e9g (NSA) c\u00e9lir\u00e1nyosan lehallgatja, kif\u00fcrk\u00e9szi az Eur\u00f3pai Uni\u00f3 tiszts\u00e9gvisel\u0151t.<\/p>\n","protected":false},"author":1,"featured_media":0,"comment_status":"open","ping_status":"closed","sticky":false,"template":"","format":"standard","meta":[],"categories":[13],"tags":[],"_links":{"self":[{"href":"https:\/\/gazdasagportal.hu\/index.php\/wp-json\/wp\/v2\/posts\/10927"}],"collection":[{"href":"https:\/\/gazdasagportal.hu\/index.php\/wp-json\/wp\/v2\/posts"}],"about":[{"href":"https:\/\/gazdasagportal.hu\/index.php\/wp-json\/wp\/v2\/types\/post"}],"author":[{"embeddable":true,"href":"https:\/\/gazdasagportal.hu\/index.php\/wp-json\/wp\/v2\/users\/1"}],"replies":[{"embeddable":true,"href":"https:\/\/gazdasagportal.hu\/index.php\/wp-json\/wp\/v2\/comments?post=10927"}],"version-history":[{"count":5,"href":"https:\/\/gazdasagportal.hu\/index.php\/wp-json\/wp\/v2\/posts\/10927\/revisions"}],"predecessor-version":[{"id":10950,"href":"https:\/\/gazdasagportal.hu\/index.php\/wp-json\/wp\/v2\/posts\/10927\/revisions\/10950"}],"wp:attachment":[{"href":"https:\/\/gazdasagportal.hu\/index.php\/wp-json\/wp\/v2\/media?parent=10927"}],"wp:term":[{"taxonomy":"category","embeddable":true,"href":"https:\/\/gazdasagportal.hu\/index.php\/wp-json\/wp\/v2\/categories?post=10927"},{"taxonomy":"post_tag","embeddable":true,"href":"https:\/\/gazdasagportal.hu\/index.php\/wp-json\/wp\/v2\/tags?post=10927"}],"curies":[{"name":"wp","href":"https:\/\/api.w.org\/{rel}","templated":true}]}}