{"id":109217,"date":"2018-09-25T18:01:52","date_gmt":"2018-09-25T16:01:52","guid":{"rendered":"http:\/\/gazdasagportal.hu\/?p=109217"},"modified":"2018-09-25T17:02:41","modified_gmt":"2018-09-25T15:02:41","slug":"leallt-a-kukorica-aratasa-az-idojaras-miatt-de-jo-minosegu-az-eddigi-termes","status":"publish","type":"post","link":"https:\/\/gazdasagportal.hu\/index.php\/leallt-a-kukorica-aratasa-az-idojaras-miatt-de-jo-minosegu-az-eddigi-termes\/","title":{"rendered":"Le\u00e1llt a kukorica arat\u00e1sa az id\u0151j\u00e1r\u00e1s miatt, de j\u00f3 min\u0151s\u00e9g\u0171 az eddigi term\u00e9s"},"content":{"rendered":"<p><strong>Le\u00e1llt az id\u0151j\u00e1r\u00e1s miatt a kukorica arat\u00e1sa, de az eddig betakar\u00edtott mennyis\u00e9g j\u00f3 min\u0151s\u00e9g\u0171, b\u00edztat\u00f3 term\u00e9s\u00e1tlagokkal.<\/strong><!--more--><\/p>\n<div class=\"ads-in-post1\"><div id=\"gazdasagportal.hu_fullbanner_wideboard\"><\/div>\r\n<\/div>\n<p>A csapad\u00e9k \u00e9s a viharos sz\u00e9l miatt t\u00f6bb r\u00e9gi\u00f3ban le\u00e1llt a kukorica arat\u00e1sa, tal\u00e1n csak napok m\u00falva folytatj\u00e1k a munk\u00e1t. A term\u00e9s\u00e1tlagot \u00e1gazati szak\u00e9rt\u0151k hekt\u00e1ronk\u00e9nt 7 tonn\u00e1ra v\u00e1rj\u00e1k, ami Magyarorsz\u00e1gon j\u00f3 k\u00f6zepesnek min\u0151s\u00fcl, a 2016-ban aratott 8,7 tonn\u00e1n\u00e1l alacsonyabb, de jobb a tavalyi 6,8-as \u00e9rt\u00e9kn\u00e9l. Biztosat err\u0151l majd a komb\u00e1jnok \u00fajraindul\u00e1sa ut\u00e1n lehet mondani \u2013 foglalta \u00f6ssze az inform\u00e1ci\u00f3kat a Concordia K\u00f6zrakt\u00e1r Zrt.<\/p>\n<p>A haszonn\u00f6v\u00e9ny vet\u00e9ster\u00fclete id\u00e9n 955 881 hekt\u00e1r, ami a tavalyi ter\u00fclet 95,6%-a. A term\u00e9s min\u0151s\u00e9ge a rendelkez\u00e9sre \u00e1ll\u00f3 adatok alapj\u00e1n b\u00edztat\u00f3. A t\u00e1rsas\u00e1g vez\u00e9rigazgat\u00f3ja, dr. Halmos G\u00e1bor hozz\u00e1tette: b\u00e1r a szezon elej\u00e9n j\u00e1runk, a bek\u00fcld\u00f6tt mint\u00e1k \u00edg\u00e9retesek, mind a nedvess\u00e9g\u00fck, mind a tisztas\u00e1guk megfelel\u0151. Az eddig vizsg\u00e1lt mint\u00e1k hektolitert\u00f6mege is fel\u00fclm\u00falja a tavalyi szintet, \u00e1tlagosan 740 g\/l.<\/p><div id=\"gazda-1197226720\" class=\"gazda-tartalomban gazda-entity-placement\"><script async src=\"https:\/\/pagead2.googlesyndication.com\/pagead\/js\/adsbygoogle.js\"><\/script>\r\n<ins class=\"adsbygoogle\"\r\n     style=\"display:block\"\r\n     data-ad-format=\"fluid\"\r\n     data-ad-layout-key=\"-6t+ed+2i-1n-4w\"\r\n     data-ad-client=\"ca-pub-1959107119989764\"\r\n     data-ad-slot=\"4008251320\"><\/ins>\r\n<script>\r\n     (adsbygoogle = window.adsbygoogle || []).push({});\r\n<\/script><\/div>\n<div class=\"ads-in-post2\"><script async src=\"https:\/\/pagead2.googlesyndication.com\/pagead\/js\/adsbygoogle.js\"><\/script>\r\n<ins class=\"adsbygoogle\"\r\n     style=\"display:block\"\r\n     data-ad-format=\"fluid\"\r\n     data-ad-layout-key=\"-6t+ed+2i-1n-4w\"\r\n     data-ad-client=\"ca-pub-1959107119989764\"\r\n     data-ad-slot=\"4008251320\"><\/ins>\r\n<script>\r\n     (adsbygoogle = window.adsbygoogle || []).push({});\r\n<\/script><\/div>\nSzint\u00e9n j\u00f3 h\u00edr, hogy alacsonyak a leggyakrabban vizsg\u00e1lt szennyez\u0151anyagok, a DON \u00e9s Aflatoxin-szintek is. \u00d3vatoss\u00e1gra int azonban tavalyi tapasztalatunk, amikor a hasonl\u00f3an b\u00edztat\u00f3 kezdet ut\u00e1n, nagyobb m\u00e9rt\u00e9k\u0171 betakar\u00edtotts\u00e1gn\u00e1l az aflatoxin koncentr\u00e1ci\u00f3t ter\u00fcletileg elsz\u00f3rtan, de t\u00f6bb mint\u00e1ban is a limit\u00e9rt\u00e9k k\u00f6zel\u00e9ben m\u00e9rt\u00fck.<\/p>\n<p>A kukoric\u00e1n\u00e1l a sz\u00e1r\u00edt\u00e1s ut\u00e1n elv\u00e1rt, 14,5% alatti nedvess\u00e9gtartalom be\u00e1ll\u00edt\u00e1sa jelenthet gondot. Fontos, hogy ehhez csak ellen\u0151rz\u00f6tt \u00e9s kalibr\u00e1lt m\u0171szereket haszn\u00e1ljanak. A hosszabb idej\u0171 t\u00e1rol\u00e1s eset\u00e9n a magasabb nedvess\u00e9gtartalm\u00fa t\u00e9telek fokozottabb gondoz\u00e1st ig\u00e9nyelnek. Gyakrabban kell m\u00e9rni a h\u0151m\u00e9rs\u00e9kletet \u00e9s a nedvess\u00e9gtartalmat, s\u0171r\u0171bben \u00e1tmozgatni az \u00e1rut.<\/p>\n<p>&nbsp;<\/p>\n<p>&nbsp;<\/p>\n","protected":false},"excerpt":{"rendered":"<p>Le\u00e1llt az id\u0151j\u00e1r\u00e1s miatt a kukorica arat\u00e1sa, de az eddig betakar\u00edtott mennyis\u00e9g j\u00f3 min\u0151s\u00e9g\u0171, b\u00edztat\u00f3 term\u00e9s\u00e1tlagokkal.<\/p>\n","protected":false},"author":1,"featured_media":0,"comment_status":"closed","ping_status":"open","sticky":false,"template":"","format":"standard","meta":[],"categories":[19],"tags":[],"_links":{"self":[{"href":"https:\/\/gazdasagportal.hu\/index.php\/wp-json\/wp\/v2\/posts\/109217"}],"collection":[{"href":"https:\/\/gazdasagportal.hu\/index.php\/wp-json\/wp\/v2\/posts"}],"about":[{"href":"https:\/\/gazdasagportal.hu\/index.php\/wp-json\/wp\/v2\/types\/post"}],"author":[{"embeddable":true,"href":"https:\/\/gazdasagportal.hu\/index.php\/wp-json\/wp\/v2\/users\/1"}],"replies":[{"embeddable":true,"href":"https:\/\/gazdasagportal.hu\/index.php\/wp-json\/wp\/v2\/comments?post=109217"}],"version-history":[{"count":1,"href":"https:\/\/gazdasagportal.hu\/index.php\/wp-json\/wp\/v2\/posts\/109217\/revisions"}],"predecessor-version":[{"id":109218,"href":"https:\/\/gazdasagportal.hu\/index.php\/wp-json\/wp\/v2\/posts\/109217\/revisions\/109218"}],"wp:attachment":[{"href":"https:\/\/gazdasagportal.hu\/index.php\/wp-json\/wp\/v2\/media?parent=109217"}],"wp:term":[{"taxonomy":"category","embeddable":true,"href":"https:\/\/gazdasagportal.hu\/index.php\/wp-json\/wp\/v2\/categories?post=109217"},{"taxonomy":"post_tag","embeddable":true,"href":"https:\/\/gazdasagportal.hu\/index.php\/wp-json\/wp\/v2\/tags?post=109217"}],"curies":[{"name":"wp","href":"https:\/\/api.w.org\/{rel}","templated":true}]}}