{"id":109203,"date":"2018-09-25T14:10:41","date_gmt":"2018-09-25T12:10:41","guid":{"rendered":"http:\/\/gazdasagportal.hu\/?p=109203"},"modified":"2018-09-25T14:10:41","modified_gmt":"2018-09-25T12:10:41","slug":"berlakas-epitesi-programot-szorgalmaz-a-jobbik","status":"publish","type":"post","link":"https:\/\/gazdasagportal.hu\/index.php\/berlakas-epitesi-programot-szorgalmaz-a-jobbik\/","title":{"rendered":"B\u00e9rlak\u00e1s-\u00e9p\u00edt\u00e9si programot szorgalmaz a Jobbik"},"content":{"rendered":"<p><strong>B\u00e9rlak\u00e1s-\u00e9p\u00edt\u00e9si programmal oldan\u00e1 meg a lakhat\u00e1si v\u00e1ls\u00e1got a Jobbik; \u00e1ll\u00e1spontjuk szerint olyan rendszert lehetne kialak\u00edtani, amely n\u00e9gy-hat \u00e9ven bel\u00fcl m\u00e1r a kiad\u00e1sokn\u00e1l nagyobb bev\u00e9telt termelne &#8211; mondta keddi budapesti sajt\u00f3t\u00e1j\u00e9koztat\u00f3j\u00e1n Z. K\u00e1rp\u00e1t D\u00e1niel, a p\u00e1rt aleln\u00f6ke.<\/strong><!--more--><\/p>\n<div class=\"ads-in-post1\"><div id=\"gazdasagportal.hu_fullbanner_wideboard\"><\/div>\r\n<\/div>\n<p>    Elmondta: sz\u00e1m\u00edt\u00e1saik szerint az indul\u00f3 id\u0151szakban 80-120, azt k\u00f6vet\u0151en pedig 50-100 milli\u00e1rd forintb\u00f3l \u00e9vente 5-10 ezer \u00faj lak\u00e1s \u00e9p\u00fclhetne, illetve a f\u00e9lmilli\u00f3 \u00fcresen \u00e1ll\u00f3 ingatlan gazdas\u00e1gosan fel\u00faj\u00edthat\u00f3 r\u00e9sz\u00e9nek lakott\u00e1 t\u00e9tel\u00e9vel lehetne legal\u00e1bbis enyh\u00edteni a v\u00e1ls\u00e1gon.<br \/>\n    A politikus arr\u00f3l besz\u00e9lt: elk\u00e9pzel\u00e9s\u00fck szerint az \u00e1llami b\u00e9rlak\u00e1sok lakb\u00e9re a jelenlegi piac \u00e1r harmada lehetne, \u00edgy is rent\u00e1biliss\u00e1 v\u00e1lhatna a rendszer, amelyben az alapanyagok gy\u00e1rt\u00f3i \u00e9s a kivitelez\u0151k is magyarok voln\u00e1nak.<br \/>\n    Besz\u00e9lt arr\u00f3l is: nyolcpontos otthonteremt\u00e9si javaslatcsomagjuk elemei k\u00f6z\u00f6tt szerepel az els\u0151 lak\u00e1s megszerz\u00e9s\u00e9nek illet\u00e9kmentes\u00e9 t\u00e9tele, az \u00f6nkorm\u00e1nyzati \u00e9s \u00e1llami tulajdon\u00fa lak\u00e1sok b\u00e9rbe adhat\u00f3v\u00e1 t\u00e9tele, valamint a &#8222;mindenf\u00e9le banki uzsor\u00e1t \u00e9s szabadrabl\u00e1st kiz\u00e1r\u00f3&#8221;, min\u0151s\u00edtett, fogyaszt\u00f3bar\u00e1t hitelek bevezet\u00e9se, a jelenlegin\u00e9l alacsonyabb kamattal.<br \/>\n<div class=\"ads-in-post2\"><script async src=\"https:\/\/pagead2.googlesyndication.com\/pagead\/js\/adsbygoogle.js\"><\/script>\r\n<ins class=\"adsbygoogle\"\r\n     style=\"display:block\"\r\n     data-ad-format=\"fluid\"\r\n     data-ad-layout-key=\"-6t+ed+2i-1n-4w\"\r\n     data-ad-client=\"ca-pub-1959107119989764\"\r\n     data-ad-slot=\"4008251320\"><\/ins>\r\n<script>\r\n     (adsbygoogle = window.adsbygoogle || []).push({});\r\n<\/script><\/div>\n    Z. K\u00e1rp\u00e1t D\u00e1niel k\u00e9rd\u00e9sre v\u00e1laszolva elmondta: m\u00f3dos\u00edt\u00f3 ind\u00edtv\u00e1nyaik befogad\u00e1s\u00e1t\u00f3l \u00e9s a vita sor\u00e1n t\u00f6rt\u00e9ntekt\u0151l teszik f\u00fcgg\u0151v\u00e9, v\u00e9g\u00fcl hogyan szavaznak a Sargentini-jelent\u00e9ssel kapcsolatos orsz\u00e1ggy\u0171l\u00e9si hat\u00e1rozati javaslatr\u00f3l.<br \/>\n    Megeml\u00edtette, sem Magyarorsz\u00e1g megt\u00e1mad\u00e1s\u00e1ra nem mondanak igent, sem arra, hogy jog\u00e1llam uralkodna, ez indokolja eur\u00f3pai parlamenti k\u00e9pvisel\u0151j\u00fck, Balcz\u00f3 Zolt\u00e1n &#8222;felel\u0151s tart\u00f3zkod\u00e1s\u00e1t&#8221;.(MTI)<\/p>\n","protected":false},"excerpt":{"rendered":"<p>B\u00e9rlak\u00e1s-\u00e9p\u00edt\u00e9si programmal oldan\u00e1 meg a lakhat\u00e1si v\u00e1ls\u00e1got a Jobbik; \u00e1ll\u00e1spontjuk szerint olyan rendszert lehetne kialak\u00edtani, amely n\u00e9gy-hat \u00e9ven bel\u00fcl m\u00e1r a kiad\u00e1sokn\u00e1l nagyobb bev\u00e9telt termelne &#8211; mondta keddi budapesti sajt\u00f3t\u00e1j\u00e9koztat\u00f3j\u00e1n Z. K\u00e1rp\u00e1t D\u00e1niel, a p\u00e1rt aleln\u00f6ke.<\/p>\n","protected":false},"author":1,"featured_media":0,"comment_status":"closed","ping_status":"open","sticky":false,"template":"","format":"standard","meta":[],"categories":[4,18],"tags":[],"_links":{"self":[{"href":"https:\/\/gazdasagportal.hu\/index.php\/wp-json\/wp\/v2\/posts\/109203"}],"collection":[{"href":"https:\/\/gazdasagportal.hu\/index.php\/wp-json\/wp\/v2\/posts"}],"about":[{"href":"https:\/\/gazdasagportal.hu\/index.php\/wp-json\/wp\/v2\/types\/post"}],"author":[{"embeddable":true,"href":"https:\/\/gazdasagportal.hu\/index.php\/wp-json\/wp\/v2\/users\/1"}],"replies":[{"embeddable":true,"href":"https:\/\/gazdasagportal.hu\/index.php\/wp-json\/wp\/v2\/comments?post=109203"}],"version-history":[{"count":1,"href":"https:\/\/gazdasagportal.hu\/index.php\/wp-json\/wp\/v2\/posts\/109203\/revisions"}],"predecessor-version":[{"id":109204,"href":"https:\/\/gazdasagportal.hu\/index.php\/wp-json\/wp\/v2\/posts\/109203\/revisions\/109204"}],"wp:attachment":[{"href":"https:\/\/gazdasagportal.hu\/index.php\/wp-json\/wp\/v2\/media?parent=109203"}],"wp:term":[{"taxonomy":"category","embeddable":true,"href":"https:\/\/gazdasagportal.hu\/index.php\/wp-json\/wp\/v2\/categories?post=109203"},{"taxonomy":"post_tag","embeddable":true,"href":"https:\/\/gazdasagportal.hu\/index.php\/wp-json\/wp\/v2\/tags?post=109203"}],"curies":[{"name":"wp","href":"https:\/\/api.w.org\/{rel}","templated":true}]}}