{"id":109152,"date":"2018-09-24T12:05:11","date_gmt":"2018-09-24T10:05:11","guid":{"rendered":"http:\/\/gazdasagportal.hu\/?p=109152"},"modified":"2018-09-24T12:05:11","modified_gmt":"2018-09-24T10:05:11","slug":"illegalis-bevandorlas-fegyveres-migransokat-fogtak-el-szarajevoban","status":"publish","type":"post","link":"https:\/\/gazdasagportal.hu\/index.php\/illegalis-bevandorlas-fegyveres-migransokat-fogtak-el-szarajevoban\/","title":{"rendered":"Illeg\u00e1lis bev\u00e1ndorl\u00e1s &#8211; Fegyveres migr\u00e1nsokat fogtak el Szarajev\u00f3ban"},"content":{"rendered":"<p><strong>A szarajev\u00f3i rend\u0151rs\u00e9g elfogott k\u00e9t migr\u00e1nst, akin\u00e9l nagyobb mennyis\u00e9g\u0171 fegyvert tal\u00e1ltak &#8211; k\u00f6z\u00f6lte a helyi sajt\u00f3 h\u00e9tf\u0151n.<\/strong><!--more--><\/p>\n<div class=\"ads-in-post1\"><div id=\"gazdasagportal.hu_fullbanner_wideboard\"><\/div>\r\n<\/div>\n<p>    A sz\u00edriai \u00e9s alg\u00e9riai illeg\u00e1lis bev\u00e1ndorl\u00f3t vas\u00e1rnap este fogt\u00e1k el a boszniai f\u0151v\u00e1rosban rendezett razzia sor\u00e1n.<br \/>\n    A rend\u0151rs\u00e9g k\u00f6zlem\u00e9nye szerint a k\u00e9t migr\u00e1ns meg akart sz\u00f6kni, amikor \u00e1tvizsg\u00e1lt\u00e1k a lak\u00e1st, amelyben \u00e9ltek, de a rend\u0151rs\u00e9g elfogta \u0151ket. A lak\u00e1sban egy pusk\u00e1t, n\u00e9gy pisztolyt, hangtomp\u00edt\u00f3t \u00e9s t\u00f6bb sz\u00e1z l\u00f6ved\u00e9ket tal\u00e1ltak. A helyi sajt\u00f3 szerint a migr\u00e1nsok t\u00f6bb l\u0151szert is el\u00e1stak, de a rend\u0151rs\u00e9g ezeket is megtal\u00e1lta.(MTI)<br \/>\n<div class=\"ads-in-post2\"><script async src=\"https:\/\/pagead2.googlesyndication.com\/pagead\/js\/adsbygoogle.js\"><\/script>\r\n<ins class=\"adsbygoogle\"\r\n     style=\"display:block\"\r\n     data-ad-format=\"fluid\"\r\n     data-ad-layout-key=\"-6t+ed+2i-1n-4w\"\r\n     data-ad-client=\"ca-pub-1959107119989764\"\r\n     data-ad-slot=\"4008251320\"><\/ins>\r\n<script>\r\n     (adsbygoogle = window.adsbygoogle || []).push({});\r\n<\/script><\/div>\n","protected":false},"excerpt":{"rendered":"<p>A szarajev\u00f3i rend\u0151rs\u00e9g elfogott k\u00e9t migr\u00e1nst, akin\u00e9l nagyobb mennyis\u00e9g\u0171 fegyvert tal\u00e1ltak &#8211; k\u00f6z\u00f6lte a helyi sajt\u00f3 h\u00e9tf\u0151n.<\/p>\n","protected":false},"author":1,"featured_media":0,"comment_status":"closed","ping_status":"open","sticky":false,"template":"","format":"standard","meta":[],"categories":[12,5],"tags":[],"_links":{"self":[{"href":"https:\/\/gazdasagportal.hu\/index.php\/wp-json\/wp\/v2\/posts\/109152"}],"collection":[{"href":"https:\/\/gazdasagportal.hu\/index.php\/wp-json\/wp\/v2\/posts"}],"about":[{"href":"https:\/\/gazdasagportal.hu\/index.php\/wp-json\/wp\/v2\/types\/post"}],"author":[{"embeddable":true,"href":"https:\/\/gazdasagportal.hu\/index.php\/wp-json\/wp\/v2\/users\/1"}],"replies":[{"embeddable":true,"href":"https:\/\/gazdasagportal.hu\/index.php\/wp-json\/wp\/v2\/comments?post=109152"}],"version-history":[{"count":1,"href":"https:\/\/gazdasagportal.hu\/index.php\/wp-json\/wp\/v2\/posts\/109152\/revisions"}],"predecessor-version":[{"id":109153,"href":"https:\/\/gazdasagportal.hu\/index.php\/wp-json\/wp\/v2\/posts\/109152\/revisions\/109153"}],"wp:attachment":[{"href":"https:\/\/gazdasagportal.hu\/index.php\/wp-json\/wp\/v2\/media?parent=109152"}],"wp:term":[{"taxonomy":"category","embeddable":true,"href":"https:\/\/gazdasagportal.hu\/index.php\/wp-json\/wp\/v2\/categories?post=109152"},{"taxonomy":"post_tag","embeddable":true,"href":"https:\/\/gazdasagportal.hu\/index.php\/wp-json\/wp\/v2\/tags?post=109152"}],"curies":[{"name":"wp","href":"https:\/\/api.w.org\/{rel}","templated":true}]}}