{"id":109066,"date":"2018-09-21T10:17:18","date_gmt":"2018-09-21T08:17:18","guid":{"rendered":"http:\/\/gazdasagportal.hu\/?p=109066"},"modified":"2018-09-21T10:17:18","modified_gmt":"2018-09-21T08:17:18","slug":"home-office-a-magyarok-tobbsege-szivesen-dolgozna-otthonrol","status":"publish","type":"post","link":"https:\/\/gazdasagportal.hu\/index.php\/home-office-a-magyarok-tobbsege-szivesen-dolgozna-otthonrol\/","title":{"rendered":"Home office: a magyarok t\u00f6bbs\u00e9ge sz\u00edvesen dolgozna otthonr\u00f3l"},"content":{"rendered":"<p><strong><b>A magyar munkav\u00e1llal\u00f3knak jelenleg 5 sz\u00e1zal\u00e9ka dolgozik t\u00falnyom\u00f3r\u00e9szt otthonr\u00f3l, ugyanakkor 34 sz\u00e1zal\u00e9kuk pr\u00f3b\u00e1lta m\u00e1r valaha a home office-t, amelyhez kapcsol\u00f3d\u00f3 legfontosabb pozit\u00edvumk\u00e9nt az id\u0151sp\u00f3rol\u00e1st \u00e9s a kevesebb stresszt eml\u00edtett\u00e9k <\/b><\/strong><strong><b>\u2013<\/b><\/strong><strong><b> der\u00fcl ki a Fundamenta orsz\u00e1gos reprezentat\u00edv kutat\u00e1s\u00e1b\u00f3l. Az eredm\u00e9nyek alapj\u00e1n a t\u00f6bbs\u00e9g szeretne a jelenlegin\u00e9l t\u00f6bbsz\u00f6r t\u00e1vmunk\u00e1ban dolgozni, amelyhez a sz\u00fcks\u00e9ges lak\u00e1sfelt\u00e9telek k\u00f6z\u00fcl a k\u00fcl\u00f6n dolgoz\u00f3szob\u00e1t \u00e9s az elk\u00fcl\u00f6n\u00edtett dolgoz\u00f3sarkot eml\u00edtett\u00e9k kiemelten. A szak\u00e9rt\u0151 szerint annak, aki \u00f6n\u00e1ll\u00f3 dolgoz\u00f3sarok vagy dolgoz\u00f3szoba kialak\u00edt\u00e1s\u00e1ban gondolkodik, \u00e9rdemes el\u0151re tervezni, hogy \u00e1tgondolt, a csal\u00e1di \u00e9let harm\u00f3ni\u00e1j\u00e1t is meg\u0151rz\u0151 megold\u00e1s sz\u00fclethessen.<\/b><\/strong><!--more--><\/p>\n<div class=\"ads-in-post1\"><div id=\"gazdasagportal.hu_fullbanner_wideboard\"><\/div>\r\n<\/div>\n<p>A digitaliz\u00e1ci\u00f3 t\u00e9rh\u00f3d\u00edt\u00e1s\u00e1val egyre t\u00f6bb munkak\u00f6rben lehets\u00e9ges t\u00e1volr\u00f3l is, p\u00e9ld\u00e1ul otthonr\u00f3l elv\u00e9gezni a feladatokat. A k\u00f6znyelvben \u201ehome office\u201d-nak nevezett t\u00e1vmunka ugyanakkor m\u00e9g nem sz\u00e9les k\u00f6rben elterjedt Magyarorsz\u00e1gon, amire a munk\u00e1ltat\u00f3i gyakorlat mellett a lak\u00e1sk\u00f6r\u00fclm\u00e9nyeknek is lehet hat\u00e1sa. A Fundamenta orsz\u00e1gos reprezentat\u00edv kutat\u00e1s\u00e1ban azt vizsg\u00e1lta, hogy a magyar munkav\u00e1llal\u00f3k mik\u00e9nt viszonyulnak az otthoni munkav\u00e9gz\u00e9shez, valamint milyen lak\u00e1sfelt\u00e9teleket tartan\u00e1nak fontosnak a t\u00e1vmunk\u00e1hoz. Az eredm\u00e9nyekb\u0151l kider\u00fclt, hogy a jelenlegi lak\u00e1s\u00e1t a megk\u00e9rdezettek 69 sz\u00e1zal\u00e9ka r\u00e9szben vagy egy\u00e1ltal\u00e1n nem tartja alkalmasnak otthoni munkav\u00e9gz\u00e9sre. Ehhez kapcsol\u00f3d\u00f3an a Fundamenta szak\u00e9rt\u0151je arra h\u00edvja fel a figyelmet, hogy m\u00e1r kis r\u00e1ford\u00edt\u00e1ssal kialak\u00edthat\u00f3 egy olyan otthoni dolgoz\u00f3sarok vagy szoba, ami lehet\u0151s\u00e9get ad a mag\u00e1n\u00e9lett\u0151l val\u00f3 szepar\u00e1ci\u00f3ra, \u00edgy n\u00f6veli a hat\u00e9konys\u00e1got. \u00c9rdemes ugyanakkor j\u00f3 el\u0151re, ak\u00e1r \u00e1llamilag t\u00e1mogatott lak\u00e1stakar\u00e9kkal k\u00e9sz\u00fclni az \u00e1talak\u00edt\u00e1ssal vagy b\u0151v\u00edt\u00e9ssel j\u00e1r\u00f3 kiad\u00e1sokra, hiszen egy olyan home office, ami seg\u00edt meg\u0151rizni a csal\u00e1di \u00e9let harm\u00f3ni\u00e1j\u00e1t, \u00e1tgondolt megold\u00e1sokat ig\u00e9nyel.<\/p>\n<div class=\"ads-in-post2\"><script async src=\"https:\/\/pagead2.googlesyndication.com\/pagead\/js\/adsbygoogle.js\"><\/script>\r\n<ins class=\"adsbygoogle\"\r\n     style=\"display:block\"\r\n     data-ad-format=\"fluid\"\r\n     data-ad-layout-key=\"-6t+ed+2i-1n-4w\"\r\n     data-ad-client=\"ca-pub-1959107119989764\"\r\n     data-ad-slot=\"4008251320\"><\/ins>\r\n<script>\r\n     (adsbygoogle = window.adsbygoogle || []).push({});\r\n<\/script><\/div>\n<strong><b>A t\u00f6bbs\u00e9g t\u00f6bbet szeretne otthonr\u00f3l dolgozni<\/b><\/strong><\/p>\n<p>A magyar munkav\u00e1llal\u00f3knak jelenleg 5 sz\u00e1zal\u00e9ka dolgozik t\u00falnyom\u00f3r\u00e9szt otthonr\u00f3l. Mellett\u00fck sokan vannak olyanok, akik szint\u00e9n dolgoznak t\u00e1vmunk\u00e1ban, de nem ez a legjellemz\u0151bb: \u0151k gyakran (6%) vagy alkalmank\u00e9nt (19%) v\u00e9gzik \u00edgy a munk\u00e1jukat. \u00d6sszess\u00e9g\u00e9ben a munkav\u00e1llal\u00f3k h\u00e1romtizede szokott legal\u00e1bb alkalmank\u00e9nt t\u00e1vmunk\u00e1ban dolgozni, ami k\u00fcl\u00f6n\u00f6sen az irodai munk\u00e1t v\u00e9gz\u0151kn\u00e9l \u00e9s a diplom\u00e1sokn\u00e1l jellemz\u0151. A munkav\u00e1llal\u00f3k 65 sz\u00e1zal\u00e9ka jelezte, hogy sem jelenleg, sem kor\u00e1bban nem dolgozott m\u00e9g otthonr\u00f3l. Mik\u00f6zben keveseknek van r\u00e1 lehet\u0151s\u00e9ge, a t\u00f6bbs\u00e9g egy\u00e9rtelm\u0171en a t\u00e1vmunka mellett \u00e1ll: azok k\u00f6z\u00fcl, akik jellemz\u0151en nem \u00edgy dolgoznak, 55 sz\u00e1zal\u00e9k jelezte, hogy szeretne otthonr\u00f3l dolgozni.<\/p><div id=\"gazda-2467291395\" class=\"gazda-tartalomban gazda-entity-placement\"><script async src=\"https:\/\/pagead2.googlesyndication.com\/pagead\/js\/adsbygoogle.js\"><\/script>\r\n<ins class=\"adsbygoogle\"\r\n     style=\"display:block\"\r\n     data-ad-format=\"fluid\"\r\n     data-ad-layout-key=\"-6t+ed+2i-1n-4w\"\r\n     data-ad-client=\"ca-pub-1959107119989764\"\r\n     data-ad-slot=\"4008251320\"><\/ins>\r\n<script>\r\n     (adsbygoogle = window.adsbygoogle || []).push({});\r\n<\/script><\/div>\n<p><a href=\"https:\/\/gazdasagportal.hu\/wp-content\/uploads\/2018\/09\/20180921a.jpg\"><img decoding=\"async\" loading=\"lazy\" class=\"aligncenter size-full wp-image-109067\" src=\"https:\/\/gazdasagportal.hu\/wp-content\/uploads\/2018\/09\/20180921a.jpg\" alt=\"\" width=\"1031\" height=\"624\" srcset=\"https:\/\/gazdasagportal.hu\/wp-content\/uploads\/2018\/09\/20180921a.jpg 1031w, https:\/\/gazdasagportal.hu\/wp-content\/uploads\/2018\/09\/20180921a-300x182.jpg 300w, https:\/\/gazdasagportal.hu\/wp-content\/uploads\/2018\/09\/20180921a-768x465.jpg 768w, https:\/\/gazdasagportal.hu\/wp-content\/uploads\/2018\/09\/20180921a-1024x620.jpg 1024w\" sizes=\"(max-width: 1031px) 100vw, 1031px\" \/><\/a><\/p>\n<p><strong><b>Id\u0151sp\u00f3rol\u00e1s, kevesebb stressz, kisz\u00e1m\u00edthat\u00f3 id\u0151beoszt\u00e1s<\/b><\/strong><\/p>\n<p>Az el\u0151ny\u00f6k k\u00f6z\u00fcl legt\u00f6bben azzal \u00e9rtettek egyet, hogy otthon dolgozva az ember id\u0151t sp\u00f3rol meg (66%), valamint az ilyen munkav\u00e9gz\u00e9s kev\u00e9sb\u00e9 stresszes (63%), \u00e9s kisz\u00e1m\u00edthat\u00f3bb az id\u0151beoszt\u00e1s (58%). Azok, akik otthonr\u00f3l dolgoznak, mindegyik el\u0151nyt nagyobb ar\u00e1nyban \u00e9rz\u00e9kelik, k\u00fcl\u00f6n\u00f6sen a t\u00e1vmunka hat\u00e9konys\u00e1g\u00e1t l\u00e1tj\u00e1k pozit\u00edvabban azokn\u00e1l, akik nem \u00edgy v\u00e9gzik a feladataikat. A t\u00f6bbs\u00e9g azzal is egyet\u00e9rt, hogy otthon dolgozva az ember p\u00e9nzt sp\u00f3rol meg (56%), ugyanakkor arra, hogy a home office j\u00f3t\u00e9kony hat\u00e1ssal lenne a csal\u00e1di \u00e9letre, m\u00e1r kevesebben mondanak igent (49%).<\/p>\n<p><strong><b>Dolgoz\u00f3szoba vagy dolgoz\u00f3sarok kell az otthoni munk\u00e1hoz<\/b><\/strong><\/p>\n<p>A jelenlegi lak\u00e1sfelt\u00e9teleit a t\u00f6bbs\u00e9g nem l\u00e1tja ide\u00e1lisnak t\u00e1vmunk\u00e1hoz: 37 sz\u00e1zal\u00e9k szerint a lak\u00e1sa nem, vagy ink\u00e1bb nem alkalmas munkav\u00e9gz\u00e9sre. Ink\u00e1bb alkalmasnak vagy teljesen alkalmasnak a megk\u00e9rdezettek 31 sz\u00e1zal\u00e9ka l\u00e1tja otthon\u00e1t. B\u00e1r a t\u00f6bbs\u00e9g szerint (58%) az otthoni munkav\u00e9gz\u00e9shez k\u00fcl\u00f6n dolgoz\u00f3szoba lenne sz\u00fcks\u00e9ges, azok, akik dolgoznak otthonr\u00f3l, nagyobb ar\u00e1nyban \u00e9rik be egy dolgoz\u00f3sarokkal, mint akik val\u00f3j\u00e1ban nem is v\u00e9geznek otthonr\u00f3l munk\u00e1t (39% vs. 26%). Legink\u00e1bb azok el\u00e9gednek meg egy dolgoz\u00f3sarokkal is, akik kev\u00e9s telefon\u00e1l\u00e1ssal j\u00e1r\u00f3 munk\u00e1t v\u00e9geznek (38%).<\/p>\n","protected":false},"excerpt":{"rendered":"<p>A magyar munkav\u00e1llal\u00f3knak jelenleg 5 sz\u00e1zal\u00e9ka dolgozik t\u00falnyom\u00f3r\u00e9szt otthonr\u00f3l, ugyanakkor 34 sz\u00e1zal\u00e9kuk pr\u00f3b\u00e1lta m\u00e1r valaha a home office-t, amelyhez kapcsol\u00f3d\u00f3 legfontosabb pozit\u00edvumk\u00e9nt az id\u0151sp\u00f3rol\u00e1st \u00e9s a kevesebb stresszt eml\u00edtett\u00e9k \u2013 der\u00fcl ki a Fundamenta orsz\u00e1gos reprezentat\u00edv kutat\u00e1s\u00e1b\u00f3l. Az eredm\u00e9nyek alapj\u00e1n a t\u00f6bbs\u00e9g szeretne a jelenlegin\u00e9l t\u00f6bbsz\u00f6r t\u00e1vmunk\u00e1ban dolgozni, amelyhez a sz\u00fcks\u00e9ges lak\u00e1sfelt\u00e9telek k\u00f6z\u00fcl a k\u00fcl\u00f6n &#8230;<\/p>\n","protected":false},"author":1,"featured_media":109067,"comment_status":"closed","ping_status":"open","sticky":false,"template":"","format":"standard","meta":[],"categories":[146,4,19],"tags":[],"_links":{"self":[{"href":"https:\/\/gazdasagportal.hu\/index.php\/wp-json\/wp\/v2\/posts\/109066"}],"collection":[{"href":"https:\/\/gazdasagportal.hu\/index.php\/wp-json\/wp\/v2\/posts"}],"about":[{"href":"https:\/\/gazdasagportal.hu\/index.php\/wp-json\/wp\/v2\/types\/post"}],"author":[{"embeddable":true,"href":"https:\/\/gazdasagportal.hu\/index.php\/wp-json\/wp\/v2\/users\/1"}],"replies":[{"embeddable":true,"href":"https:\/\/gazdasagportal.hu\/index.php\/wp-json\/wp\/v2\/comments?post=109066"}],"version-history":[{"count":1,"href":"https:\/\/gazdasagportal.hu\/index.php\/wp-json\/wp\/v2\/posts\/109066\/revisions"}],"predecessor-version":[{"id":109068,"href":"https:\/\/gazdasagportal.hu\/index.php\/wp-json\/wp\/v2\/posts\/109066\/revisions\/109068"}],"wp:featuredmedia":[{"embeddable":true,"href":"https:\/\/gazdasagportal.hu\/index.php\/wp-json\/wp\/v2\/media\/109067"}],"wp:attachment":[{"href":"https:\/\/gazdasagportal.hu\/index.php\/wp-json\/wp\/v2\/media?parent=109066"}],"wp:term":[{"taxonomy":"category","embeddable":true,"href":"https:\/\/gazdasagportal.hu\/index.php\/wp-json\/wp\/v2\/categories?post=109066"},{"taxonomy":"post_tag","embeddable":true,"href":"https:\/\/gazdasagportal.hu\/index.php\/wp-json\/wp\/v2\/tags?post=109066"}],"curies":[{"name":"wp","href":"https:\/\/api.w.org\/{rel}","templated":true}]}}