{"id":108935,"date":"2018-09-17T15:11:12","date_gmt":"2018-09-17T13:11:12","guid":{"rendered":"http:\/\/gazdasagportal.hu\/?p=108935"},"modified":"2018-09-17T15:11:12","modified_gmt":"2018-09-17T13:11:12","slug":"megfizethetonek-es-biztonsagosnak-tartjak-a-kulfoldi-turistak-magyarorszagot","status":"publish","type":"post","link":"https:\/\/gazdasagportal.hu\/index.php\/megfizethetonek-es-biztonsagosnak-tartjak-a-kulfoldi-turistak-magyarorszagot\/","title":{"rendered":"Megfizethet\u0151nek \u00e9s biztons\u00e1gosnak tartj\u00e1k a k\u00fclf\u00f6ldi turist\u00e1k Magyarorsz\u00e1got"},"content":{"rendered":"<p><strong>Magyarorsz\u00e1g l\u00e1tnival\u00f3i mellett term\u00e1lf\u00fcrd\u0151inek k\u00f6sz\u00f6nhet\u0151en is n\u00e9pszer\u0171 \u00fati c\u00e9l, \u00e9s kiv\u00e1laszt\u00e1s\u00e1ban fontos, hogy megfizethet\u0151, valamint biztons\u00e1gos desztin\u00e1ci\u00f3 is \u2013 der\u00fcl ki a h\u00e9v\u00edzi NaturMed Hotel Carbona hazai \u00e9s k\u00fclf\u00f6ldi utaz\u00e1si irod\u00e1k k\u00f6r\u00e9ben v\u00e9gzett kutat\u00e1s\u00e1b\u00f3l. A gy\u00f3gysz\u00e1llodai \u00fcd\u00fcl\u00e9sekkel kiemelten foglalkoz\u00f3 utaztat\u00f3k szerint a vend\u00e9gek sz\u00e1m\u00e1ra az orsz\u00e1g soksz\u00edn\u0171 gasztron\u00f3mi\u00e1ja \u00e9s a bar\u00e1ts\u00e1gos vend\u00e9gl\u00e1t\u00e1s is fontos szempont.<\/strong><!--more--><\/p>\n<div class=\"ads-in-post1\"><div id=\"gazdasagportal.hu_fullbanner_wideboard\"><\/div>\r\n<\/div>\n<table>\n<tbody>\n<tr>\n<td colspan=\"2\" width=\"304\"><strong>Top 5 szempont Magyarorsz\u00e1g, mint \u00fati c\u00e9l v\u00e1laszt\u00e1sakor<\/strong><\/td>\n<\/tr>\n<tr>\n<td width=\"33\">1.<\/td>\n<td width=\"272\">term\u00e1lf\u00fcrd\u0151kben gazdag<\/td>\n<\/tr>\n<tr>\n<td width=\"33\">2.<\/td>\n<td width=\"272\">megfizethet\u0151<\/td>\n<\/tr>\n<tr>\n<td width=\"33\">3.<\/td>\n<td width=\"272\">biztons\u00e1gos<\/td>\n<\/tr>\n<tr>\n<td width=\"33\">4.<\/td>\n<td width=\"272\">bar\u00e1ts\u00e1gos<\/td>\n<\/tr>\n<tr>\n<td width=\"33\">5.<\/td>\n<td width=\"272\">min\u0151s\u00e9gi \u00e9s soksz\u00edn\u0171 gasztron\u00f3mia<\/td>\n<\/tr>\n<tr>\n<td colspan=\"2\" width=\"304\"><em>Forr\u00e1s: NaturMed Hotel Carbona<\/em><\/td>\n<\/tr>\n<\/tbody>\n<\/table>\n<p><a href=\"https:\/\/gazdasagportal.hu\/wp-content\/uploads\/2018\/09\/termalfurdo_heviz_1.jpg\"><img decoding=\"async\" loading=\"lazy\" class=\"alignleft size-medium wp-image-108936\" src=\"https:\/\/gazdasagportal.hu\/wp-content\/uploads\/2018\/09\/termalfurdo_heviz_1-300x185.jpg\" alt=\"\" width=\"300\" height=\"185\" srcset=\"https:\/\/gazdasagportal.hu\/wp-content\/uploads\/2018\/09\/termalfurdo_heviz_1-300x185.jpg 300w, https:\/\/gazdasagportal.hu\/wp-content\/uploads\/2018\/09\/termalfurdo_heviz_1-768x474.jpg 768w, https:\/\/gazdasagportal.hu\/wp-content\/uploads\/2018\/09\/termalfurdo_heviz_1.jpg 900w\" sizes=\"(max-width: 300px) 100vw, 300px\" \/><\/a>Nemcsak a k\u00fclf\u00f6ldi turist\u00e1k sz\u00e1ma, hanem k\u00f6lt\u00e9s\u00fck is \u00e9vr\u0151l \u00e9vre n\u00f6vekszik haz\u00e1nkban a KSH adatai szerint.<a href=\"#_ftn1\" name=\"_ftnref1\">[1]<\/a> A turizmus b\u0151v\u00fcl\u0151 teljes\u00edtm\u00e9nye kapcs\u00e1n az egyik legnagyobb h\u00e9v\u00edzi sz\u00e1lloda, a NaturMed Hotel Carbona arra volt k\u00edv\u00e1ncsi, hogy mely szempontok alapj\u00e1n v\u00e1lasztj\u00e1k a k\u00fclf\u00f6ldi vend\u00e9gek Magyarorsz\u00e1got. A kutat\u00e1st a vend\u00e9gek motiv\u00e1ci\u00f3it j\u00f3l ismer\u0151, f\u0151k\u00e9nt term\u00e1lf\u00fcrd\u0151kbe t\u00f6rt\u00e9n\u0151 utaztat\u00e1sokat v\u00e9gz\u0151 hazai \u00e9s k\u00fclf\u00f6ldi utaz\u00e1si irod\u00e1k k\u00f6r\u00e9ben v\u00e9gezt\u00e9k.<a href=\"#_ftn2\" name=\"_ftnref2\">[2]<\/a> A felm\u00e9r\u00e9s eredm\u00e9nyei alapj\u00e1n a term\u00e1lf\u00fcrd\u0151k mellett a t\u00f6bbi eur\u00f3pai \u00fati c\u00e9l k\u00f6z\u00fcl Magyarorsz\u00e1g kiemelkedik megfizethet\u0151s\u00e9g\u00e9vel, valamint azzal, hogy biztons\u00e1gos c\u00e9l\u00e1llom\u00e1s. A megk\u00e9rdezettek \u00fagy v\u00e9lik, hogy az eg\u00e9szs\u00e9g\u00fcgyi szolg\u00e1ltat\u00e1sok, az eg\u00e9szs\u00e9g- \u00e9s gy\u00f3gyturizmus, valamint a gasztron\u00f3mia ter\u00e9n is kit\u0171nik haz\u00e1nk. Az orsz\u00e1gba l\u00e1togat\u00f3k egy r\u00e9sze n\u00e9h\u00e1ny napra, de vannak, akik egy h\u00e9tn\u00e9l is t\u00f6bb id\u0151re \u00e9rkeznek, a term\u00e1lf\u00fcrd\u0151k \u00e9letkort tekintve els\u0151sorban a k\u00f6z\u00e9pkor\u00faak \u00e9s az id\u0151sebbek sz\u00e1m\u00e1ra vonz\u00f3ak.<\/p>\n<div class=\"ads-in-post2\"><script async src=\"https:\/\/pagead2.googlesyndication.com\/pagead\/js\/adsbygoogle.js\"><\/script>\r\n<ins class=\"adsbygoogle\"\r\n     style=\"display:block\"\r\n     data-ad-format=\"fluid\"\r\n     data-ad-layout-key=\"-6t+ed+2i-1n-4w\"\r\n     data-ad-client=\"ca-pub-1959107119989764\"\r\n     data-ad-slot=\"4008251320\"><\/ins>\r\n<script>\r\n     (adsbygoogle = window.adsbygoogle || []).push({});\r\n<\/script><\/div>\n<strong>F\u0151k\u00e9nt reum\u00e1s panaszokkal keresik a k\u00fclf\u00f6ldiek a hazai gy\u00f3gyf\u00fcrd\u0151ket<\/strong><\/p>\n<p>A kutat\u00e1s r\u00e1mutat arra is, hogy a magyarorsz\u00e1gi gy\u00f3gyf\u00fcrd\u0151ket milyen jelleg\u0171 panaszokkal keresik fel a legt\u00f6bben. A vend\u00e9gek t\u00falnyom\u00f3r\u00e9szt reum\u00e1val, gyullad\u00e1sos \u00edz\u00fcleti \u00e9s gerincbetegs\u00e9gekkel, \u00edz\u00fcleti m\u0171t\u00e9tek el\u0151- \u00e9s ut\u00f3kezel\u00e9se, illetve porckorongm\u0171t\u00e9t miatt l\u00e1togatj\u00e1k gy\u00f3gyvizeinket. Sokan vannak olyanok is, akik konkr\u00e9t panasz n\u00e9lk\u00fcl, \u00e1ltal\u00e1nos kezel\u00e9s, eg\u00e9szs\u00e9gmeg\u0151rz\u00e9s c\u00e9lj\u00e1b\u00f3l l\u00e1togatj\u00e1k meg valamelyik f\u00fcrd\u0151v\u00e1rosunkat.<\/p><div id=\"gazda-3426118227\" class=\"gazda-tartalomban gazda-entity-placement\"><script async src=\"https:\/\/pagead2.googlesyndication.com\/pagead\/js\/adsbygoogle.js\"><\/script>\r\n<ins class=\"adsbygoogle\"\r\n     style=\"display:block\"\r\n     data-ad-format=\"fluid\"\r\n     data-ad-layout-key=\"-6t+ed+2i-1n-4w\"\r\n     data-ad-client=\"ca-pub-1959107119989764\"\r\n     data-ad-slot=\"4008251320\"><\/ins>\r\n<script>\r\n     (adsbygoogle = window.adsbygoogle || []).push({});\r\n<\/script><\/div>\n<p><strong>H\u00e9v\u00edz term\u00e9szeti adotts\u00e1gaival gy\u0151zi meg a turist\u00e1kat<\/strong><\/p>\n<p>A legt\u00f6bb hazai f\u00fcrd\u0151v\u00e1rost term\u00e9szetesen a term\u00e1lvize kapcs\u00e1n v\u00e1lasztj\u00e1k a turist\u00e1k, de emellett sz\u00e1mos m\u00e1s vonzereje is van ezeknek az \u00fati c\u00e9loknak. H\u00e9v\u00edz eset\u00e9ben a term\u00e9szeti adotts\u00e1gok, a v\u00e1ros hangulatos lank\u00e1s utc\u00e1i mellett a kedvez\u0151 \u00e1rak \u00e9s a vend\u00e9gl\u00e1t\u00e1s min\u0151s\u00e9ge is vonzz\u00e1k a l\u00e1togat\u00f3kat. A megfizethet\u0151s\u00e9g Zalakaros \u00e9s S\u00e1rv\u00e1r eset\u00e9ben is fontos szempont a kiv\u00e1laszt\u00e1skor, m\u00edg Budapest \u00e9s S\u00e1rv\u00e1r eset\u00e9ben a lok\u00e1ci\u00f3 is m\u00e9rvad\u00f3. El\u0151bbi val\u00f3sz\u00edn\u0171leg a k\u00f6zleked\u00e9s, a k\u00f6nnyebb odautaz\u00e1s miatt, m\u00edg S\u00e1rv\u00e1r az osztr\u00e1k hat\u00e1rhoz val\u00f3 k\u00f6zels\u00e9g miatt. Budapest az\u00e9rt is k\u00f6zkedvelt, mert t\u00f6bb h\u00edres f\u00fcrd\u0151vel rendelkezik, valamint kultur\u00e1lis programokban is b\u0151velkedik.<\/p>\n<p>&nbsp;<\/p>\n<p><strong>NaturMed Hotel Carbona**** superior<\/strong><\/p>\n<p>A NaturMed Hotel Carbona H\u00e9v\u00edz nagy hagyom\u00e1nyokkal rendelkez\u0151, k\u00f6zkedvelt gy\u00f3gy- \u00e9s wellness sz\u00e1llod\u00e1ja. 260 szob\u00e1j\u00e1val, t\u00f6bb mint 1000 n\u00e9gyzetm\u00e9ter fel\u00fclet\u0171 f\u00fcrd\u0151komplexum\u00e1val, valamint 230 f\u0151s alkalmazotti l\u00e9tsz\u00e1m\u00e1val a dun\u00e1nt\u00fali \u00e9s a balatoni r\u00e9gi\u00f3 sz\u00e1llodaipar\u00e1nak egyik legjelent\u0151sebb szerepl\u0151je. A Hotel Carbona min\u0151s\u00e9gi szolg\u00e1ltat\u00e1sai\u00e9rt 2008-t\u00f3l folyamatosan elnyerte a Turizmus Min\u0151s\u00e9gi D\u00edjat, 2012-ben megkapta a European Health Spa Award-ot, 2013-ban pedig \u2013 sz\u00e1llod\u00e1k k\u00f6z\u00f6tt egyed\u00fclik\u00e9nt \u2013 m\u00e1sodszor is Magyar Term\u00e9k Nagyd\u00edjjal ismert\u00e9k el. A Carbona elnyerte az MSZ\u00c9SZ \u00e9s a Magyar Turizmus Zrt. \u201e\u00c9v Sz\u00e1llod\u00e1ja\u201d d\u00edj\u00e1t n\u00e9gy csillag superior kateg\u00f3ri\u00e1ban a 2013-as eredm\u00e9nyei alapj\u00e1n, 2014-ben pedig a MagyarBrands elismer\u00e9st. A Gault&amp;Millau Magyarorsz\u00e1g 2015-\u00f6s kalauza szerint a h\u00e9v\u00edzi NaturMed Carbona a legjobb n\u00e9gycsillagos wellness sz\u00e1lloda Magyarorsz\u00e1gon, a FIT Resien k\u00f6z\u00f6ns\u00e9gszavazatai alapj\u00e1n pedig 2014 legjobb Health &amp; Spa sz\u00e1llod\u00e1ja. A TripAdvisor k\u00f6z\u00f6ss\u00e9ge a hazai TOP 10 hotel k\u00f6z\u00e9 v\u00e1lasztotta a Carbon\u00e1t csal\u00e1di hotelek kateg\u00f3ri\u00e1ban, \u00e9s a sz\u00e1llod\u00e1nak \u00edt\u00e9lte a TripAdvisor Travellers\u2019 Choice 2015 d\u00edjat.<\/p>\n<p><a href=\"http:\/\/www.carbona.hu\" target=\"_blank\" rel=\"noopener\">www.carbona.hu<\/a> | <a href=\"http:\/\/www.facebook.com\/hotelcarbona\" target=\"_blank\" rel=\"noopener\">www.facebook.com\/hotelcarbona<\/a><\/p>\n<p><a href=\"#_ftnref1\" name=\"_ftn1\">[1]<\/a> http:\/\/www.ksh.hu\/apps\/shop.kiadvany?p_kiadvany_id=1037253&amp;p_temakor_kod=KSH&amp;p_lang=HU<\/p>\n<p><a href=\"#_ftnref2\" name=\"_ftn2\">[2]<\/a> Az adatelv\u00e9tel 2018. febru\u00e1r &#8211; m\u00e1rcius k\u00f6z\u00f6tt zajlott. A k\u00fclf\u00f6ldi vend\u00e9geik utaz\u00e1si preferenci\u00e1it \u00e9rint\u0151 k\u00e9rd\u00e9sekre \u00f6sszesen 28 eur\u00f3pai \u00e9s t\u00e1vol-keleti partneriroda munkat\u00e1rsai v\u00e1laszoltak.<\/p>\n","protected":false},"excerpt":{"rendered":"<p>Magyarorsz\u00e1g l\u00e1tnival\u00f3i mellett term\u00e1lf\u00fcrd\u0151inek k\u00f6sz\u00f6nhet\u0151en is n\u00e9pszer\u0171 \u00fati c\u00e9l, \u00e9s kiv\u00e1laszt\u00e1s\u00e1ban fontos, hogy megfizethet\u0151, valamint biztons\u00e1gos desztin\u00e1ci\u00f3 is \u2013 der\u00fcl ki a h\u00e9v\u00edzi NaturMed Hotel Carbona hazai \u00e9s k\u00fclf\u00f6ldi utaz\u00e1si irod\u00e1k k\u00f6r\u00e9ben v\u00e9gzett kutat\u00e1s\u00e1b\u00f3l. A gy\u00f3gysz\u00e1llodai \u00fcd\u00fcl\u00e9sekkel kiemelten foglalkoz\u00f3 utaztat\u00f3k szerint a vend\u00e9gek sz\u00e1m\u00e1ra az orsz\u00e1g soksz\u00edn\u0171 gasztron\u00f3mi\u00e1ja \u00e9s a bar\u00e1ts\u00e1gos vend\u00e9gl\u00e1t\u00e1s is fontos szempont.<\/p>\n","protected":false},"author":1,"featured_media":108936,"comment_status":"closed","ping_status":"open","sticky":false,"template":"","format":"standard","meta":[],"categories":[146,4,19],"tags":[],"_links":{"self":[{"href":"https:\/\/gazdasagportal.hu\/index.php\/wp-json\/wp\/v2\/posts\/108935"}],"collection":[{"href":"https:\/\/gazdasagportal.hu\/index.php\/wp-json\/wp\/v2\/posts"}],"about":[{"href":"https:\/\/gazdasagportal.hu\/index.php\/wp-json\/wp\/v2\/types\/post"}],"author":[{"embeddable":true,"href":"https:\/\/gazdasagportal.hu\/index.php\/wp-json\/wp\/v2\/users\/1"}],"replies":[{"embeddable":true,"href":"https:\/\/gazdasagportal.hu\/index.php\/wp-json\/wp\/v2\/comments?post=108935"}],"version-history":[{"count":1,"href":"https:\/\/gazdasagportal.hu\/index.php\/wp-json\/wp\/v2\/posts\/108935\/revisions"}],"predecessor-version":[{"id":108937,"href":"https:\/\/gazdasagportal.hu\/index.php\/wp-json\/wp\/v2\/posts\/108935\/revisions\/108937"}],"wp:featuredmedia":[{"embeddable":true,"href":"https:\/\/gazdasagportal.hu\/index.php\/wp-json\/wp\/v2\/media\/108936"}],"wp:attachment":[{"href":"https:\/\/gazdasagportal.hu\/index.php\/wp-json\/wp\/v2\/media?parent=108935"}],"wp:term":[{"taxonomy":"category","embeddable":true,"href":"https:\/\/gazdasagportal.hu\/index.php\/wp-json\/wp\/v2\/categories?post=108935"},{"taxonomy":"post_tag","embeddable":true,"href":"https:\/\/gazdasagportal.hu\/index.php\/wp-json\/wp\/v2\/tags?post=108935"}],"curies":[{"name":"wp","href":"https:\/\/api.w.org\/{rel}","templated":true}]}}