{"id":108933,"date":"2018-09-17T14:38:42","date_gmt":"2018-09-17T12:38:42","guid":{"rendered":"http:\/\/gazdasagportal.hu\/?p=108933"},"modified":"2018-09-17T14:38:42","modified_gmt":"2018-09-17T12:38:42","slug":"illegalis-bevandorlas-a-nemetek-tobbsege-tovabbra-is-hajlando-menekultek-befogadasara","status":"publish","type":"post","link":"https:\/\/gazdasagportal.hu\/index.php\/illegalis-bevandorlas-a-nemetek-tobbsege-tovabbra-is-hajlando-menekultek-befogadasara\/","title":{"rendered":"Illeg\u00e1lis bev\u00e1ndorl\u00e1s &#8211; A n\u00e9metek t\u00f6bbs\u00e9ge tov\u00e1bbra is hajland\u00f3 menek\u00fcltek befogad\u00e1s\u00e1ra"},"content":{"rendered":"<p><strong>A n\u00e9metek t\u00f6bbs\u00e9ge tov\u00e1bbra is hajland\u00f3 menek\u00fcltek befogad\u00e1s\u00e1ra \u00e9s \u00fagy v\u00e9li, hogy a menek\u00fcltek gazdas\u00e1gilag \u00e9s kutur\u00e1lisan is kedvez\u0151 hat\u00e1ssal vannak haz\u00e1jukra, azonban a t\u00f6bbs\u00e9g a befogad\u00e1s korl\u00e1toz\u00e1s\u00e1t is fontosnak tartja &#8211; mutatta ki egy h\u00e9tf\u0151n ismertetett felm\u00e9r\u00e9s. <\/strong><!--more--><\/p>\n<div class=\"ads-in-post1\"><div id=\"gazdasagportal.hu_fullbanner_wideboard\"><\/div>\r\n<\/div>\n<p>    Az integr\u00e1ci\u00f3s \u00e9s migr\u00e1ci\u00f3s folyamatok tanulm\u00e1nyoz\u00e1s\u00e1ra k\u00f6zhaszn\u00fa alap\u00edtv\u00e1nyok \u00e1ltal l\u00e9trehozott f\u00fcggetlen tudom\u00e1nyos tan\u00e1csad\u00f3 test\u00fclet (Sachverst\u00e4ndigenrat deutscher Stiftungen f\u00fcr Integration und Migration &#8211; SVR) Integr\u00e1ci\u00f3s barom\u00e9ter 2018 (Integrationsbarometer 2018) c\u00edm\u0171 kutat\u00e1s\u00e1nak f\u0151 meg\u00e1llap\u00edt\u00e1sa szerint az integr\u00e1ci\u00f3s &#8211; t\u00e1rsadalmi beilleszked\u00e9si, befogad\u00e1si &#8211; l\u00e9gk\u00f6r tov\u00e1bbra is stabil N\u00e9metorsz\u00e1gban.<br \/>\n    A nem migr\u00e1nsok \u00e9s migr\u00e1nsok egy\u00fctt\u00e9l\u00e9s\u00e9nek napi tapasztalatai sokkal jobbak, mint a politikai vit\u00e1kb\u00f3l kibontakoz\u00f3 k\u00e9p. Ez f\u0151leg azokra a vid\u00e9kekre \u00e9rv\u00e9nyes, amelyeken a &#8222;kultur\u00e1lis soksz\u00edn\u0171s\u00e9g&#8221; a mindennapok r\u00e9sze &#8211; \u00e1ll a felm\u00e9r\u00e9s eredm\u00e9nyeit \u00f6sszefoglal\u00f3 k\u00f6zlem\u00e9nyben, amely szerint a az orsz\u00e1g keleti r\u00e9sz\u00e9n, a volt NDK ter\u00fclet\u00e9n kev\u00e9sb\u00e9 j\u00f3nak \u00edt\u00e9lik az egy\u00fctt\u00e9l\u00e9st, mint Nyugaton, ami mindenekel\u0151tt annak tulajdon\u00edthat\u00f3, hogy az \u00fagynevezett migr\u00e1ci\u00f3s h\u00e1tter\u0171 &#8211; bev\u00e1ndorl\u00f3 vagy bev\u00e1ndorl\u00f3 csal\u00e1db\u00f3l sz\u00e1rmaz\u00f3 &#8211; emberek alacsonyabb ar\u00e1nya miatt kevesebb a kapcsolat a sz\u00fcletett n\u00e9metek \u00e9s a bev\u00e1ndorl\u00f3k k\u00f6z\u00f6tt.<br \/>\n<div class=\"ads-in-post2\"><script async src=\"https:\/\/pagead2.googlesyndication.com\/pagead\/js\/adsbygoogle.js\"><\/script>\r\n<ins class=\"adsbygoogle\"\r\n     style=\"display:block\"\r\n     data-ad-format=\"fluid\"\r\n     data-ad-layout-key=\"-6t+ed+2i-1n-4w\"\r\n     data-ad-client=\"ca-pub-1959107119989764\"\r\n     data-ad-slot=\"4008251320\"><\/ins>\r\n<script>\r\n     (adsbygoogle = window.adsbygoogle || []).push({});\r\n<\/script><\/div>\n    Az el\u0151bbi csoportban &#8211; az \u00fagynevezett nem migr\u00e1ci\u00f3s h\u00e1tter\u0171, azaz n\u00e9metnek sz\u00fcletett emberek k\u00f6r\u00e9ben &#8211; az orsz\u00e1g eg\u00e9sz\u00e9t tekintve 60,4 sz\u00e1zal\u00e9k egyet\u00e9rt azzal az \u00e1ll\u00edt\u00e1ssal, hogy N\u00e9metorsz\u00e1gnak tov\u00e1bbra is be kell fogadnia menek\u00fclteket, m\u00e9g akkor is, ha az Eur\u00f3pai Uni\u00f3 \u00f6sszes t\u00f6bbi tagorsz\u00e1ga elz\u00e1rk\u00f3zik a befogad\u00e1st\u00f3l. Ugyanakkor szint\u00e9n t\u00f6bbs\u00e9gi, 57,7 sz\u00e1zal\u00e9kos a t\u00e1mogatotts\u00e1ga annak a k\u00f6vetel\u00e9snek, hogy be kell vezetni egy fels\u0151 hat\u00e1rt a befogad\u00e1sban.<br \/>\n    A felm\u00e9r\u00e9s azt is kimutatta, hogy a sz\u00fcletett n\u00e9metek 70,6 sz\u00e1zal\u00e9ka szerint a menek\u00fcltek hozz\u00e1j\u00e1rulnak haz\u00e1juk gazdas\u00e1gi fejl\u0151d\u00e9s\u00e9hez, m\u00edg 28,7 sz\u00e1zal\u00e9k szerint a menek\u00fcltek a jelenlegi l\u00e9tsz\u00e1mban vesz\u00e9lyt jelentenek N\u00e9metorsz\u00e1g j\u00f3l\u00e9t\u00e9re. A n\u00e9metorsz\u00e1gi lakoss\u00e1g valamennyi sz\u00e1rmaz\u00e1si csoportj\u00e1t egy\u00fcttv\u00e9ve szint\u00e9n t\u00f6bbs\u00e9gi v\u00e9lem\u00e9ny, hogy a menek\u00fcltek hosszabb t\u00e1von N\u00e9metorsz\u00e1g kultur\u00e1lis gazdags\u00e1g\u00e1t is n\u00f6velik.<br \/>\n    A migr\u00e1ci\u00f3 \u00e9s a b\u0171n\u00f6z\u00e9s \u00f6sszef\u00fcgg\u00e9s\u00e9nek heves politikai \u00e1ll\u00e1sfoglal\u00e1sokat ingerl\u0151 k\u00e9rd\u00e9s\u00e9t differenci\u00e1ltan \u00edt\u00e9li meg a n\u00e9met lakoss\u00e1g. A bev\u00e1ndorl\u00e1st \u00e9s a bev\u00e1ndorl\u00f3kat \u00e1ltal\u00e1ban v\u00e9ve, vagyis az ut\u00f3bbi \u00e9vtizedben \u00e9rkezett migr\u00e1nsokat egy r\u00e9tegk\u00e9nt kezelve valamennyi sz\u00e1rmaz\u00e1si csoportban kisebbs\u00e9gi, rendszerint 30 sz\u00e1zal\u00e9k alatti a t\u00e1mogatotts\u00e1ga annak a kijelent\u00e9snek, hogy a migr\u00e1ci\u00f3 miatt n\u00f6vekedik a b\u0171n\u00f6z\u00e9s.<br \/>\n    Az ut\u00f3bbi \u00e9vekben \u00e9rkezett menek\u00fcltekre vonatkoztatva viszont megosztotts\u00e1g mutatkozik. A nem migr\u00e1ci\u00f3s h\u00e1tter\u0171 lakoss\u00e1gban p\u00e9ld\u00e1ul 47,8 sz\u00e1zal\u00e9k egyet\u00e9rt azzal a kijelent\u00e9ssel, hogy a befogadott menek\u00fcltek n\u00f6velik a b\u0171n\u00f6z\u00e9st, 52,2 sz\u00e1zal\u00e9k pedig nem \u00e9rt egyet, m\u00edg az EU-s t\u00e1rs\u00e1llamokb\u00f3l \u00e9rkezett bev\u00e1ndorl\u00f3k k\u00f6r\u00e9ben pedig 55,3 sz\u00e1zal\u00e9k egyet\u00e9rt, 44,7 sz\u00e1zal\u00e9k nem \u00e9rt egyet ezzel az \u00e1ll\u00edt\u00e1ssal.<br \/>\n    Az Integr\u00e1ci\u00f3s barom\u00e9ter 2018 kutat\u00e1sban 9298 embert k\u00e9rdeztek meg 2017 j\u00faliusa \u00e9s a 2018 janu\u00e1rja k\u00f6z\u00f6tt. A telefonos interj\u00fakat n\u00e9met, angol, t\u00f6r\u00f6k, orosz, perzsa \u00e9s arab nyelven k\u00e9sz\u00edtett\u00e9k. Az adatok a lakoss\u00e1g 15 \u00e9ven feletti r\u00e9sz\u00e9re, a nem migr\u00e1ci\u00f3s \u00e9s a migr\u00e1ci\u00f3s h\u00e1tter\u0171 csoportok eg\u00e9sz\u00e9re n\u00e9zve reprezentat\u00edvak.<br \/>\n    Az SVR 2008-ban alakult meg, a t\u00f6bbi k\u00f6z\u00f6tt a Volkswagen, a Robert Bosch, a Bertelsmann \u00e9s a Vodafone n\u00e9metorsz\u00e1gi k\u00f6zhaszn\u00fa alap\u00edtv\u00e1ny\u00e1nak t\u00e1mogat\u00e1s\u00e1val k\u00e9sz\u00edt elemz\u00e9seket az integr\u00e1ci\u00f3 \u00e9s a migr\u00e1ci\u00f3 t\u00e9m\u00e1j\u00e1ban.(MTI)<\/p>\n","protected":false},"excerpt":{"rendered":"<p>A n\u00e9metek t\u00f6bbs\u00e9ge tov\u00e1bbra is hajland\u00f3 menek\u00fcltek befogad\u00e1s\u00e1ra \u00e9s \u00fagy v\u00e9li, hogy a menek\u00fcltek gazdas\u00e1gilag \u00e9s kutur\u00e1lisan is kedvez\u0151 hat\u00e1ssal vannak haz\u00e1jukra, azonban a t\u00f6bbs\u00e9g a befogad\u00e1s korl\u00e1toz\u00e1s\u00e1t is fontosnak tartja &#8211; mutatta ki egy h\u00e9tf\u0151n ismertetett felm\u00e9r\u00e9s.<\/p>\n","protected":false},"author":1,"featured_media":0,"comment_status":"closed","ping_status":"open","sticky":false,"template":"","format":"standard","meta":[],"categories":[4,12],"tags":[],"_links":{"self":[{"href":"https:\/\/gazdasagportal.hu\/index.php\/wp-json\/wp\/v2\/posts\/108933"}],"collection":[{"href":"https:\/\/gazdasagportal.hu\/index.php\/wp-json\/wp\/v2\/posts"}],"about":[{"href":"https:\/\/gazdasagportal.hu\/index.php\/wp-json\/wp\/v2\/types\/post"}],"author":[{"embeddable":true,"href":"https:\/\/gazdasagportal.hu\/index.php\/wp-json\/wp\/v2\/users\/1"}],"replies":[{"embeddable":true,"href":"https:\/\/gazdasagportal.hu\/index.php\/wp-json\/wp\/v2\/comments?post=108933"}],"version-history":[{"count":1,"href":"https:\/\/gazdasagportal.hu\/index.php\/wp-json\/wp\/v2\/posts\/108933\/revisions"}],"predecessor-version":[{"id":108934,"href":"https:\/\/gazdasagportal.hu\/index.php\/wp-json\/wp\/v2\/posts\/108933\/revisions\/108934"}],"wp:attachment":[{"href":"https:\/\/gazdasagportal.hu\/index.php\/wp-json\/wp\/v2\/media?parent=108933"}],"wp:term":[{"taxonomy":"category","embeddable":true,"href":"https:\/\/gazdasagportal.hu\/index.php\/wp-json\/wp\/v2\/categories?post=108933"},{"taxonomy":"post_tag","embeddable":true,"href":"https:\/\/gazdasagportal.hu\/index.php\/wp-json\/wp\/v2\/tags?post=108933"}],"curies":[{"name":"wp","href":"https:\/\/api.w.org\/{rel}","templated":true}]}}