{"id":108929,"date":"2018-09-17T12:54:18","date_gmt":"2018-09-17T10:54:18","guid":{"rendered":"http:\/\/gazdasagportal.hu\/?p=108929"},"modified":"2018-09-17T12:54:18","modified_gmt":"2018-09-17T10:54:18","slug":"papcsak-ferencet-javasolja-az-mnb-felugyelobizottsaganak-elere-a-gazdasagi-bizottsag","status":"publish","type":"post","link":"https:\/\/gazdasagportal.hu\/index.php\/papcsak-ferencet-javasolja-az-mnb-felugyelobizottsaganak-elere-a-gazdasagi-bizottsag\/","title":{"rendered":"Papcs\u00e1k Ferencet javasolja az MNB Fel\u00fcgyel\u0151bizotts\u00e1g\u00e1nak \u00e9l\u00e9re a gazdas\u00e1gi bizotts\u00e1g"},"content":{"rendered":"<p><strong>Az elm\u00falt h\u00e1rom \u00e9s f\u00e9l \u00e9vben a Magyar Nemzeti Bankr\u00f3l sz\u00f3l\u00f3 t\u00f6rv\u00e9ny szellem\u00e9ben j\u00e1rt el a jegybank fel\u00fcgyel\u0151bizotts\u00e1ga &#8211; mondta Papcs\u00e1k Ferenc, a Fidesz-KDNP frakci\u00f3 \u00e1ltal a Magyar Nemzeti Bank (MNB) Fel\u00fcgyel\u0151bizotts\u00e1g\u00e1nak \u00e9l\u00e9re \u00fajb\u00f3l jel\u00f6lt eln\u00f6k az Orsz\u00e1ggy\u0171l\u00e9s gazdas\u00e1gi bizotts\u00e1g\u00e1nak \u00fcl\u00e9s\u00e9n h\u00e9tf\u0151n, ahol a k\u00e9pvisel\u0151k t\u00edz igen, 4 nem szavazattal megszavazt\u00e1k jel\u00f6l\u00e9s\u00e9t.<\/strong><!--more--><\/p>\n<div class=\"ads-in-post1\"><div id=\"gazdasagportal.hu_fullbanner_wideboard\"><\/div>\r\n<\/div>\n<p>    A gazdas\u00e1gi bizotts\u00e1g \u00fcl\u00e9s\u00e9n a k\u00e9pvisel\u0151k szint\u00e9n t\u00edz igen, 4 nem szavazattal arr\u00f3l is d\u00f6nt\u00f6ttek, hogy a KDNP \u00e1ltal jel\u00f6lt Sz\u00e9nyei G\u00e1bor Andr\u00e1st, a Fidesz-frakci\u00f3 \u00e1ltal jel\u00f6lt Madar\u00e1sz L\u00e1szl\u00f3t \u00e9s a Jobbik \u00e1ltal jel\u00f6lt Nyikos L\u00e1szl\u00f3t \u00fajb\u00f3l javasolj\u00e1k fel\u00fcgyel\u0151bizotts\u00e1gi tagnak.<br \/>\n    Az MSZP, a P\u00e1rbesz\u00e9d \u00e9s a DK \u00e1ltal jel\u00f6lt M\u00e1rtha Imre Edg\u00e1r jel\u00f6l\u00e9s\u00e9t 4 igen, 10 nem szavazattal elutas\u00edtotta a bizotts\u00e1g.<br \/>\n    Papcs\u00e1k Ferenc megjegyezte: eln\u00f6ks\u00e9ge idej\u00e9n a fel\u00fcgyel\u0151bizotts\u00e1g t\u00f6bb nagy k\u00f6z\u00e9rdekl\u0151d\u00e9sre sz\u00e1mot tart\u00f3 vizsg\u00e1latot folytatott le, \u00edgy p\u00e9ld\u00e1ul az MNB alap\u00edtv\u00e1nyainak m\u0171k\u00f6d\u00e9s\u00e9t \u00e9s az ingatlanv\u00e1s\u00e1rl\u00e1sokat is ellen\u0151rizte. Az Orsz\u00e1ggy\u0171l\u00e9snek beny\u00fajtott\u00e1k a vizsg\u00e1latokr\u00f3l sz\u00f3l\u00f3  jelent\u00e9seket &#8211; tette hozz\u00e1.<br \/>\n    Az eln\u00f6kjel\u00f6lt Mell\u00e1r Tam\u00e1s, a gazdas\u00e1gi bizotts\u00e1g aleln\u00f6ke (P\u00e1rbesz\u00e9d) k\u00e9rd\u00e9s\u00e9re elmondta: az MNB-r\u0151l sz\u00f3l\u00f3 t\u00f6rv\u00e9ny hat\u00e1rozza meg, hogy mely ter\u00fcleteket nem vizsg\u00e1lhatja a fel\u00fcgyel\u0151bizotts\u00e1g. \u00dagy fogalmazott, a test\u00fclet az MNB bels\u0151 m\u0171k\u00f6d\u00e9s\u00e9t ellen\u0151rizte eddig \u00e9s ezut\u00e1n is ezt fogja tenni.<br \/>\n<div class=\"ads-in-post2\"><script async src=\"https:\/\/pagead2.googlesyndication.com\/pagead\/js\/adsbygoogle.js\"><\/script>\r\n<ins class=\"adsbygoogle\"\r\n     style=\"display:block\"\r\n     data-ad-format=\"fluid\"\r\n     data-ad-layout-key=\"-6t+ed+2i-1n-4w\"\r\n     data-ad-client=\"ca-pub-1959107119989764\"\r\n     data-ad-slot=\"4008251320\"><\/ins>\r\n<script>\r\n     (adsbygoogle = window.adsbygoogle || []).push({});\r\n<\/script><\/div>\n    Sz\u00e9nyei G\u00e1bor Andr\u00e1s azt emelte ki, hogy a fel\u00fcgyel\u0151bizotts\u00e1g hat\u00e1rozata nyom\u00e1n p\u00e9ld\u00e1ul a m\u0171k\u00f6d\u00e9si kock\u00e1zatokr\u00f3l is k\u00e9sz\u00fclt \u00e1tfog\u00f3 vizsg\u00e1lat, amelynek tartalma nem publikus. \u00c1ttekintett\u00e9k a jegybank etikai m\u0171k\u00f6d\u00e9s\u00e9t is &#8211; jegyezte meg, utalva arra, hogy a nemzetk\u00f6zi p\u00e9ld\u00e1k megvizsg\u00e1l\u00e1sa ut\u00e1n aj\u00e1nl\u00e1sokat fogalmaztak meg az MNB sz\u00e1m\u00e1ra.<br \/>\n    Nyikos L\u00e1szl\u00f3 Volner J\u00e1nos jobbikos k\u00e9pvisel\u0151 k\u00e9rd\u00e9s\u00e9re elmondta, hogy az MNB ingatlanv\u00e1s\u00e1rl\u00e1saival kapcsolatos, \u00e1ltala vezetett vizsg\u00e1lat kimutatta: a tranzakci\u00f3k t\u00f6rv\u00e9nyesek voltak, a lebonyol\u00edt\u00e1s pedig szab\u00e1lyosnak tekinthet\u0151. Azt is hozz\u00e1tette, hogy a fel\u00fcgyel\u0151bizotts\u00e1g v\u00e9lem\u00e9nye az ellen\u0151rz\u00e9s m\u00e1sik aspektus\u00e1t, az eredm\u00e9nyess\u00e9get vizsg\u00e1lva, m\u00e1r nem volt egy\u00e9rtelm\u0171en pozit\u00edv.<br \/>\n    Az MNB fel\u00fcgyel\u0151bizotts\u00e1g\u00e1nak a jogszab\u00e1lyok alapj\u00e1n hat tagja van, amelyb\u0151l az eln\u00f6k\u00f6t a korm\u00e1nyp\u00e1rtok javasolj\u00e1k, h\u00e1rom f\u0151t a parlamenti p\u00e1rtok aj\u00e1nlhatnak oly m\u00f3don, hogy \u00e9rv\u00e9nyes\u00fclj\u00f6n a k\u00e9tharmad-egyharmad ar\u00e1ny a korm\u00e1nyp\u00e1rtok \u00e9s az ellenz\u00e9k k\u00f6z\u00f6tt, a marad\u00e9k k\u00e9t tagot pedig a korm\u00e1ny jel\u00f6li ki. Ez ut\u00f3bbi k\u00e9t emberr\u0151l a gazdas\u00e1gi bizotts\u00e1g \u00fcl\u00e9s\u00e9n nem esett sz\u00f3.<br \/>\n(MTI)<\/p>\n","protected":false},"excerpt":{"rendered":"<p>Az elm\u00falt h\u00e1rom \u00e9s f\u00e9l \u00e9vben a Magyar Nemzeti Bankr\u00f3l sz\u00f3l\u00f3 t\u00f6rv\u00e9ny szellem\u00e9ben j\u00e1rt el a jegybank fel\u00fcgyel\u0151bizotts\u00e1ga &#8211; mondta Papcs\u00e1k Ferenc, a Fidesz-KDNP frakci\u00f3 \u00e1ltal a Magyar Nemzeti Bank (MNB) Fel\u00fcgyel\u0151bizotts\u00e1g\u00e1nak \u00e9l\u00e9re \u00fajb\u00f3l jel\u00f6lt eln\u00f6k az Orsz\u00e1ggy\u0171l\u00e9s gazdas\u00e1gi bizotts\u00e1g\u00e1nak \u00fcl\u00e9s\u00e9n h\u00e9tf\u0151n, ahol a k\u00e9pvisel\u0151k t\u00edz igen, 4 nem szavazattal megszavazt\u00e1k jel\u00f6l\u00e9s\u00e9t.<\/p>\n","protected":false},"author":1,"featured_media":0,"comment_status":"closed","ping_status":"open","sticky":false,"template":"","format":"standard","meta":[],"categories":[4,19],"tags":[],"_links":{"self":[{"href":"https:\/\/gazdasagportal.hu\/index.php\/wp-json\/wp\/v2\/posts\/108929"}],"collection":[{"href":"https:\/\/gazdasagportal.hu\/index.php\/wp-json\/wp\/v2\/posts"}],"about":[{"href":"https:\/\/gazdasagportal.hu\/index.php\/wp-json\/wp\/v2\/types\/post"}],"author":[{"embeddable":true,"href":"https:\/\/gazdasagportal.hu\/index.php\/wp-json\/wp\/v2\/users\/1"}],"replies":[{"embeddable":true,"href":"https:\/\/gazdasagportal.hu\/index.php\/wp-json\/wp\/v2\/comments?post=108929"}],"version-history":[{"count":1,"href":"https:\/\/gazdasagportal.hu\/index.php\/wp-json\/wp\/v2\/posts\/108929\/revisions"}],"predecessor-version":[{"id":108930,"href":"https:\/\/gazdasagportal.hu\/index.php\/wp-json\/wp\/v2\/posts\/108929\/revisions\/108930"}],"wp:attachment":[{"href":"https:\/\/gazdasagportal.hu\/index.php\/wp-json\/wp\/v2\/media?parent=108929"}],"wp:term":[{"taxonomy":"category","embeddable":true,"href":"https:\/\/gazdasagportal.hu\/index.php\/wp-json\/wp\/v2\/categories?post=108929"},{"taxonomy":"post_tag","embeddable":true,"href":"https:\/\/gazdasagportal.hu\/index.php\/wp-json\/wp\/v2\/tags?post=108929"}],"curies":[{"name":"wp","href":"https:\/\/api.w.org\/{rel}","templated":true}]}}