{"id":108905,"date":"2018-09-16T11:53:07","date_gmt":"2018-09-16T09:53:07","guid":{"rendered":"http:\/\/gazdasagportal.hu\/?p=108905"},"modified":"2018-09-16T11:53:07","modified_gmt":"2018-09-16T09:53:07","slug":"heti-makronaptar-kamatdontes-kereseti-adatok-jonnek-a-jovo-heten","status":"publish","type":"post","link":"https:\/\/gazdasagportal.hu\/index.php\/heti-makronaptar-kamatdontes-kereseti-adatok-jonnek-a-jovo-heten\/","title":{"rendered":"Heti makronapt\u00e1r &#8211; Kamatd\u00f6nt\u00e9s, kereseti adatok j\u00f6nnek a j\u00f6v\u0151 h\u00e9ten"},"content":{"rendered":"<p><strong>A j\u00f6v\u0151 h\u00e9t makronapt\u00e1r\u00e1nak legfontosabb esem\u00e9nye a jegybank szeptemberi kamatmeghat\u00e1roz\u00f3 \u00fcl\u00e9se lesz, emellett kiskereskedelmi, kereseti statisztik\u00e1k \u00e9s az \u00e1llamh\u00e1ztart\u00e1s j\u00falius v\u00e9gi helyzet\u00e9r\u0151l sz\u00f3l\u00f3 r\u00e9szletes t\u00e1j\u00e9koztat\u00f3 is megjelenik.<\/strong><!--more--><\/p>\n<div class=\"ads-in-post1\"><div id=\"gazdasagportal.hu_fullbanner_wideboard\"><\/div>\r\n<\/div>\n<p>    Kedden tartja szeptemberi kamatmeghat\u00e1roz\u00f3 \u00fcl\u00e9s\u00e9t a Magyar Nemzeti Bank Monet\u00e1ris Tan\u00e1csa. Elemz\u0151k nem v\u00e1rnak v\u00e1ltoz\u00e1st sem az ir\u00e1nyad\u00f3 kamatokban, sem a nem-konvencion\u00e1lis eszk\u00f6zt\u00e1rban, mint ahogy az el\u0151z\u0151 \u00fcl\u00e9sen sem v\u00e1ltoztatott a kond\u00edci\u00f3kon a test\u00fclet. A jegybanki alapkamat 0,9 sz\u00e1zal\u00e9k 2016. m\u00e1jus 25. \u00f3ta.<br \/>\n    Cs\u00fct\u00f6rt\u00f6k\u00f6n a keresetek j\u00faliusi alakul\u00e1s\u00e1r\u00f3l k\u00f6z\u00f6l jelent\u00e9st a K\u00f6zponti Statisztikai Hivatal (KSH). J\u00faniusban a teljes munkaid\u0151ben alkalmaz\u00e1sban \u00e1ll\u00f3k \u00e1tlagos keresete 11,2 sz\u00e1zal\u00e9kkal haladta meg az egy \u00e9vvel kor\u00e1bbit a m\u00e1jusi 10,9 sz\u00e1zal\u00e9kos emelked\u00e9s ut\u00e1n. Az els\u0151 f\u00e9l \u00e9vben 11,9 sz\u00e1zal\u00e9kkal n\u0151tt az \u00e1tlagkereset. A re\u00e1lkeresetek \u00e9ves emelked\u00e9se j\u00faniusban 7,9 sz\u00e1zal\u00e9k, az els\u0151 f\u00e9l\u00e9vben 9,4 sz\u00e1zal\u00e9kos volt a 3,1 sz\u00e1zal\u00e9kos \u00e9s a 2,3 sz\u00e1zal\u00e9kos infl\u00e1ci\u00f3val sz\u00e1molva.<br \/>\n<div class=\"ads-in-post2\"><script async src=\"https:\/\/pagead2.googlesyndication.com\/pagead\/js\/adsbygoogle.js\"><\/script>\r\n<ins class=\"adsbygoogle\"\r\n     style=\"display:block\"\r\n     data-ad-format=\"fluid\"\r\n     data-ad-layout-key=\"-6t+ed+2i-1n-4w\"\r\n     data-ad-client=\"ca-pub-1959107119989764\"\r\n     data-ad-slot=\"4008251320\"><\/ins>\r\n<script>\r\n     (adsbygoogle = window.adsbygoogle || []).push({});\r\n<\/script><\/div>\n    P\u00e9nteken a kiskereskedelem j\u00faliusi teljes\u00edtm\u00e9ny\u00e9nek m\u00e1sodik becsl\u00e9s\u00e9t k\u00f6zli a KSH. A szeptember 5-\u00e9n kiadott els\u0151 becsl\u00e9s szerint a kiskereskedelmi forgalom j\u00faliusban 5,4 sz\u00e1zal\u00e9kkal haladta meg az egy \u00e9vvel kor\u00e1bbit, a napt\u00e1rhat\u00e1ssal kiigaz\u00edtva 5,3 sz\u00e1zal\u00e9kos volt a n\u00f6veked\u00e9s. A kiigaz\u00edtott adatok szerint a nem \u00e9lelmiszer jelleg\u0171 \u00e9s tart\u00f3s fogyaszt\u00e1si cikkeket is \u00e1rus\u00edt\u00f3 \u00fczletek forgalma 9,2 sz\u00e1zal\u00e9kkal emelkedett. Az \u00e9lelmiszer- \u00e9s \u00e9lelmiszer jelleg\u0171 vegyes kiskereskedelemben a forgalom volumene 2,2 sz\u00e1zal\u00e9kkal n\u0151tt a tavaly j\u00faliusival \u00f6sszevetve. Az \u00fczemanyagt\u00f6lt\u0151 \u00e1llom\u00e1sok forgalm\u00e1nak volumene 5,6 sz\u00e1zal\u00e9kkal haladta meg az egy \u00e9vvel kor\u00e1bbit. Az \u00e9v els\u0151 h\u00e9t h\u00f3napj\u00e1ban a kiskereskedelmi forgalom volumene 6,7 sz\u00e1zal\u00e9kkal volt nagyobb a tavalyi \u00e9v azonos id\u0151szak\u00e1\u00e9n\u00e1l a nyers \u00e9s a napt\u00e1rhat\u00e1st\u00f3l megtiszt\u00edtott adatok szerint egyar\u00e1nt.(MTI)<\/p>\n","protected":false},"excerpt":{"rendered":"<p>A j\u00f6v\u0151 h\u00e9t makronapt\u00e1r\u00e1nak legfontosabb esem\u00e9nye a jegybank szeptemberi kamatmeghat\u00e1roz\u00f3 \u00fcl\u00e9se lesz, emellett kiskereskedelmi, kereseti statisztik\u00e1k \u00e9s az \u00e1llamh\u00e1ztart\u00e1s j\u00falius v\u00e9gi helyzet\u00e9r\u0151l sz\u00f3l\u00f3 r\u00e9szletes t\u00e1j\u00e9koztat\u00f3 is megjelenik.<\/p>\n","protected":false},"author":1,"featured_media":0,"comment_status":"closed","ping_status":"open","sticky":false,"template":"","format":"standard","meta":[],"categories":[4,19],"tags":[],"_links":{"self":[{"href":"https:\/\/gazdasagportal.hu\/index.php\/wp-json\/wp\/v2\/posts\/108905"}],"collection":[{"href":"https:\/\/gazdasagportal.hu\/index.php\/wp-json\/wp\/v2\/posts"}],"about":[{"href":"https:\/\/gazdasagportal.hu\/index.php\/wp-json\/wp\/v2\/types\/post"}],"author":[{"embeddable":true,"href":"https:\/\/gazdasagportal.hu\/index.php\/wp-json\/wp\/v2\/users\/1"}],"replies":[{"embeddable":true,"href":"https:\/\/gazdasagportal.hu\/index.php\/wp-json\/wp\/v2\/comments?post=108905"}],"version-history":[{"count":1,"href":"https:\/\/gazdasagportal.hu\/index.php\/wp-json\/wp\/v2\/posts\/108905\/revisions"}],"predecessor-version":[{"id":108906,"href":"https:\/\/gazdasagportal.hu\/index.php\/wp-json\/wp\/v2\/posts\/108905\/revisions\/108906"}],"wp:attachment":[{"href":"https:\/\/gazdasagportal.hu\/index.php\/wp-json\/wp\/v2\/media?parent=108905"}],"wp:term":[{"taxonomy":"category","embeddable":true,"href":"https:\/\/gazdasagportal.hu\/index.php\/wp-json\/wp\/v2\/categories?post=108905"},{"taxonomy":"post_tag","embeddable":true,"href":"https:\/\/gazdasagportal.hu\/index.php\/wp-json\/wp\/v2\/tags?post=108905"}],"curies":[{"name":"wp","href":"https:\/\/api.w.org\/{rel}","templated":true}]}}