{"id":108903,"date":"2018-09-16T09:20:23","date_gmt":"2018-09-16T07:20:23","guid":{"rendered":"http:\/\/gazdasagportal.hu\/?p=108903"},"modified":"2018-09-16T09:20:23","modified_gmt":"2018-09-16T07:20:23","slug":"varga-mihaly-a-csaladi-kedvezmenynek-koszonhetoen-atlagosan-262-ezer-forint-adot-sporoltak-a-szulok-tavaly","status":"publish","type":"post","link":"https:\/\/gazdasagportal.hu\/index.php\/varga-mihaly-a-csaladi-kedvezmenynek-koszonhetoen-atlagosan-262-ezer-forint-adot-sporoltak-a-szulok-tavaly\/","title":{"rendered":"Varga Mih\u00e1ly: a csal\u00e1di kedvezm\u00e9nynek k\u00f6sz\u00f6nhet\u0151en \u00e1tlagosan 262 ezer forint ad\u00f3t sp\u00f3roltak a sz\u00fcl\u0151k tavaly"},"content":{"rendered":"<p><strong>Tavaly mintegy 288 milli\u00e1rd forintot hagyott a korm\u00e1ny a csal\u00e1dokn\u00e1l, 23,5 milli\u00e1rddal t\u00f6bbet, mint 2016-ban. A csal\u00e1di kedvezm\u00e9nynek k\u00f6sz\u00f6nhet\u0151en \u00e1tlagosan 262 ezer forint ad\u00f3t sp\u00f3roltak a sz\u00fcl\u0151k tavaly &#8211; t\u00e1j\u00e9koztatta Varga Mih\u00e1ly p\u00e9nz\u00fcgyminiszter az MTI-t.<\/strong><!--more--><\/p>\n<div class=\"ads-in-post1\"><div id=\"gazdasagportal.hu_fullbanner_wideboard\"><\/div>\r\n<\/div>\n<p>    A tavalyi 288 milli\u00e1rd forintos \u00f6sszeg t\u00f6bb mint h\u00faszszorosa annak, amit a balliber\u00e1lis korm\u00e1nyok az utols\u00f3 \u00e9v\u00fckben ad\u00f3kedvezm\u00e9nyk\u00e9nt adtak a csal\u00e1doknak &#8211; tette hozz\u00e1 a t\u00e1rcavezet\u0151.<br \/>\n    Kiemelte: \u00e9vr\u0151l \u00e9vre egyre t\u00f6bb p\u00e9nz marad a kisgyermekesekn\u00e9l, az el\u0151zetes sz\u00e1m\u00edt\u00e1sok szerint a k\u00e9tgyermekes kedvezm\u00e9ny emel\u00e9s\u00e9nek \u00e9s a keresetek folyamatos emelked\u00e9s\u00e9nek k\u00f6sz\u00f6nhet\u0151en a csal\u00e1di kedvezm\u00e9ny r\u00e9v\u00e9n megtakar\u00edtott \u00f6sszeg az id\u00e9n meghaladhatja a 310 milli\u00e1rd forintot is.<br \/>\n    Varga Mih\u00e1ly elmondta: a szem\u00e9lyij\u00f6vedelemad\u00f3-bevall\u00e1sok adatai szerint majd minden negyedik mag\u00e1nszem\u00e9ly cs\u00f6kkentette ad\u00f3j\u00e1t a csal\u00e1di kedvezm\u00e9nnyel.  2011-t\u0151l 2019-ig &#8211; az el\u0151zetes sz\u00e1m\u00edt\u00e1sok szerint &#8211; 2250 milli\u00e1rd forintot hagy a korm\u00e1ny a csal\u00e1dokn\u00e1l ad\u00f3- illetve j\u00e1rul\u00e9kkedvezm\u00e9ny form\u00e1j\u00e1ban.<br \/>\n<div class=\"ads-in-post2\"><script async src=\"https:\/\/pagead2.googlesyndication.com\/pagead\/js\/adsbygoogle.js\"><\/script>\r\n<ins class=\"adsbygoogle\"\r\n     style=\"display:block\"\r\n     data-ad-format=\"fluid\"\r\n     data-ad-layout-key=\"-6t+ed+2i-1n-4w\"\r\n     data-ad-client=\"ca-pub-1959107119989764\"\r\n     data-ad-slot=\"4008251320\"><\/ins>\r\n<script>\r\n     (adsbygoogle = window.adsbygoogle || []).push({});\r\n<\/script><\/div>\n    A csal\u00e1di ad\u00f3kedvezm\u00e9nyek hazai rendszer\u00e9t 2011 eleje \u00f3ta az \u00e1lland\u00f3s\u00e1g \u00e9s a kisz\u00e1m\u00edthat\u00f3s\u00e1g jellemzi. Az ad\u00f3\u00fcgyekben ez mindenkor fontos, \u00e9s k\u00fcl\u00f6n\u00f6sen igaz ez azokra az el\u0151\u00edr\u00e1sokra, amelyek a gyermekv\u00e1llal\u00e1st k\u00edv\u00e1nj\u00e1k el\u0151seg\u00edteni, t\u00e1mogatni &#8211; fogalmazott a p\u00e9nz\u00fcgyminiszter. A nyolc \u00e9vvel ezel\u0151tti szab\u00e1lyokat felid\u00e9zve elmondta, hogy 2010-ben m\u00e9g az el\u0151z\u0151, szocialista-liber\u00e1lis korm\u00e1ny ad\u00f3rendszere volt \u00e9rv\u00e9nyben, amikor mind\u00f6sszesen 12 milli\u00e1rd forintot ford\u00edtott az \u00e1llam csal\u00e1di ad\u00f3kedvezm\u00e9nyre, \u00e9s a nagycsal\u00e1dosoknak j\u00e1rt csup\u00e1n n\u00e9h\u00e1ny ezer forintos havi enyh\u00edt\u00e9s.<br \/>\n    2017-ben a gyermekv\u00e1llal\u00e1s elismert k\u00f6lts\u00e9gek\u00e9nt 288 milli\u00e1rd forint maradt a csal\u00e1dokn\u00e1l, 23,5 milli\u00e1rddal t\u00f6bb, mint 2016-ban. Technikailag az \u00f6sszeg 80 sz\u00e1zal\u00e9k\u00e1val a fizetend\u0151 szem\u00e9lyi j\u00f6vedelemad\u00f3t cs\u00f6kkentett\u00e9k az \u00e9rintettek, a marad\u00e9k \u00f6sszeggel pedig a j\u00e1rul\u00e9kot. 2014 \u00f3ta ugyanis a szem\u00e9lyi j\u00f6vedelemad\u00f3 mellett az eg\u00e9szs\u00e9g\u00fcgyi \u00e9s a nyugd\u00edjj\u00e1rul\u00e9kb\u00f3l is levonhat\u00f3 a csal\u00e1di kedvezm\u00e9ny, ut\u00f3bbi c\u00edm\u00e9n tavaly 56 milli\u00e1rd forint maradt a csal\u00e1dokn\u00e1l &#8211; r\u00e9szletezte a bevall\u00e1si adatokat Varga Mih\u00e1ly.<br \/>\n    A tavalyi \u00e9v nagy nyertesei a k\u00e9tgyermekesek voltak, akik 2017-ben 60 ezer forinttal k\u00f6lthettek t\u00f6bbet gyermekeikre, mint egy \u00e9vvel kor\u00e1bban. Varga Mih\u00e1ly megjegyezte, hogy a k\u00e9tgyermekesek csal\u00e1di ad\u00f3kedvezm\u00e9ny\u00e9nek 2016 \u00e9s 2019 k\u00f6z\u00f6tti dupl\u00e1z\u00e1sa &#8211; mely szerint j\u00f6v\u0151re m\u00e1r havi 40 ezer forint lesz a k\u00e9tgyermekes sz\u00fcl\u0151kn\u00e9l hagyott \u00f6sszeg &#8211; demogr\u00e1fiai szempontb\u00f3l is l\u00e9nyeges l\u00e9p\u00e9s lehet.<br \/>\n    Varga Mih\u00e1ly eml\u00e9keztetett, hogy ez volt a m\u00e1sodik olyan \u00e9v, amikor a szerzett j\u00f6vedelmek bevall\u00e1s\u00e1val a mag\u00e1nszem\u00e9lyeknek nem kellett b\u00edbel\u0151dni\u00fck. A tavaly szerzett j\u00f6vedelmekr\u0151l az elsz\u00e1mol\u00e1st ugyanis a NAV mintegy 5 milli\u00f3 \u00e1llampolg\u00e1rnak k\u00e9sz\u00edtette el.(MTI)<\/p>\n","protected":false},"excerpt":{"rendered":"<p>Tavaly mintegy 288 milli\u00e1rd forintot hagyott a korm\u00e1ny a csal\u00e1dokn\u00e1l, 23,5 milli\u00e1rddal t\u00f6bbet, mint 2016-ban. A csal\u00e1di kedvezm\u00e9nynek k\u00f6sz\u00f6nhet\u0151en \u00e1tlagosan 262 ezer forint ad\u00f3t sp\u00f3roltak a sz\u00fcl\u0151k tavaly &#8211; t\u00e1j\u00e9koztatta Varga Mih\u00e1ly p\u00e9nz\u00fcgyminiszter az MTI-t.<\/p>\n","protected":false},"author":1,"featured_media":0,"comment_status":"closed","ping_status":"open","sticky":false,"template":"","format":"standard","meta":[],"categories":[4,19],"tags":[],"_links":{"self":[{"href":"https:\/\/gazdasagportal.hu\/index.php\/wp-json\/wp\/v2\/posts\/108903"}],"collection":[{"href":"https:\/\/gazdasagportal.hu\/index.php\/wp-json\/wp\/v2\/posts"}],"about":[{"href":"https:\/\/gazdasagportal.hu\/index.php\/wp-json\/wp\/v2\/types\/post"}],"author":[{"embeddable":true,"href":"https:\/\/gazdasagportal.hu\/index.php\/wp-json\/wp\/v2\/users\/1"}],"replies":[{"embeddable":true,"href":"https:\/\/gazdasagportal.hu\/index.php\/wp-json\/wp\/v2\/comments?post=108903"}],"version-history":[{"count":1,"href":"https:\/\/gazdasagportal.hu\/index.php\/wp-json\/wp\/v2\/posts\/108903\/revisions"}],"predecessor-version":[{"id":108904,"href":"https:\/\/gazdasagportal.hu\/index.php\/wp-json\/wp\/v2\/posts\/108903\/revisions\/108904"}],"wp:attachment":[{"href":"https:\/\/gazdasagportal.hu\/index.php\/wp-json\/wp\/v2\/media?parent=108903"}],"wp:term":[{"taxonomy":"category","embeddable":true,"href":"https:\/\/gazdasagportal.hu\/index.php\/wp-json\/wp\/v2\/categories?post=108903"},{"taxonomy":"post_tag","embeddable":true,"href":"https:\/\/gazdasagportal.hu\/index.php\/wp-json\/wp\/v2\/tags?post=108903"}],"curies":[{"name":"wp","href":"https:\/\/api.w.org\/{rel}","templated":true}]}}