{"id":108899,"date":"2018-09-15T17:24:27","date_gmt":"2018-09-15T15:24:27","guid":{"rendered":"http:\/\/gazdasagportal.hu\/?p=108899"},"modified":"2018-09-15T10:25:54","modified_gmt":"2018-09-15T08:25:54","slug":"sziria-nemet-kulugyminiszter-oroszorszagnak-latba-kell-vetnie-befolyasat-hogy-ne-legyen-humanitarius-katasztrofa-idlibben","status":"publish","type":"post","link":"https:\/\/gazdasagportal.hu\/index.php\/sziria-nemet-kulugyminiszter-oroszorszagnak-latba-kell-vetnie-befolyasat-hogy-ne-legyen-humanitarius-katasztrofa-idlibben\/","title":{"rendered":"Sz\u00edria &#8211; N\u00e9met k\u00fcl\u00fcgyminiszter: Oroszorsz\u00e1gnak latba kell vetnie befoly\u00e1s\u00e1t, hogy ne legyen humanit\u00e1rius katasztr\u00f3fa Idl\u00edbben"},"content":{"rendered":"<p><strong>Oroszorsz\u00e1gnak latba kell vetnie befoly\u00e1s\u00e1t a sz\u00edriai vezet\u00e9sn\u00e9l, hogy ne t\u00f6rt\u00e9njen humanit\u00e1rius katasztr\u00f3fa Idl\u00edb tartom\u00e1nyban &#8211; mondta Heiko Maas n\u00e9met k\u00fcl\u00fcgyminiszter p\u00e9nteken Berlinben Szergej Lavrov orosz k\u00fcl\u00fcgyminiszterrel folytatott megbesz\u00e9l\u00e9se ut\u00e1n.<\/strong><!--more--><\/p>\n<div class=\"ads-in-post1\"><div id=\"gazdasagportal.hu_fullbanner_wideboard\"><\/div>\r\n<\/div>\n<p>    Hangs\u00falyozta, hogy a Sz\u00edria \u00e9szaknyugati r\u00e9sz\u00e9n fekv\u0151 tartom\u00e1nyban h\u00e1rommilli\u00f3 civil tart\u00f3zkodik, \u00edgy nagy civil \u00e1ldozatokkal j\u00e1rna egy nagyobb katonai m\u0171velet.<br \/>\n    Oroszorsz\u00e1gnak latba kell vetnie befoly\u00e1s\u00e1t egy ilyen katasztr\u00f3fa elker\u00fcl\u00e9s\u00e9\u00e9rt, \u00e9s az\u00e9rt is, hogy a sz\u00edriai korm\u00e1nyer\u0151k ne t\u00e1madjanak vegyi fegyverrel a tartom\u00e1nyra &#8211; mondta a n\u00e9met k\u00fcl\u00fcgyminiszter.<br \/>\n    Szergej Lavrov \u00fagy v\u00e9lte, az idl\u00edbi helyzet hasonl\u00edt arra, amikor &#8222;felszabad\u00edtott\u00e1k a terrorist\u00e1k uralma al\u00f3l&#8221; Alepp\u00f3 keleti r\u00e9sz\u00e9t \u00e9s Kelet-G\u00fat\u00e1t. Mint mondta, humanit\u00e1rius katasztr\u00f3fa ezekben az esetekben sem t\u00f6rt\u00e9nt, b\u00e1r voltak civil \u00e1ldozatok, ami azonban elker\u00fclhetetlen.<br \/>\n<div class=\"ads-in-post2\"><script async src=\"https:\/\/pagead2.googlesyndication.com\/pagead\/js\/adsbygoogle.js\"><\/script>\r\n<ins class=\"adsbygoogle\"\r\n     style=\"display:block\"\r\n     data-ad-format=\"fluid\"\r\n     data-ad-layout-key=\"-6t+ed+2i-1n-4w\"\r\n     data-ad-client=\"ca-pub-1959107119989764\"\r\n     data-ad-slot=\"4008251320\"><\/ins>\r\n<script>\r\n     (adsbygoogle = window.adsbygoogle || []).push({});\r\n<\/script><\/div>\n    Lesz\u00f6gezte, hogy Oroszorsz\u00e1g mindig is a nemzetk\u00f6zi humanit\u00e1rius jognak megfelel\u0151en v\u00e9gzi katonai m\u0171veleteit, az orosz katon\u00e1k pedig az ENSZ-tags\u00e1ggal rendelkez\u0151 Sz\u00edria korm\u00e1ny\u00e1nak k\u00e9r\u00e9s\u00e9re tart\u00f3zkodnak az orsz\u00e1gban.<br \/>\n    Oroszorsz\u00e1g tov\u00e1bbra is arra t\u00f6rekszik, hogy a damaszkuszi vezet\u00e9ssel egy\u00fctt Sz\u00edria eg\u00e9sz ter\u00fclet\u00e9t megtiszt\u00edtsa a terrorist\u00e1kt\u00f3l, akiknek Idl\u00edb az utols\u00f3 b\u00e1sty\u00e1ja. Ott is kompromisszumok n\u00e9lk\u00fcl kell folytatni a k\u00fczdelmet ellen\u00fck &#8211; mondta Szergej Lavrov, felsz\u00f3l\u00edtva a sz\u00edriai ellenz\u00e9ket, hogy szak\u00edtsa meg a kapcsolatokat a terrorista csoportokkal.<br \/>\n     Heiko Maas hangs\u00falyozta, hogy a menek\u00fcltek visszat\u00e9r\u00e9se \u00e9s az orsz\u00e1g \u00fajra\u00e9p\u00edt\u00e9se csak akkor ker\u00fclhet napirendre, ha garant\u00e1ltan v\u00e9get \u00e9r a sz\u00edriai lakoss\u00e1g &#8222;\u00e1llami \u00fcld\u00f6ztet\u00e9se&#8221;. Jelezte, hogy ebben nincs egyet\u00e9rt\u00e9s Berlin \u00e9s Moszkva k\u00f6z\u00f6tt. Szergej Lavrov a t\u00e1j\u00e9koztat\u00f3n azt emelte, ki, hogy tov\u00e1bb kell folytatni a menek\u00fcltek, k\u00f6zt\u00fck az Eur\u00f3p\u00e1ba menek\u00fclt sz\u00edriaiak visszat\u00e9r\u00e9s\u00e9t c\u00e9lz\u00f3 t\u00f6rekv\u00e9seket.<br \/>\n    A n\u00e9met diplom\u00e1cia vezet\u0151je Bass\u00e1r el-Aszad sz\u00edriai eln\u00f6k lehets\u00e9ges j\u00f6v\u0151beni szerep\u00e9r\u0151l k\u00e9rd\u00e9sre v\u00e1laszolva kifejtette, hogy a politikai rendez\u00e9s olyan form\u00e1j\u00e1ra van sz\u00fcks\u00e9g, amely megfelel a sz\u00edriaiak akarat\u00e1nak. Mint mondta, nem tartja elk\u00e9pzelhet\u0151nek, hogy Bass\u00e1r el-Aszadnak hosszabb t\u00e1von, a polg\u00e1rh\u00e1bor\u00fab\u00f3l a b\u00e9ke fel\u00e9 tart\u00f3 \u00e1tmenet ut\u00e1n lehet szerepe Sz\u00edria vezet\u00e9s\u00e9ben.(MTI)<\/p>\n","protected":false},"excerpt":{"rendered":"<p>Oroszorsz\u00e1gnak latba kell vetnie befoly\u00e1s\u00e1t a sz\u00edriai vezet\u00e9sn\u00e9l, hogy ne t\u00f6rt\u00e9njen humanit\u00e1rius katasztr\u00f3fa Idl\u00edb tartom\u00e1nyban &#8211; mondta Heiko Maas n\u00e9met k\u00fcl\u00fcgyminiszter p\u00e9nteken Berlinben Szergej Lavrov orosz k\u00fcl\u00fcgyminiszterrel folytatott megbesz\u00e9l\u00e9se ut\u00e1n.<\/p>\n","protected":false},"author":1,"featured_media":0,"comment_status":"closed","ping_status":"open","sticky":false,"template":"","format":"standard","meta":[],"categories":[12,16],"tags":[],"_links":{"self":[{"href":"https:\/\/gazdasagportal.hu\/index.php\/wp-json\/wp\/v2\/posts\/108899"}],"collection":[{"href":"https:\/\/gazdasagportal.hu\/index.php\/wp-json\/wp\/v2\/posts"}],"about":[{"href":"https:\/\/gazdasagportal.hu\/index.php\/wp-json\/wp\/v2\/types\/post"}],"author":[{"embeddable":true,"href":"https:\/\/gazdasagportal.hu\/index.php\/wp-json\/wp\/v2\/users\/1"}],"replies":[{"embeddable":true,"href":"https:\/\/gazdasagportal.hu\/index.php\/wp-json\/wp\/v2\/comments?post=108899"}],"version-history":[{"count":1,"href":"https:\/\/gazdasagportal.hu\/index.php\/wp-json\/wp\/v2\/posts\/108899\/revisions"}],"predecessor-version":[{"id":108900,"href":"https:\/\/gazdasagportal.hu\/index.php\/wp-json\/wp\/v2\/posts\/108899\/revisions\/108900"}],"wp:attachment":[{"href":"https:\/\/gazdasagportal.hu\/index.php\/wp-json\/wp\/v2\/media?parent=108899"}],"wp:term":[{"taxonomy":"category","embeddable":true,"href":"https:\/\/gazdasagportal.hu\/index.php\/wp-json\/wp\/v2\/categories?post=108899"},{"taxonomy":"post_tag","embeddable":true,"href":"https:\/\/gazdasagportal.hu\/index.php\/wp-json\/wp\/v2\/tags?post=108899"}],"curies":[{"name":"wp","href":"https:\/\/api.w.org\/{rel}","templated":true}]}}