{"id":108897,"date":"2018-09-15T10:24:11","date_gmt":"2018-09-15T08:24:11","guid":{"rendered":"http:\/\/gazdasagportal.hu\/?p=108897"},"modified":"2018-09-15T10:24:11","modified_gmt":"2018-09-15T08:24:11","slug":"tropusi-viharra-szelidult-a-florence-de-valtozatanul-veszelyes-tobb-halalos-aldozata-van","status":"publish","type":"post","link":"https:\/\/gazdasagportal.hu\/index.php\/tropusi-viharra-szelidult-a-florence-de-valtozatanul-veszelyes-tobb-halalos-aldozata-van\/","title":{"rendered":"Tr\u00f3pusi viharr\u00e1 szel\u00edd\u00fclt a Florence, de v\u00e1ltozatanul vesz\u00e9lyes, t\u00f6bb hal\u00e1los \u00e1ldozata van"},"content":{"rendered":"<p><strong>Tr\u00f3pusi viharr\u00e1 szel\u00edd\u00fclt p\u00e9ntek \u00e9jszak\u00e1ra a Florence hurrik\u00e1n, de v\u00e1ltozatlanul vesz\u00e9lyes, t\u00f6bb hal\u00e1los \u00e1ldozatot k\u00f6vetelt. <\/strong><!--more--><\/p>\n<div class=\"ads-in-post1\"><div id=\"gazdasagportal.hu_fullbanner_wideboard\"><\/div>\r\n<\/div>\n<p>    \u00c9szak-\u00e9s D\u00e9l-Karolina part menti telep\u00fcl\u00e9sein t\u00e9rdig \u00e9r a v\u00edz, \u00f3r\u00e1nk\u00e9nt 100-110 kilom\u00e9teres sz\u00e9l s\u00fcv\u00edt, f\u00e1kat csavar ki t\u00f6vest\u0151l, \u00e1radnak a foly\u00f3k. A vihar eddig \u00f6t hal\u00e1los \u00e1ldozatot k\u00f6vetelt.<br \/>\n    Az \u00e9szak-karolinai Wilmingtonban a vihar f\u00e1t csavart ki, amely r\u00e1zuhant egy h\u00e1zra, a bent l\u00e9v\u0151 fiatal n\u0151 \u00e9s kisbab\u00e1ja meghalt, a csal\u00e1df\u0151t k\u00f3rh\u00e1zba sz\u00e1ll\u00edtott\u00e1k. Ugyancsak \u00c9szak-Karolin\u00e1ban egy n\u0151 sz\u00edvrohamot kapott, a vihar \u00e9s a magas v\u00edz, valamint a t\u00f6rmel\u00e9kek miatt a ment\u0151k csak k\u00e9s\u0151n tudtak bejutni a h\u00e1z\u00e1ba. Egy kuty\u00e1it ellen\u0151rz\u0151 f\u00e9rfit a sz\u00e9l v\u00e1gott a f\u00f6ldh\u00f6z, azonnal meghalt, egy m\u00e1sik \u00e1ldozatot egy v\u00edz al\u00e1 ker\u00fclt h\u00e1zban az \u00e1ram \u00fct\u00f6tte agyon.     A k\u00e9t foly\u00f3 tal\u00e1lkoz\u00e1s\u00e1n\u00e1l fekv\u0151, 30 ezer lelket sz\u00e1ml\u00e1l\u00f3 \u00e9szak-karolinai New Bern v\u00e1rosa teljesen v\u00edz al\u00e1 ker\u00fclt, a h\u00e1zakat az els\u0151 emeletig \u00e1rasztotta el a v\u00edz, az embereket motorcs\u00f3nakokkal mentik ki otthonaikb\u00f3l.<br \/>\n    Az amerikai f\u00f6ldtani int\u00e9zet szerint a t\u00e9rs\u00e9gben eddig 75-80 centim\u00e9ternyi es\u0151 esett.<br \/>\n<div class=\"ads-in-post2\"><script async src=\"https:\/\/pagead2.googlesyndication.com\/pagead\/js\/adsbygoogle.js\"><\/script>\r\n<ins class=\"adsbygoogle\"\r\n     style=\"display:block\"\r\n     data-ad-format=\"fluid\"\r\n     data-ad-layout-key=\"-6t+ed+2i-1n-4w\"\r\n     data-ad-client=\"ca-pub-1959107119989764\"\r\n     data-ad-slot=\"4008251320\"><\/ins>\r\n<script>\r\n     (adsbygoogle = window.adsbygoogle || []).push({});\r\n<\/script><\/div>\n    \u00c9szak-Karolin\u00e1ban eddig t\u00f6bb mint 800 ezren maradtak \u00e1ram n\u00e9lk\u00fcl. Roy Cooper korm\u00e1nyz\u00f3 p\u00e9ntek esti sajt\u00f3t\u00e1j\u00e9koztat\u00f3j\u00e1n arra figyelmeztetett, hogy v\u00e1rhat\u00f3an k\u00e9t-k\u00e9t \u00e9s f\u00e9lmilli\u00f3nyi embernek nem lesz \u00e1ramszolg\u00e1ltat\u00e1sa. Az \u00e1llamban 150 mened\u00e9khelyet nyitottak, t\u00f6bb mint 20 ezer ember ezekben v\u00e1rja, hogy a vihar elvonuljon.<br \/>\n    A k\u00f6zint\u00e9zm\u00e9nyek, iskol\u00e1k, templomok z\u00e1rva tartanak, de nemcsak \u00c9szak-Karolin\u00e1ban, hanem a szomsz\u00e9dos D\u00e9l-Karolin\u00e1ban is.<br \/>\n    Sarah Huckabee Sanders, a  Feh\u00e9r H\u00e1z sz\u00f3viv\u0151je bejelentette, hogy Donald Trump eln\u00f6k a j\u00f6v\u0151 h\u00e9t elej\u00e9n vagy k\u00f6zep\u00e9n felkeresi a katasztr\u00f3fa s\u00fajtotta vid\u00e9ket. A Feh\u00e9r H\u00e1z k\u00f6zlem\u00e9nyben jelentette be, hogy a korm\u00e1nyzat felk\u00e9sz\u00fclt a seg\u00edts\u00e9gny\u00fajt\u00e1sra: t\u00f6bb mint 3800 sz\u00f6vets\u00e9gi alkalmazott, k\u00f6zt\u00fck a katasztr\u00f3fa-elh\u00e1r\u00edt\u00e1si \u00fcgyn\u00f6ks\u00e9g (Fema) ezer munkat\u00e1rsa a helysz\u00ednen seg\u00edt, az eg\u00e9szs\u00e9g\u00fcgyi miniszt\u00e9rium gy\u00f3gyszereket k\u00e9sz\u00edtett el\u0151, \u00e9s a t\u00e1rca 560 munkat\u00e1rsa \u00e1ll k\u00e9szenl\u00e9tben.(MTI)<\/p>\n","protected":false},"excerpt":{"rendered":"<p>Tr\u00f3pusi viharr\u00e1 szel\u00edd\u00fclt p\u00e9ntek \u00e9jszak\u00e1ra a Florence hurrik\u00e1n, de v\u00e1ltozatlanul vesz\u00e9lyes, t\u00f6bb hal\u00e1los \u00e1ldozatot k\u00f6vetelt.<\/p>\n","protected":false},"author":1,"featured_media":0,"comment_status":"closed","ping_status":"open","sticky":false,"template":"","format":"standard","meta":[],"categories":[13],"tags":[],"_links":{"self":[{"href":"https:\/\/gazdasagportal.hu\/index.php\/wp-json\/wp\/v2\/posts\/108897"}],"collection":[{"href":"https:\/\/gazdasagportal.hu\/index.php\/wp-json\/wp\/v2\/posts"}],"about":[{"href":"https:\/\/gazdasagportal.hu\/index.php\/wp-json\/wp\/v2\/types\/post"}],"author":[{"embeddable":true,"href":"https:\/\/gazdasagportal.hu\/index.php\/wp-json\/wp\/v2\/users\/1"}],"replies":[{"embeddable":true,"href":"https:\/\/gazdasagportal.hu\/index.php\/wp-json\/wp\/v2\/comments?post=108897"}],"version-history":[{"count":1,"href":"https:\/\/gazdasagportal.hu\/index.php\/wp-json\/wp\/v2\/posts\/108897\/revisions"}],"predecessor-version":[{"id":108898,"href":"https:\/\/gazdasagportal.hu\/index.php\/wp-json\/wp\/v2\/posts\/108897\/revisions\/108898"}],"wp:attachment":[{"href":"https:\/\/gazdasagportal.hu\/index.php\/wp-json\/wp\/v2\/media?parent=108897"}],"wp:term":[{"taxonomy":"category","embeddable":true,"href":"https:\/\/gazdasagportal.hu\/index.php\/wp-json\/wp\/v2\/categories?post=108897"},{"taxonomy":"post_tag","embeddable":true,"href":"https:\/\/gazdasagportal.hu\/index.php\/wp-json\/wp\/v2\/tags?post=108897"}],"curies":[{"name":"wp","href":"https:\/\/api.w.org\/{rel}","templated":true}]}}