{"id":108895,"date":"2018-09-15T15:11:36","date_gmt":"2018-09-15T13:11:36","guid":{"rendered":"http:\/\/gazdasagportal.hu\/?p=108895"},"modified":"2018-09-15T10:13:11","modified_gmt":"2018-09-15T08:13:11","slug":"hetvegen-kezdodik-az-europai-mobilitasi-het","status":"publish","type":"post","link":"https:\/\/gazdasagportal.hu\/index.php\/hetvegen-kezdodik-az-europai-mobilitasi-het\/","title":{"rendered":"H\u00e9tv\u00e9g\u00e9n kezd\u0151dik az Eur\u00f3pai Mobilit\u00e1si H\u00e9t"},"content":{"rendered":"<p><strong>Az id\u00e9n szeptember 16. \u00e9s 22. k\u00f6z\u00f6tt tizenhetedik alkalommal rendezik meg az Eur\u00f3pai Mobilit\u00e1si Hetet, amelynek c\u00e9lja a k\u00f6rnyezetbar\u00e1t \u00e9s fenntarthat\u00f3 v\u00e1rosi k\u00f6zleked\u00e9s n\u00e9pszer\u0171s\u00edt\u00e9se.<\/strong><!--more--><\/p>\n<div class=\"ads-in-post1\"><div id=\"gazdasagportal.hu_fullbanner_wideboard\"><\/div>\r\n<\/div>\n<p>    Az Eur\u00f3pai Mobilit\u00e1si H\u00e9t kamp\u00e1ny az Innov\u00e1ci\u00f3s \u00e9s Technol\u00f3giai Miniszt\u00e9rium kiemelt projektjei k\u00f6z\u00e9 tartozik, f\u0151v\u00e9dn\u00f6ke Palkovics L\u00e1szl\u00f3 innov\u00e1ci\u00f3s \u00e9s technol\u00f3giai miniszter.<br \/>\n    Az id\u00e9n az Eur\u00f3pai Mobilit\u00e1si H\u00e9t a multimodalit\u00e1sra, a k\u00fcl\u00f6nb\u00f6z\u0151 utaz\u00e1sokhoz v\u00e1lasztott v\u00e1ltozatos k\u00f6zleked\u00e9si m\u00f3dok bemutat\u00e1s\u00e1ra \u00f6sszpontos\u00edt.<br \/>\n    Magyarorsz\u00e1gon Eur\u00f3pa legnagyobb k\u00f6zleked\u00e9si-k\u00f6rnyezetv\u00e9delmi kamp\u00e1nya \u00e9vr\u0151l \u00e9vre b\u0151v\u00fcl, 2018-ban rekordsz\u00e1m\u00fa, t\u00f6bb mint 260 hazai telep\u00fcl\u00e9s csatlakozott a kamp\u00e1nyhoz, ezzel jelent\u0151sen siker\u00fclt fel\u00fclm\u00falni a 2016-os cs\u00facs\u00e9rt\u00e9ket, amikor 214 \u00f6nkorm\u00e1nyzat szervezett programokat.<br \/>\n    Az id\u00e9n a szakt\u00e1rca a kor\u00e1bbiakn\u00e1l nagyobb keret\u00f6sszeget, 140 milli\u00f3s vissza nem t\u00e9r\u00edtend\u0151 t\u00e1mogat\u00e1st, a tavalyi keret\u00f6sszeg k\u00e9tszeres\u00e9t ford\u00edtja a helyi programszervez\u0151k munk\u00e1j\u00e1nak t\u00e1mogat\u00e1s\u00e1ra.<br \/>\n<div class=\"ads-in-post2\"><script async src=\"https:\/\/pagead2.googlesyndication.com\/pagead\/js\/adsbygoogle.js\"><\/script>\r\n<ins class=\"adsbygoogle\"\r\n     style=\"display:block\"\r\n     data-ad-format=\"fluid\"\r\n     data-ad-layout-key=\"-6t+ed+2i-1n-4w\"\r\n     data-ad-client=\"ca-pub-1959107119989764\"\r\n     data-ad-slot=\"4008251320\"><\/ins>\r\n<script>\r\n     (adsbygoogle = window.adsbygoogle || []).push({});\r\n<\/script><\/div>\n    Budapesten a Budapesti K\u00f6zleked\u00e9si K\u00f6zpont (BKK) Zrt. \u00e9s a f\u0151v\u00e1ros az Eur\u00f3pai Mobilit\u00e1si H\u00e9thez kapcsol\u00f3d\u00f3an csal\u00e1di h\u00e9tv\u00e9g\u00e9t rendez 2018. szeptember 15-16-\u00e1n az Andr\u00e1ssy \u00faton, ahol programokkal \u00e9s ingyenes koncertekkel v\u00e1rj\u00e1k az \u00e9rdekl\u0151d\u0151ket.<br \/>\n    A M\u00c1V azt k\u00f6z\u00f6lte, hogy az Eur\u00f3pai Mobilit\u00e1si H\u00e9ten a ker\u00e9kp\u00e1rosokat d\u00edjmentes sz\u00e1ll\u00edt\u00e1si akci\u00f3val, a forgalmi enged\u00e9llyel rendelkez\u0151ket pedig szeptember 22-\u00e9n, az Aut\u00f3mentes Napon ingyenes utaz\u00e1si lehet\u0151s\u00e9ggel v\u00e1rja a M\u00c1V-Start.<br \/>\n    A Magyar Ker\u00e9kp\u00e1rosklub szeptember 20-\u00e1n Bring\u00e1s reggeli programot szervez orsz\u00e1gszerte 40 helysz\u00ednen.(MTI)<\/p>\n","protected":false},"excerpt":{"rendered":"<p>Az id\u00e9n szeptember 16. \u00e9s 22. k\u00f6z\u00f6tt tizenhetedik alkalommal rendezik meg az Eur\u00f3pai Mobilit\u00e1si Hetet, amelynek c\u00e9lja a k\u00f6rnyezetbar\u00e1t \u00e9s fenntarthat\u00f3 v\u00e1rosi k\u00f6zleked\u00e9s n\u00e9pszer\u0171s\u00edt\u00e9se.<\/p>\n","protected":false},"author":1,"featured_media":0,"comment_status":"closed","ping_status":"open","sticky":false,"template":"","format":"standard","meta":[],"categories":[4,19],"tags":[],"_links":{"self":[{"href":"https:\/\/gazdasagportal.hu\/index.php\/wp-json\/wp\/v2\/posts\/108895"}],"collection":[{"href":"https:\/\/gazdasagportal.hu\/index.php\/wp-json\/wp\/v2\/posts"}],"about":[{"href":"https:\/\/gazdasagportal.hu\/index.php\/wp-json\/wp\/v2\/types\/post"}],"author":[{"embeddable":true,"href":"https:\/\/gazdasagportal.hu\/index.php\/wp-json\/wp\/v2\/users\/1"}],"replies":[{"embeddable":true,"href":"https:\/\/gazdasagportal.hu\/index.php\/wp-json\/wp\/v2\/comments?post=108895"}],"version-history":[{"count":1,"href":"https:\/\/gazdasagportal.hu\/index.php\/wp-json\/wp\/v2\/posts\/108895\/revisions"}],"predecessor-version":[{"id":108896,"href":"https:\/\/gazdasagportal.hu\/index.php\/wp-json\/wp\/v2\/posts\/108895\/revisions\/108896"}],"wp:attachment":[{"href":"https:\/\/gazdasagportal.hu\/index.php\/wp-json\/wp\/v2\/media?parent=108895"}],"wp:term":[{"taxonomy":"category","embeddable":true,"href":"https:\/\/gazdasagportal.hu\/index.php\/wp-json\/wp\/v2\/categories?post=108895"},{"taxonomy":"post_tag","embeddable":true,"href":"https:\/\/gazdasagportal.hu\/index.php\/wp-json\/wp\/v2\/tags?post=108895"}],"curies":[{"name":"wp","href":"https:\/\/api.w.org\/{rel}","templated":true}]}}