{"id":108878,"date":"2018-09-14T13:38:11","date_gmt":"2018-09-14T11:38:11","guid":{"rendered":"http:\/\/gazdasagportal.hu\/?p=108878"},"modified":"2018-09-14T13:38:11","modified_gmt":"2018-09-14T11:38:11","slug":"uj-szolgaltato-kozpontot-nyitott-a-ford-magyarorszagon","status":"publish","type":"post","link":"https:\/\/gazdasagportal.hu\/index.php\/uj-szolgaltato-kozpontot-nyitott-a-ford-magyarorszagon\/","title":{"rendered":"\u00daj szolg\u00e1ltat\u00f3 k\u00f6zpontot nyitott a Ford Magyarorsz\u00e1gon"},"content":{"rendered":"<p><strong>\u00daj region\u00e1lis szolg\u00e1ltat\u00f3 k\u00f6zpontot nyitott az amerikai Ford p\u00e9nteken Budapesten. Szijj\u00e1rt\u00f3 P\u00e9ter k\u00fclgazdas\u00e1gi \u00e9s k\u00fcl\u00fcgyminiszter a megnyit\u00f3n hangs\u00falyozta, hogy az \u00faj centrummal a Ford legnagyobb eur\u00f3pai adminisztrat\u00edv k\u00f6zpontja Magyarorsz\u00e1gon j\u00f6n l\u00e9tre.<\/strong><!--more--><\/p>\n<div class=\"ads-in-post1\"><div id=\"gazdasagportal.hu_fullbanner_wideboard\"><\/div>\r\n<\/div>\n<p>    T\u00f6bb, Eur\u00f3pa \u00f6sszes piac\u00e1t kiszolg\u00e1l\u00f3 \u00e1raz\u00e1si \u00e9s gy\u00e1rt\u00e1stervez\u00e9si funkci\u00f3 mellett innen l\u00e1tj\u00e1k majd el az aut\u00f3ipari v\u00e1llalat eur\u00f3pai, k\u00f6zel-keleti \u00e9s afrikai orsz\u00e1gainak HR-feladatait.<br \/>\n    Szijj\u00e1rt\u00f3 P\u00e9ter megjegyezte, hogy a hazai aut\u00f3ipari paletta teljess\u00e9 v\u00e1lik, azzal, hogy a termel\u00e9s, illetve a kutat\u00e1s-fejleszt\u00e9s mellett egy nagy vil\u00e1gm\u00e1rka Magyarorsz\u00e1gra hozta a termel\u00e9st t\u00e1mogat\u00f3 adminisztrat\u00edv, p\u00e9nz\u00fcgyi funkci\u00f3inak k\u00f6zpontj\u00e1t.<br \/>\n    A miniszter kiemelte: j\u00f6v\u0151 \u00e9v v\u00e9g\u00e9re a Ford 700 munkat\u00e1rsat foglalkoztat majd Magyarorsz\u00e1gon, d\u00f6nt\u0151en diplom\u00e1s, nyelveket besz\u00e9l\u0151 fiatal szakembereket.<br \/>\n    Szijj\u00e1rt\u00f3 P\u00e9ter hangs\u00falyozta, Magyarorsz\u00e1g \u00e9s a Ford egy\u00fcttm\u0171k\u00f6d\u00e9se fontos m\u00e9rf\u00f6ldk\u0151h\u00f6z \u00e9rkezett, amelyet \u00fajabbak is k\u00f6vetnek majd.<br \/>\n    A miniszter \u00fagy fogalmazott: a vil\u00e1ggazdas\u00e1gi versenyben az aut\u00f3ipar dikt\u00e1lja a temp\u00f3t, ez Magyarorsz\u00e1gnak az\u00e9rt j\u00f3 h\u00edr, mert az aut\u00f3ipar jelenti a magyar gazdas\u00e1g gerinc\u00e9t.<br \/>\n<div class=\"ads-in-post2\"><script async src=\"https:\/\/pagead2.googlesyndication.com\/pagead\/js\/adsbygoogle.js\"><\/script>\r\n<ins class=\"adsbygoogle\"\r\n     style=\"display:block\"\r\n     data-ad-format=\"fluid\"\r\n     data-ad-layout-key=\"-6t+ed+2i-1n-4w\"\r\n     data-ad-client=\"ca-pub-1959107119989764\"\r\n     data-ad-slot=\"4008251320\"><\/ins>\r\n<script>\r\n     (adsbygoogle = window.adsbygoogle || []).push({});\r\n<\/script><\/div>\n    Ismertette, hogy az els\u0151 f\u00e9l \u00e9vben 8 sz\u00e1zal\u00e9kkal n\u0151tt az aut\u00f3ipar termel\u00e9si \u00e9rt\u00e9ke a tavalyi rekord\u00e9vhez k\u00e9pest. Felid\u00e9zte, tavaly fordult el\u0151 el\u0151sz\u00f6r a magyar nemzetgazdas\u00e1g t\u00f6rt\u00e9net\u00e9ben, hogy 8000 milli\u00e1rd forint f\u00f6l\u00f6tt volt az aut\u00f3ipar termel\u00e9si \u00e9rt\u00e9ke. Id\u00e9n az els\u0151 hat h\u00f3nap ut\u00e1n m\u00e1r 4500 milli\u00e1rd forint f\u00f6l\u00f6tt j\u00e1r ez az \u00e9rt\u00e9k, j\u00f3 es\u00e9ly van arra, hogy a magyar aut\u00f3ipar az \u00e9v v\u00e9g\u00e9n is a valaha m\u00e9rt legjobb teljes\u00edtm\u00e9ny\u00e9t ny\u00fajtsa &#8211; tette hozz\u00e1.<br \/>\n    A k\u00fclgazdas\u00e1gi miniszter kit\u00e9rt arra, a hazai aut\u00f3ipar versenyk\u00e9pess\u00e9g\u00e9t mutatja nemzetk\u00f6zi \u00f6sszehasonl\u00edt\u00e1sban, hogy a Magyarorsz\u00e1gon el\u0151\u00e1ll\u00edtott aut\u00f3ipari term\u00e9kekn\u00e9l \u00e9s szolg\u00e1ltat\u00e1sokn\u00e1l 90,9 sz\u00e1zal\u00e9kos az export ar\u00e1nya, \u00e9s m\u00e1r 167 ezren dolgoznak ebben az ipar\u00e1gban.<br \/>\n    Felid\u00e9zte azt is: id\u00e9n ny\u00e1ron a Mercedes elkezdte \u00e9p\u00edteni m\u00e1sodik gy\u00e1r\u00e1t Kecskem\u00e9ten, az Audi gy\u00e1rtani kezdte az elektromos motorokat Gy\u0151rben, a BMW bejelentette, hogy Magyarorsz\u00e1gon \u00e9p\u00edti fel \u00faj gy\u00e1r\u00e1t, a Peugeot-val pedig meg\u00e1llapodtak, hogy a szentgotth\u00e1rdi gy\u00e1rba hozz\u00e1k k\u00e9t \u00faj modellj\u00fck motorjainak gy\u00e1rt\u00e1s\u00e1t.<br \/>\n    A k\u00fclgazdas\u00e1gi miniszter kiemelte, hogy a szolg\u00e1ltat\u00f3 k\u00f6zpontok ipar\u00e1ga Magyarorsz\u00e1gon az egyik legfejlettebb gazdas\u00e1gi \u00e1gazat. M\u00e1r 110 szolg\u00e1ltat\u00f3 k\u00f6zpont m\u0171k\u00f6dik az orsz\u00e1gban, 46 ezer magyar embernek adnak munk\u00e1t, \u00e9s f\u0151k\u00e9nt fiatal, t\u00f6bb nyelvet besz\u00e9l\u0151, t\u00f6bb diplom\u00e1s szakembereket foglalkoztatnak.<br \/>\n    A szolg\u00e1ltat\u00f3 k\u00f6zpontok egyre t\u00f6bb magasan k\u00e9pzett magyar fiatalnak k\u00edn\u00e1lnak olyan munkalehet\u0151s\u00e9get, hogy nem \u00e9rdemes a k\u00fclf\u00f6ldre t\u00e1voz\u00e1s gondolat\u00e1val foglalkozni &#8211; fogalmazott Szijj\u00e1rt\u00f3 P\u00e9ter.<br \/>\n    Kit\u00e9rt arra is: az amerikai befektet\u0151k Magyarorsz\u00e1g ir\u00e1nti bizalm\u00e1t mutatja, hogy a n\u00e9metek ut\u00e1n a m\u00e1sodik legnagyobb befektet\u0151i k\u00f6z\u00f6ss\u00e9get alkotj\u00e1k, mintegy 1700 amerikai v\u00e1llalat t\u00f6bb mint 100 ezer embernek ad munk\u00e1t Magyarorsz\u00e1gon.<br \/>\n    Az Eur\u00f3pai Uni\u00f3n k\u00edv\u00fcl Magyarorsz\u00e1g legf\u0151bb exportpiaca az Amerikai Egyes\u00fclt \u00c1llamok, az els\u0151 f\u00e9l \u00e9vben 5 sz\u00e1zal\u00e9kos b\u0151v\u00fcl\u00e9ssel csaknem el\u00e9rte a 3 milli\u00e1rd doll\u00e1rt a k\u00e9toldal\u00fa kereskedelmi forgalom &#8211; ismertette a miniszter.<br \/>\n    Moln\u00e1r Viktor, a Ford region\u00e1lis igazgat\u00f3ja elmondta: az \u00faj irod\u00e1val a Ford Magyarorsz\u00e1gon m\u00e1r h\u00e1rom helysz\u00ednen van jelen, \u00e9s 99 sz\u00e1zal\u00e9kban magyar munkaer\u0151t foglalkoztat. Az elm\u00falt \u00f6t \u00e9vben a Ford egyre t\u00f6bb eur\u00f3pai \u00e9s glob\u00e1lis funkci\u00f3t hozott Magyarorsz\u00e1gra. A magyar k\u00f6zpontba ker\u00fcltek, illetve ker\u00fclnek \u00e1t egyebek mellett a v\u00e1llalat eur\u00f3pai p\u00e9nz\u00fcgyi, \u00e1raz\u00e1si, gy\u00e1rt\u00e1stervez\u00e9si, term\u00e9kmanagement, marketing \u00e9s kontrolling feladatai, valamint t\u00f6bb glob\u00e1lis, a vil\u00e1g 41 piac\u00e1t kiszolg\u00e1l\u00f3 feladatk\u00f6r is.<br \/>\n    Kit\u00e9rt arra is, hogy az \u00faj region\u00e1lis HR iroda l\u00e9trehoz\u00e1sa r\u00e9sze annak az \u00e1tszervez\u00e9si folyamatnak, amelynek keret\u00e9ben vil\u00e1gszerte h\u00e1rom k\u00f6zpontban centraliz\u00e1l\u00f3dik a Ford teljes HR adminisztr\u00e1ci\u00f3ja, ezek egyike a budapesti.<br \/>\n    A v\u00e1llalat magyarorsz\u00e1gi munkav\u00e1llal\u00f3inak sz\u00e1ma az elm\u00falt \u00f6t \u00e9vben megh\u00e1romszoroz\u00f3dott, az \u00faj szolg\u00e1ltat\u00f3 k\u00f6zpont munkat\u00e1rsaival egy\u00fctt meghaladja az 500-at. Az \u00e9v v\u00e9g\u00e9ig v\u00e1rhat\u00f3an csaknem 600-ra, majd a j\u00f6v\u0151 \u00e9vben tov\u00e1bb n\u0151 a l\u00e9tsz\u00e1m &#8211; ismertette.<br \/>\n    A region\u00e1lis igazgat\u00f3 elmondta azt is: a Ford folyamatosan b\u0151v\u00fcl\u0151, mintegy 40 v\u00e1llalatb\u00f3l \u00e1ll\u00f3 magyarorsz\u00e1gi besz\u00e1ll\u00edt\u00f3i h\u00e1l\u00f3zattal rendelkezik. A c\u00e9g eur\u00f3pai \u00fczemeibe alkatr\u00e9szeket gy\u00e1rt\u00f3 besz\u00e1ll\u00edt\u00f3i k\u00f6r tavaly 580 milli\u00e1rd forint forgalmat bonyol\u00edtott le, \u00e9s a Ford megrendel\u00e9seinek k\u00f6sz\u00f6nhet\u0151en a magyar GDP 1,7 sz\u00e1zal\u00e9k\u00e1t \u00e1ll\u00edtotta el\u0151. A Ford magyarorsz\u00e1gi besz\u00e1ll\u00edt\u00f3i t\u00f6bb mint 69 ezer embernek adnak munk\u00e1t.<br \/>\n(MTI)<\/p>\n","protected":false},"excerpt":{"rendered":"<p>\u00daj region\u00e1lis szolg\u00e1ltat\u00f3 k\u00f6zpontot nyitott az amerikai Ford p\u00e9nteken Budapesten. Szijj\u00e1rt\u00f3 P\u00e9ter k\u00fclgazdas\u00e1gi \u00e9s k\u00fcl\u00fcgyminiszter a megnyit\u00f3n hangs\u00falyozta, hogy az \u00faj centrummal a Ford legnagyobb eur\u00f3pai adminisztrat\u00edv k\u00f6zpontja Magyarorsz\u00e1gon j\u00f6n l\u00e9tre.<\/p>\n","protected":false},"author":1,"featured_media":0,"comment_status":"closed","ping_status":"open","sticky":false,"template":"","format":"standard","meta":[],"categories":[4,19],"tags":[],"_links":{"self":[{"href":"https:\/\/gazdasagportal.hu\/index.php\/wp-json\/wp\/v2\/posts\/108878"}],"collection":[{"href":"https:\/\/gazdasagportal.hu\/index.php\/wp-json\/wp\/v2\/posts"}],"about":[{"href":"https:\/\/gazdasagportal.hu\/index.php\/wp-json\/wp\/v2\/types\/post"}],"author":[{"embeddable":true,"href":"https:\/\/gazdasagportal.hu\/index.php\/wp-json\/wp\/v2\/users\/1"}],"replies":[{"embeddable":true,"href":"https:\/\/gazdasagportal.hu\/index.php\/wp-json\/wp\/v2\/comments?post=108878"}],"version-history":[{"count":1,"href":"https:\/\/gazdasagportal.hu\/index.php\/wp-json\/wp\/v2\/posts\/108878\/revisions"}],"predecessor-version":[{"id":108879,"href":"https:\/\/gazdasagportal.hu\/index.php\/wp-json\/wp\/v2\/posts\/108878\/revisions\/108879"}],"wp:attachment":[{"href":"https:\/\/gazdasagportal.hu\/index.php\/wp-json\/wp\/v2\/media?parent=108878"}],"wp:term":[{"taxonomy":"category","embeddable":true,"href":"https:\/\/gazdasagportal.hu\/index.php\/wp-json\/wp\/v2\/categories?post=108878"},{"taxonomy":"post_tag","embeddable":true,"href":"https:\/\/gazdasagportal.hu\/index.php\/wp-json\/wp\/v2\/tags?post=108878"}],"curies":[{"name":"wp","href":"https:\/\/api.w.org\/{rel}","templated":true}]}}